{"id":36387,"date":"2026-07-15T09:04:00","date_gmt":"2026-07-15T07:04:00","guid":{"rendered":"https:\/\/euapp01.newsmemory.com\/lamarseillaise\/news\/?p=36387"},"modified":"2026-07-21T07:35:39","modified_gmt":"2026-07-21T05:35:39","slug":"a-nimes-lespelido-face-a-un-contexte-budgetaire-tendu","status":"publish","type":"post","link":"https:\/\/euapp01.newsmemory.com\/lamarseillaise\/news\/2026\/07\/15\/a-nimes-lespelido-face-a-un-contexte-budgetaire-tendu\/","title":{"rendered":"\u00c0 N\u00eemes, L\u2019Espelido face \u00e0 un contexte budg\u00e9taire tendu"},"content":{"rendered":"<div class=\"paragraph\">\n<p>Depuis sa cr\u00e9ation, L\u2019Espelido accueille, h\u00e9berge et accompagne des personnes confront\u00e9es \u00e0 des difficult\u00e9s sociales, \u00e9conomiques ou psychologiques. L\u2019association \u0153uvre aussi pour l\u2019insertion, l\u2019acc\u00e8s aux droits et la lutte contre toutes les formes d\u2019exclusion.<\/p>\n<\/p><\/div>\n<div class=\"intext\"> Des moyens qui ne suivent plus les besoins\n              <\/div>\n<div class=\"paragraph\">\n<p>Comme d\u2019autres acteurs du secteur, l\u2019association subit les effets des restrictions budg\u00e9taires qui touchent le monde associatif. Sa direction a d\u00e9j\u00e0 expliqu\u00e9 il y a plusieurs mois ses difficult\u00e9s et indiqu\u00e9 disposer que de \u00ab\u00a0<i>38<\/i><i>\u00a0<\/i><i>euros par salari\u00e9 et par jour pour couvrir l\u2019ensemble des d\u00e9penses de fonctionnement<\/i><i>\u00a0<\/i><i>\u00bb<\/i>, une enveloppe jug\u00e9e insuffisante face \u00e0 l\u2019inflation et \u00e0 l\u2019augmentation des besoins. Cette situation fragilise la capacit\u00e9 des \u00e9quipes \u00e0 assurer leurs missions aupr\u00e8s des publics les plus vuln\u00e9rables, alors m\u00eame que les demandes d\u2019accompagnement continuent de progresser.<\/p>\n<p>Pr\u00e9sentes au plus pr\u00e8s du terrain, ces associations constituent souvent le premier recours pour des personnes en grande pr\u00e9carit\u00e9. En assurant un accompagnement quotidien vers l\u2019h\u00e9bergement, les droits, l\u2019emploi ou les soins, elles jouent un r\u00f4le essentiel de pr\u00e9vention et de coh\u00e9sion sociale. Leur fragilisation risque ainsi de se r\u00e9percuter directement sur les publics les plus vuln\u00e9rables, dans un contexte o\u00f9 les besoins ne cessent d\u2019augmenter.<\/p>\n<\/p><\/div>\n<div class=\"paragraph\">\n<p><b>L\u2019APS 34 est aussi sous tension<\/b><\/p>\n<p>L\u2019association de pr\u00e9vention sp\u00e9cialis\u00e9e (APS) de l\u2019H\u00e9rault -structure qui apporte du soutien aux familles et aux jeunes, restaure le lien social, lutte contre la d\u00e9linquance etc. &#8211; d\u00e9pends \u00e9galement des enveloppes allou\u00e9es par le D\u00e9partement. Le contexte budg\u00e9taire mena\u00e7ant laisse l\u2019association sous tension.<\/p>\n<\/p><\/div>\n","protected":false},"excerpt":{"rendered":"Depuis sa cr&eacute;ation, L&rsquo;Espelido accueille, h&eacute;berge et accompagne des personnes confront&eacute;es &agrave; des difficult&eacute;s sociales, &eacute;conomiques ou psychologiques. L&rsquo;association &oelig;uvre aussi pour &#8230;","protected":false},"author":1,"featured_media":36388,"comment_status":"open","ping_status":"open","sticky":false,"template":"","format":"standard","meta":{"footnotes":""},"categories":[3926,3925,20],"tags":[1383,3147,238,2721,241,284,271,1544],"news-destination":[3944],"news-source":[475],"is_homepage":[],"ta_other":[],"class_list":["post-36387","post","type-post","status-publish","format-standard","has-post-thumbnail","hentry","category-accueil-merge","category-accueil-third","category-societe","tag-aide-sociale","tag-entraide","tag-gard","tag-hebergement","tag-nimes","tag-occitanie","tag-precarite","tag-urgences","news-destination-homepage","news-source-website"],"_links":{"self":[{"href":"https:\/\/euapp01.newsmemory.com\/lamarseillaise\/news\/wp-json\/wp\/v2\/posts\/36387","targetHints":{"allow":["GET"]}}],"collection":[{"href":"https:\/\/euapp01.newsmemory.com\/lamarseillaise\/news\/wp-json\/wp\/v2\/posts"}],"about":[{"href":"https:\/\/euapp01.newsmemory.com\/lamarseillaise\/news\/wp-json\/wp\/v2\/types\/post"}],"author":[{"embeddable":true,"href":"https:\/\/euapp01.newsmemory.com\/lamarseillaise\/news\/wp-json\/wp\/v2\/users\/1"}],"replies":[{"embeddable":true,"href":"https:\/\/euapp01.newsmemory.com\/lamarseillaise\/news\/wp-json\/wp\/v2\/comments?post=36387"}],"version-history":[{"count":1,"href":"https:\/\/euapp01.newsmemory.com\/lamarseillaise\/news\/wp-json\/wp\/v2\/posts\/36387\/revisions"}],"predecessor-version":[{"id":36389,"href":"https:\/\/euapp01.newsmemory.com\/lamarseillaise\/news\/wp-json\/wp\/v2\/posts\/36387\/revisions\/36389"}],"wp:featuredmedia":[{"embeddable":true,"href":"https:\/\/euapp01.newsmemory.com\/lamarseillaise\/news\/wp-json\/wp\/v2\/media\/36388"}],"wp:attachment":[{"href":"https:\/\/euapp01.newsmemory.com\/lamarseillaise\/news\/wp-json\/wp\/v2\/media?parent=36387"}],"wp:term":[{"taxonomy":"category","embeddable":true,"href":"https:\/\/euapp01.newsmemory.com\/lamarseillaise\/news\/wp-json\/wp\/v2\/categories?post=36387"},{"taxonomy":"post_tag","embeddable":true,"href":"https:\/\/euapp01.newsmemory.com\/lamarseillaise\/news\/wp-json\/wp\/v2\/tags?post=36387"},{"taxonomy":"news-destination","embeddable":true,"href":"https:\/\/euapp01.newsmemory.com\/lamarseillaise\/news\/wp-json\/wp\/v2\/news-destination?post=36387"},{"taxonomy":"news-source","embeddable":true,"href":"https:\/\/euapp01.newsmemory.com\/lamarseillaise\/news\/wp-json\/wp\/v2\/news-source?post=36387"},{"taxonomy":"is_homepage","embeddable":true,"href":"https:\/\/euapp01.newsmemory.com\/lamarseillaise\/news\/wp-json\/wp\/v2\/is_homepage?post=36387"},{"taxonomy":"ta_other","embeddable":true,"href":"https:\/\/euapp01.newsmemory.com\/lamarseillaise\/news\/wp-json\/wp\/v2\/ta_other?post=36387"}],"curies":[{"name":"wp","href":"https:\/\/api.w.org\/{rel}","templated":true}]}}