{"id":36378,"date":"2026-07-15T08:06:00","date_gmt":"2026-07-15T06:06:00","guid":{"rendered":"https:\/\/euapp01.newsmemory.com\/lamarseillaise\/news\/?p=36378"},"modified":"2026-07-15T10:04:23","modified_gmt":"2026-07-15T08:04:23","slug":"lanse-mejean-rouvre-au-public-apres-des-travaux-de-securisation","status":"publish","type":"post","link":"https:\/\/euapp01.newsmemory.com\/lamarseillaise\/news\/2026\/07\/15\/lanse-mejean-rouvre-au-public-apres-des-travaux-de-securisation\/","title":{"rendered":"L\u2019anse M\u00e9jean rouvre au public apr\u00e8s des travaux de s\u00e9curisation"},"content":{"rendered":"<div class=\"paragraph\">\n<p>\u00c0 la suite d\u2019\u00e9pisodes m\u00e9t\u00e9orologiques survenus \u00e0 l\u2019automne 2025, qui avaient provoqu\u00e9 des glissements de terrain, des travaux de s\u00e9curisation de la falaise et du quai avaient \u00e9t\u00e9 engag\u00e9s par la Ville de Toulon et la M\u00e9tropole Toulon Provence M\u00e9diterran\u00e9e. Les travaux \u00e9tant d\u00e9sormais achev\u00e9s, l\u2019anse peut \u00e0 nouveau accueillir les usagers dans des conditions de s\u00e9curit\u00e9 optimales.<\/p>\n<\/p><\/div>\n","protected":false},"excerpt":{"rendered":"&Agrave; la suite d&rsquo;&eacute;pisodes m&eacute;t&eacute;orologiques survenus &agrave; l&rsquo;automne 2025, qui avaient provoqu&eacute; des glissements de terrain, des travaux de s&eacute;curisation de la falaise et du quai avaient &#8230;","protected":false},"author":1,"featured_media":36379,"comment_status":"open","ping_status":"open","sticky":false,"template":"","format":"standard","meta":{"footnotes":""},"categories":[20],"tags":[109,111,597,4285,166,31,720],"news-destination":[],"news-source":[475],"is_homepage":[],"ta_other":[],"class_list":["post-36378","post","type-post","status-publish","format-standard","has-post-thumbnail","hentry","category-societe","tag-littoral","tag-securite","tag-toulon","tag-toulon-provence-metropole","tag-travaux","tag-var","tag-ville","news-source-website"],"_links":{"self":[{"href":"https:\/\/euapp01.newsmemory.com\/lamarseillaise\/news\/wp-json\/wp\/v2\/posts\/36378","targetHints":{"allow":["GET"]}}],"collection":[{"href":"https:\/\/euapp01.newsmemory.com\/lamarseillaise\/news\/wp-json\/wp\/v2\/posts"}],"about":[{"href":"https:\/\/euapp01.newsmemory.com\/lamarseillaise\/news\/wp-json\/wp\/v2\/types\/post"}],"author":[{"embeddable":true,"href":"https:\/\/euapp01.newsmemory.com\/lamarseillaise\/news\/wp-json\/wp\/v2\/users\/1"}],"replies":[{"embeddable":true,"href":"https:\/\/euapp01.newsmemory.com\/lamarseillaise\/news\/wp-json\/wp\/v2\/comments?post=36378"}],"version-history":[{"count":1,"href":"https:\/\/euapp01.newsmemory.com\/lamarseillaise\/news\/wp-json\/wp\/v2\/posts\/36378\/revisions"}],"predecessor-version":[{"id":36380,"href":"https:\/\/euapp01.newsmemory.com\/lamarseillaise\/news\/wp-json\/wp\/v2\/posts\/36378\/revisions\/36380"}],"wp:featuredmedia":[{"embeddable":true,"href":"https:\/\/euapp01.newsmemory.com\/lamarseillaise\/news\/wp-json\/wp\/v2\/media\/36379"}],"wp:attachment":[{"href":"https:\/\/euapp01.newsmemory.com\/lamarseillaise\/news\/wp-json\/wp\/v2\/media?parent=36378"}],"wp:term":[{"taxonomy":"category","embeddable":true,"href":"https:\/\/euapp01.newsmemory.com\/lamarseillaise\/news\/wp-json\/wp\/v2\/categories?post=36378"},{"taxonomy":"post_tag","embeddable":true,"href":"https:\/\/euapp01.newsmemory.com\/lamarseillaise\/news\/wp-json\/wp\/v2\/tags?post=36378"},{"taxonomy":"news-destination","embeddable":true,"href":"https:\/\/euapp01.newsmemory.com\/lamarseillaise\/news\/wp-json\/wp\/v2\/news-destination?post=36378"},{"taxonomy":"news-source","embeddable":true,"href":"https:\/\/euapp01.newsmemory.com\/lamarseillaise\/news\/wp-json\/wp\/v2\/news-source?post=36378"},{"taxonomy":"is_homepage","embeddable":true,"href":"https:\/\/euapp01.newsmemory.com\/lamarseillaise\/news\/wp-json\/wp\/v2\/is_homepage?post=36378"},{"taxonomy":"ta_other","embeddable":true,"href":"https:\/\/euapp01.newsmemory.com\/lamarseillaise\/news\/wp-json\/wp\/v2\/ta_other?post=36378"}],"curies":[{"name":"wp","href":"https:\/\/api.w.org\/{rel}","templated":true}]}}