{"id":36375,"date":"2026-07-15T08:07:00","date_gmt":"2026-07-15T06:07:00","guid":{"rendered":"https:\/\/euapp01.newsmemory.com\/lamarseillaise\/news\/?p=36375"},"modified":"2026-07-15T10:04:23","modified_gmt":"2026-07-15T08:04:23","slug":"le-jardin-des-thermes-inaugure-a-aix","status":"publish","type":"post","link":"https:\/\/euapp01.newsmemory.com\/lamarseillaise\/news\/2026\/07\/15\/le-jardin-des-thermes-inaugure-a-aix\/","title":{"rendered":"Le Jardin des Thermes inaugur\u00e9 \u00e0 Aix"},"content":{"rendered":"<div class=\"paragraph\">\n<p>Le haut b\u00e9tonn\u00e9 du cours Sextius n\u2019est plus. D\u00e9sormais, depuis le parvis des Thermes, s\u2019\u00e9tendent 2\u00a0700\u00a0m\u00b2 de pav\u00e9s entour\u00e9s d\u2019espaces v\u00e9g\u00e9talis\u00e9s. Au sol et le long d\u2019une vaste all\u00e9e, des rigoles d\u2019eau s\u2019\u00e9coulent depuis les fontaines, enti\u00e8rement r\u00e9nov\u00e9es au printemps dernier.<\/p>\n<p>D\u00e9j\u00e0, en cette p\u00e9riode de fortes chaleurs, les lieux sont investis par les touristes venus chercher un peu de fra\u00eecheur. Ce nouveau Jardin des Thermes a \u00e9t\u00e9 inaugur\u00e9 vendredi 10\u00a0juillet par les repr\u00e9sentants de la Ville, dont la maire, Sophie Joissains.<\/p>\n<p>Cette r\u00e9novation du haut du cours Sextius ne constitue toutefois qu\u2019une premi\u00e8re \u00e9tape d\u2019un long chantier de requalification de cette art\u00e8re historique de la ville. \u00c0 terme, l\u2019ensemble du quartier devrait \u00eatre transform\u00e9 d\u2019ici 2030-2031.<\/p>\n<p>Les am\u00e9nagements de la partie basse du cours constituent d\u00e9sormais la prochaine phase du projet, dont l\u2019ach\u00e8vement est pr\u00e9vu dans les ann\u00e9es \u00e0 venir.<\/p>\n<\/p><\/div>\n","protected":false},"excerpt":{"rendered":"Le haut b&eacute;tonn&eacute; du cours Sextius n&rsquo;est plus. D&eacute;sormais, depuis le parvis des Thermes, s&rsquo;&eacute;tendent 2&nbsp;700&nbsp;m&sup2; de pav&eacute;s entour&eacute;s d&rsquo;espaces v&eacute;g&eacute;talis&eacute;s. Au sol &#8230;","protected":false},"author":1,"featured_media":36376,"comment_status":"open","ping_status":"open","sticky":false,"template":"","format":"standard","meta":{"footnotes":""},"categories":[20],"tags":[556,10,309,402,166,1547],"news-destination":[],"news-source":[475],"is_homepage":[],"ta_other":[],"class_list":["post-36375","post","type-post","status-publish","format-standard","has-post-thumbnail","hentry","category-societe","tag-aix-en-provence","tag-bouches-du-rhone","tag-eau","tag-inauguration","tag-travaux","tag-vegetalisation","news-source-website"],"_links":{"self":[{"href":"https:\/\/euapp01.newsmemory.com\/lamarseillaise\/news\/wp-json\/wp\/v2\/posts\/36375","targetHints":{"allow":["GET"]}}],"collection":[{"href":"https:\/\/euapp01.newsmemory.com\/lamarseillaise\/news\/wp-json\/wp\/v2\/posts"}],"about":[{"href":"https:\/\/euapp01.newsmemory.com\/lamarseillaise\/news\/wp-json\/wp\/v2\/types\/post"}],"author":[{"embeddable":true,"href":"https:\/\/euapp01.newsmemory.com\/lamarseillaise\/news\/wp-json\/wp\/v2\/users\/1"}],"replies":[{"embeddable":true,"href":"https:\/\/euapp01.newsmemory.com\/lamarseillaise\/news\/wp-json\/wp\/v2\/comments?post=36375"}],"version-history":[{"count":1,"href":"https:\/\/euapp01.newsmemory.com\/lamarseillaise\/news\/wp-json\/wp\/v2\/posts\/36375\/revisions"}],"predecessor-version":[{"id":36377,"href":"https:\/\/euapp01.newsmemory.com\/lamarseillaise\/news\/wp-json\/wp\/v2\/posts\/36375\/revisions\/36377"}],"wp:featuredmedia":[{"embeddable":true,"href":"https:\/\/euapp01.newsmemory.com\/lamarseillaise\/news\/wp-json\/wp\/v2\/media\/36376"}],"wp:attachment":[{"href":"https:\/\/euapp01.newsmemory.com\/lamarseillaise\/news\/wp-json\/wp\/v2\/media?parent=36375"}],"wp:term":[{"taxonomy":"category","embeddable":true,"href":"https:\/\/euapp01.newsmemory.com\/lamarseillaise\/news\/wp-json\/wp\/v2\/categories?post=36375"},{"taxonomy":"post_tag","embeddable":true,"href":"https:\/\/euapp01.newsmemory.com\/lamarseillaise\/news\/wp-json\/wp\/v2\/tags?post=36375"},{"taxonomy":"news-destination","embeddable":true,"href":"https:\/\/euapp01.newsmemory.com\/lamarseillaise\/news\/wp-json\/wp\/v2\/news-destination?post=36375"},{"taxonomy":"news-source","embeddable":true,"href":"https:\/\/euapp01.newsmemory.com\/lamarseillaise\/news\/wp-json\/wp\/v2\/news-source?post=36375"},{"taxonomy":"is_homepage","embeddable":true,"href":"https:\/\/euapp01.newsmemory.com\/lamarseillaise\/news\/wp-json\/wp\/v2\/is_homepage?post=36375"},{"taxonomy":"ta_other","embeddable":true,"href":"https:\/\/euapp01.newsmemory.com\/lamarseillaise\/news\/wp-json\/wp\/v2\/ta_other?post=36375"}],"curies":[{"name":"wp","href":"https:\/\/api.w.org\/{rel}","templated":true}]}}