{"id":36372,"date":"2026-07-15T07:52:00","date_gmt":"2026-07-15T05:52:00","guid":{"rendered":"https:\/\/euapp01.newsmemory.com\/lamarseillaise\/news\/?p=36372"},"modified":"2026-07-21T07:25:23","modified_gmt":"2026-07-21T05:25:23","slug":"le-grand-port-accelere-ses-investissements","status":"publish","type":"post","link":"https:\/\/euapp01.newsmemory.com\/lamarseillaise\/news\/2026\/07\/15\/le-grand-port-accelere-ses-investissements\/","title":{"rendered":"Le Grand Port acc\u00e9l\u00e8re ses investissements"},"content":{"rendered":"<div class=\"paragraph\">\n<p>Le Grand Port maritime de Marseille-Fos (GPMM) monte en puissance en termes d\u2019engagements financiers. En 2026, l\u2019\u00e9tablissement pr\u00e9voit pr\u00e8s de 125\u00a0millions d\u2019euros d\u2019investissements, dont 95\u00a0millions d\u2019euros d\u00e9j\u00e0 engag\u00e9s \u00e0 la fin du mois de juin. \u00c0 titre de comparaison, le Port a investi 51\u00a0millions d\u2019euros au cours de l\u2019ann\u00e9e 2020. \u00ab\u00a0<i>Ce premier semestre, on est sur la conclusion de financements importants, sur l\u2019obtention d\u2019autorisations administratives, notamment environnementale, et sur le d\u00e9marrage de premiers chantier<\/i>s\u00a0\u00bb, pr\u00e9cise le pr\u00e9sident du directoire, Herv\u00e9 Martel.<\/p>\n<p>En f\u00e9vrier, le GPMM a sign\u00e9 un Projet urbain partenarial (PUP) avec la M\u00e9tropole et les acteurs priv\u00e9s propri\u00e9taires fonciers afin d\u2019organiser la participation au financement des routes qui vont desservir les terrains. \u00ab\u00a0<i>Ce sont 99<\/i><i>\u00a0<\/i><i>millions d\u2019euros qui vont aller pour l\u2019am\u00e9nagement du m\u00f4le central<\/i><i>\u00a0<\/i>\u00bb, pr\u00e9cise Herv\u00e9 Martel. Les premi\u00e8res op\u00e9rations sont engag\u00e9es.<\/p>\n<p>Il faut dire que \u00ab\u00a0<i>les projets industriels avancent vite, ce qui renforce la pression sur le Port pour \u00eatre au rendez-vous<\/i><i>\u00a0<\/i>\u00bb. Gravithy \u00ab<i>\u00a0<\/i><i>d\u00e9pose tr\u00e8s prochainement ses autorisations<\/i>\u00a0\u00bb. Chez H4 \u00ab\u00a0<i>un certain nombre de sujets importants comme le sourcing \u00e9lectrique sont en train de se concr\u00e9tiser<\/i>\u00a0\u00bb.<\/p>\n<p>C\u2019est sur ce terrain que la future Zone de services portuaires n\u00b0\u00a02, de 45\u00a0ha, devrait bient\u00f4t voir le jour. \u00ab\u00a0<i>On a obtenu les autorisations administratives, c\u2019est l\u2019entreprise Guintoli du groupe NGE qui a obtenu ce march\u00e9 de 25,9<\/i><i>\u00a0<\/i><i>millions d\u2019euros,<\/i> d\u00e9taille encore le pr\u00e9sident du directoire.<i> C\u2019est quelque chose qui \u00e9tait attendu par les armateurs, pour stocker et r\u00e9parer les conteneurs vides. La zone n\u00b01 est \u00e0 saturation, donc cette activit\u00e9 se fait partiellement sur les terminaux \u00e0 conteneurs qui ne sont pas faits pour \u00e7a.<\/i>\u00a0\u00bb<\/p>\n<\/p><\/div>\n","protected":false},"excerpt":{"rendered":"Le Grand Port maritime de Marseille-Fos (GPMM) monte en puissance en termes d&rsquo;engagements financiers. En 2026, l&rsquo;&eacute;tablissement pr&eacute;voit pr&egrave;s de 125&nbsp;millions d&rsquo;euros d&rsquo;investissements, dont &#8230;","protected":false},"author":1,"featured_media":36373,"comment_status":"open","ping_status":"open","sticky":false,"template":"","format":"standard","meta":{"footnotes":""},"categories":[3926,3925,338],"tags":[10,1624,887,482,92,93,2493,2273,488,519,1400],"news-destination":[3944],"news-source":[475],"is_homepage":[],"ta_other":[],"class_list":["post-36372","post","type-post","status-publish","format-standard","has-post-thumbnail","hentry","category-accueil-merge","category-accueil-third","category-economie","tag-bouches-du-rhone","tag-chantiers","tag-financements","tag-fos-sur-mer","tag-gpmm","tag-grand-port-maritime-de-marseille","tag-gravithy","tag-herve-martel","tag-industriels","tag-investissements","tag-routes","news-destination-homepage","news-source-website"],"_links":{"self":[{"href":"https:\/\/euapp01.newsmemory.com\/lamarseillaise\/news\/wp-json\/wp\/v2\/posts\/36372","targetHints":{"allow":["GET"]}}],"collection":[{"href":"https:\/\/euapp01.newsmemory.com\/lamarseillaise\/news\/wp-json\/wp\/v2\/posts"}],"about":[{"href":"https:\/\/euapp01.newsmemory.com\/lamarseillaise\/news\/wp-json\/wp\/v2\/types\/post"}],"author":[{"embeddable":true,"href":"https:\/\/euapp01.newsmemory.com\/lamarseillaise\/news\/wp-json\/wp\/v2\/users\/1"}],"replies":[{"embeddable":true,"href":"https:\/\/euapp01.newsmemory.com\/lamarseillaise\/news\/wp-json\/wp\/v2\/comments?post=36372"}],"version-history":[{"count":1,"href":"https:\/\/euapp01.newsmemory.com\/lamarseillaise\/news\/wp-json\/wp\/v2\/posts\/36372\/revisions"}],"predecessor-version":[{"id":36374,"href":"https:\/\/euapp01.newsmemory.com\/lamarseillaise\/news\/wp-json\/wp\/v2\/posts\/36372\/revisions\/36374"}],"wp:featuredmedia":[{"embeddable":true,"href":"https:\/\/euapp01.newsmemory.com\/lamarseillaise\/news\/wp-json\/wp\/v2\/media\/36373"}],"wp:attachment":[{"href":"https:\/\/euapp01.newsmemory.com\/lamarseillaise\/news\/wp-json\/wp\/v2\/media?parent=36372"}],"wp:term":[{"taxonomy":"category","embeddable":true,"href":"https:\/\/euapp01.newsmemory.com\/lamarseillaise\/news\/wp-json\/wp\/v2\/categories?post=36372"},{"taxonomy":"post_tag","embeddable":true,"href":"https:\/\/euapp01.newsmemory.com\/lamarseillaise\/news\/wp-json\/wp\/v2\/tags?post=36372"},{"taxonomy":"news-destination","embeddable":true,"href":"https:\/\/euapp01.newsmemory.com\/lamarseillaise\/news\/wp-json\/wp\/v2\/news-destination?post=36372"},{"taxonomy":"news-source","embeddable":true,"href":"https:\/\/euapp01.newsmemory.com\/lamarseillaise\/news\/wp-json\/wp\/v2\/news-source?post=36372"},{"taxonomy":"is_homepage","embeddable":true,"href":"https:\/\/euapp01.newsmemory.com\/lamarseillaise\/news\/wp-json\/wp\/v2\/is_homepage?post=36372"},{"taxonomy":"ta_other","embeddable":true,"href":"https:\/\/euapp01.newsmemory.com\/lamarseillaise\/news\/wp-json\/wp\/v2\/ta_other?post=36372"}],"curies":[{"name":"wp","href":"https:\/\/api.w.org\/{rel}","templated":true}]}}