{"id":36369,"date":"2026-07-15T07:54:00","date_gmt":"2026-07-15T05:54:00","guid":{"rendered":"https:\/\/euapp01.newsmemory.com\/lamarseillaise\/news\/?p=36369"},"modified":"2026-07-21T07:22:40","modified_gmt":"2026-07-21T05:22:40","slug":"admis-au-bac-avec-mention-mais-recale-par-lalgorithme","status":"publish","type":"post","link":"https:\/\/euapp01.newsmemory.com\/lamarseillaise\/news\/2026\/07\/15\/admis-au-bac-avec-mention-mais-recale-par-lalgorithme\/","title":{"rendered":"Admis au bac avec mention mais recal\u00e9 par l\u2019algorithme"},"content":{"rendered":"<div class=\"paragraph\">\n<p>Quand Manuel*, lyc\u00e9en dans un \u00e9tablissement priv\u00e9 de Marseille, formule ses v\u0153ux sur Parcoursup, rien ne laisse pr\u00e9sager du parcours du combattant qui attend sa famille. Pour faire des \u00e9tudes de kin\u00e9, il envisage une premi\u00e8re ann\u00e9e de m\u00e9decine. \u00ab<i>\u00a0<\/i><i>C\u2019est un profil d\u2019\u00e9l\u00e8ve qui a suivi une scolarit\u00e9 classique sur des sp\u00e9cialit\u00e9s scientifiques<\/i><i>\u00a0<\/i>\u00bb, raconte sa m\u00e8re.<\/p>\n<p>Consciente de l\u2019incertitude qui accompagne d\u00e9sormais l\u2019orientation post-bac et forte de l\u2019exp\u00e9rience de sa fille a\u00een\u00e9e, cette derni\u00e8re prend les devants. 24\u00a0v\u0153ux sont formul\u00e9s\u00a0: m\u00e9decine, licences scientifiques, psychologie, Staps mais aussi des BTS \u00ab\u00a0<i>au cas o\u00f9<\/i>\u00a0\u00bb. \u00ab\u00a0<i>Je lui disais<\/i><i>\u00a0<\/i><i>: c\u2019est le plan B, le plan C&#8230;<\/i><i>\u00a0<\/i>\u00bb.<\/p>\n<\/p><\/div>\n<div class=\"intext\"> Bon \u00e0 rien, sans avenir\n              <\/div>\n<div class=\"paragraph\">\n<p>Mais tr\u00e8s vite, c\u2019est l\u2019incompr\u00e9hension. Les BTS sont refus\u00e9s. Les formations s\u00e9lectives de m\u00e9decine le placent trop loin sur des listes d\u2019attente pour esp\u00e9rer une admission. M\u00eame les licences universitaires non-s\u00e9lectives semblent inaccessibles. \u00ab\u00a0<i>On se demande comment font les enfants qui n\u2019ont pas les parents derri\u00e8re<\/i><i>\u00a0<\/i>\u00bb souffle sa m\u00e8re, \u00e9c\u0153ur\u00e9e du manque d\u2019accompagnement et du timing.<\/p>\n<p>Car les premi\u00e8res r\u00e9ponses brutales, co\u00efncident avec les \u00e9preuves du bac. \u00ab\u00a0<i>Il est all\u00e9 passer ses \u00e9preuves en pleurant, en disant<\/i><i>\u00a0<\/i><i>: je ne veux plus y aller, \u00e7a ne sert \u00e0 rien. Il disait qu\u2019il \u00e9tait bon \u00e0 rien, qu\u2019il n\u2019avait pas d\u2019avenir.<\/i><i>\u00a0<\/i>\u00bb \u00c0 la maison, il faut alors convaincre l\u2019adolescent d\u2019aller au bout : \u00ab\u00a0<i>Sa fin de lyc\u00e9e s\u2019est faite dans les larmes, il ne voulait m\u00eame pas aller au bal de fin d\u2019ann\u00e9e&#8230;<\/i><i>\u00a0<\/i>\u00bb Avec la phase compl\u00e9mentaire, le 11\u00a0juin, l\u2019espoir rena\u00eet. De nouvelles candidatures sont d\u00e9pos\u00e9es. Sans succ\u00e8s. \u00ab\u00a0<i>On avait un retour en trois minutes : dossier non retenu. On imagine qu\u2019il est bloqu\u00e9 par l\u2019algorithme<\/i><i>\u00a0<\/i>\u00bb, reprend sa m\u00e8re<\/p>\n<p>Malgr\u00e9 de nombreux appels \u00e0 la plateforme, elle ne comprend pas pourquoi son fils reste sans proposition. Un paradoxe encore plus difficile \u00e0 accepter que Manuel obtient son bac avec mention. \u00ab\u00a0<i>L\u00e0 il se dit, je vais avoir au moins une licence<\/i><i>\u00a0<\/i>\u00bb, poursuit-elle sauf que les listes ne bougent pas. Avant la fermeture de la phase compl\u00e9mentaire, elle apprend \u00ab\u00a0<i>que les notes du bac ne comptent pas<\/i><i>\u00a0<\/i>\u00bb. Ce m\u00eame algorithme&#8230;<\/p>\n<p>\u00ab\u00a0<i>Une fois on m\u2019a dit qu\u2019ils \u00e9taient coinc\u00e9s par le nombre de demandes<\/i><i>\u00a0<\/i>\u00bb<i>, <\/i>poursuit-elle, \u00ab<i>\u00a0<\/i><i>une autre on m\u2019a dit qu\u2019avec un service civique, il aurait des points pour faire la licence qu\u2019il voulait. Mais quel rapport ?<\/i><i>\u00a0<\/i>\u00bb Un accompagnement pouvant d\u00e9boucher sur des places disponibles en septembre, est propos\u00e9&#8230; Mais tout va se d\u00e9bloquer de fa\u00e7on inattendue. Apr\u00e8s avoir directement contact\u00e9 un \u00e9tablissement dont les formations \u00e9taient ouvertes en compl\u00e9mentaire, elle envoie ses notes du bac et Manuel est \u00ab\u00a0<i>pris dans la journ\u00e9e&#8230;<\/i><i>\u00a0<\/i>\u00bb<\/p>\n<p>Aujourd\u2019hui soulag\u00e9e, elle reste marqu\u00e9e par l\u2019exp\u00e9rience. Assistante sociale \u00e0 l\u2019enfance, elle s\u2019inqui\u00e8te des cons\u00e9quences psychologiques pour des jeunes d\u00e9j\u00e0 fragilis\u00e9s par cette p\u00e9riode charni\u00e8re. \u00ab<i>\u00a0<\/i><i>On est sur une tranche d\u2019\u00e2ge o\u00f9 apparaissent les premi\u00e8res maladies mentales, on est sur un risque psychique maximum, et leur faire vivre \u00e7a&#8230; Si je n\u2019avais pas pass\u00e9 un mois \u00e0 lui dire que \u00e7a ne d\u00e9finissait pas ce qu\u2019il est, qu\u2019il allait y arriver, mon gamin aurait fini terr\u00e9 au fond de son lit. C\u2019est compl\u00e8tement in\u00e9galitaire.<\/i><i>\u00a0<\/i>\u00bb<\/p>\n<\/p><\/div>\n<div class=\"paragraph\">\n<p><i>* son pr\u00e9nom a \u00e9t\u00e9 chang\u00e9<\/i><\/p>\n<\/p><\/div>\n","protected":false},"excerpt":{"rendered":"Quand Manuel*, lyc&eacute;en dans un &eacute;tablissement priv&eacute; de Marseille, formule ses v&oelig;ux sur Parcoursup, rien ne laisse pr&eacute;sager du parcours du combattant qui attend sa famille. Pour faire des &eacute;tudes de kin&eacute;, &#8230;","protected":false},"author":1,"featured_media":36370,"comment_status":"open","ping_status":"open","sticky":false,"template":"","format":"standard","meta":{"footnotes":""},"categories":[3926,3925,20],"tags":[1125,10,410,4612,59,16,4522],"news-destination":[3944],"news-source":[475],"is_homepage":[],"ta_other":[],"class_list":["post-36369","post","type-post","status-publish","format-standard","has-post-thumbnail","hentry","category-accueil-merge","category-accueil-third","category-societe","tag-baccalaureat","tag-bouches-du-rhone","tag-education","tag-enseignement-superieur","tag-jeunes","tag-marseille","tag-parcoursup","news-destination-homepage","news-source-website"],"_links":{"self":[{"href":"https:\/\/euapp01.newsmemory.com\/lamarseillaise\/news\/wp-json\/wp\/v2\/posts\/36369","targetHints":{"allow":["GET"]}}],"collection":[{"href":"https:\/\/euapp01.newsmemory.com\/lamarseillaise\/news\/wp-json\/wp\/v2\/posts"}],"about":[{"href":"https:\/\/euapp01.newsmemory.com\/lamarseillaise\/news\/wp-json\/wp\/v2\/types\/post"}],"author":[{"embeddable":true,"href":"https:\/\/euapp01.newsmemory.com\/lamarseillaise\/news\/wp-json\/wp\/v2\/users\/1"}],"replies":[{"embeddable":true,"href":"https:\/\/euapp01.newsmemory.com\/lamarseillaise\/news\/wp-json\/wp\/v2\/comments?post=36369"}],"version-history":[{"count":1,"href":"https:\/\/euapp01.newsmemory.com\/lamarseillaise\/news\/wp-json\/wp\/v2\/posts\/36369\/revisions"}],"predecessor-version":[{"id":36371,"href":"https:\/\/euapp01.newsmemory.com\/lamarseillaise\/news\/wp-json\/wp\/v2\/posts\/36369\/revisions\/36371"}],"wp:featuredmedia":[{"embeddable":true,"href":"https:\/\/euapp01.newsmemory.com\/lamarseillaise\/news\/wp-json\/wp\/v2\/media\/36370"}],"wp:attachment":[{"href":"https:\/\/euapp01.newsmemory.com\/lamarseillaise\/news\/wp-json\/wp\/v2\/media?parent=36369"}],"wp:term":[{"taxonomy":"category","embeddable":true,"href":"https:\/\/euapp01.newsmemory.com\/lamarseillaise\/news\/wp-json\/wp\/v2\/categories?post=36369"},{"taxonomy":"post_tag","embeddable":true,"href":"https:\/\/euapp01.newsmemory.com\/lamarseillaise\/news\/wp-json\/wp\/v2\/tags?post=36369"},{"taxonomy":"news-destination","embeddable":true,"href":"https:\/\/euapp01.newsmemory.com\/lamarseillaise\/news\/wp-json\/wp\/v2\/news-destination?post=36369"},{"taxonomy":"news-source","embeddable":true,"href":"https:\/\/euapp01.newsmemory.com\/lamarseillaise\/news\/wp-json\/wp\/v2\/news-source?post=36369"},{"taxonomy":"is_homepage","embeddable":true,"href":"https:\/\/euapp01.newsmemory.com\/lamarseillaise\/news\/wp-json\/wp\/v2\/is_homepage?post=36369"},{"taxonomy":"ta_other","embeddable":true,"href":"https:\/\/euapp01.newsmemory.com\/lamarseillaise\/news\/wp-json\/wp\/v2\/ta_other?post=36369"}],"curies":[{"name":"wp","href":"https:\/\/api.w.org\/{rel}","templated":true}]}}