{"id":36366,"date":"2026-07-15T07:57:00","date_gmt":"2026-07-15T05:57:00","guid":{"rendered":"https:\/\/euapp01.newsmemory.com\/lamarseillaise\/news\/?p=36366"},"modified":"2026-07-21T07:38:30","modified_gmt":"2026-07-21T05:38:30","slug":"malgre-les-coupes-drastiques-la-mjc-de-monteux-poursuit-ses-activites","status":"publish","type":"post","link":"https:\/\/euapp01.newsmemory.com\/lamarseillaise\/news\/2026\/07\/15\/malgre-les-coupes-drastiques-la-mjc-de-monteux-poursuit-ses-activites\/","title":{"rendered":"Malgr\u00e9 les coupes drastiques, la MJC de Monteux poursuit ses activit\u00e9s"},"content":{"rendered":"<div class=\"paragraph\">\n<p>En d\u00e9but de semaine derni\u00e8re, la Maison des jeunes et de la culture (MJC) de Monteux annon\u00e7ait r\u00e9unir en urgence un conseil d\u2019administration<a rel=\"noopener noreferrer\" href=\"https:\/\/www.lamarseillaise.fr\/politique\/la-mairie-rn-de-monteux-retire-a-la-mjc-42000-euros-de-subventions-HO20482371\" target=\"_blank\"> suite \u00e0 la coupe drastique de subventions par la nouvelle municipalit\u00e9 RN (notre \u00e9dition du 10\u00a0juillet)<\/a>. La structure, qui propose entre autres des cours de langue, th\u00e9\u00e2tre, danses ou dessins, a vu son aide passer de 45\u00a0000 \u00e0 5\u00a0000 euros.<\/p>\n<p>R\u00e9uni jeudi dernier, le conseil d\u2019administration a d\u00e9cid\u00e9, pour l\u2019heure, de ne rien changer et \u00ab\u00a0<i>de reconduire l\u2019ensemble des activit\u00e9s propos\u00e9es, dans les m\u00eames conditions tarifaires qu\u2019aujourd\u2019hui<\/i><i>\u00a0<\/i>\u00bb, annonce la MJC dans un communiqu\u00e9. \u00ab\u00a0<i>Cette d\u00e9cision traduit la volont\u00e9 de ne pas faire peser cette baisse de subvention sur les familles, notamment les plus modestes, et de pr\u00e9server l\u2019acc\u00e8s de tous aux activit\u00e9s de la MJC<\/i><i>\u00a0<\/i>\u00bb, poursuit l\u2019association.<\/p>\n<p>Un choix rendu possible par une situation financi\u00e8re saine avec des fonds propres d\u2019environ 130\u00a0000\u00a0euros. C\u2019est paradoxalement cette manne cons\u00e9quente qui est mise en avant par le maire Patrice de Camaret (RN) pour justifier la forte baisse, car, selon lui, la Ville doit soutenir les associations les plus fragiles financi\u00e8rement. \u00ab\u00a0<i>La MJC tient \u00e0 rappeler que ces r\u00e9serves correspondent \u00e0 environ six mois de tr\u00e9sorerie d\u2019avance, un niveau conforme aux bonnes pratiques de gestion pour une association employeuse, et une condition explicitement exig\u00e9e par ses partenaires financiers, dont la CAF, pour garantir la p\u00e9rennit\u00e9 de ses financements<\/i><i>\u00a0<\/i>\u00bb, pr\u00e9cise l\u2019association fond\u00e9e en 1964.<\/p>\n<p>Si ce premier coup peut \u00eatre amorti, il y a de quoi \u00eatre inquiet \u00e0 l\u2019avenir apr\u00e8s \u00ab\u00a0<i>cette d\u00e9cision intervenue sans concertation pr\u00e9alable qui d\u00e9s\u00e9quilibre et fragilise notre mod\u00e8le \u00e9conomique<\/i><i>\u00a0<\/i>\u00bb, rel\u00e8ve la MJC tout en \u00ab<i>\u00a0<\/i><i>affirmant sa pleine disponibilit\u00e9 pour engager un dialogue constructif<\/i>\u00a0\u00bb.<\/p>\n<\/p><\/div>\n","protected":false},"excerpt":{"rendered":"En d&eacute;but de semaine derni&egrave;re, la Maison des jeunes et de la culture (MJC) de Monteux annon&ccedil;ait r&eacute;unir en urgence un conseil d&rsquo;administration suite &agrave; la coupe drastique de subventions par la nouvelle &#8230;","protected":false},"author":1,"featured_media":36367,"comment_status":"open","ping_status":"open","sticky":false,"template":"","format":"standard","meta":{"footnotes":""},"categories":[3926,3925,32,330],"tags":[495,143,168,441,1804,439,916,171],"news-destination":[3944],"news-source":[475],"is_homepage":[],"ta_other":[],"class_list":["post-36366","post","type-post","status-publish","format-standard","has-post-thumbnail","hentry","category-accueil-merge","category-accueil-third","category-culture","category-politique","tag-495","tag-associatif","tag-association","tag-extreme-droite","tag-mjc","tag-rn","tag-subventions","tag-vaucluse","news-destination-homepage","news-source-website"],"_links":{"self":[{"href":"https:\/\/euapp01.newsmemory.com\/lamarseillaise\/news\/wp-json\/wp\/v2\/posts\/36366","targetHints":{"allow":["GET"]}}],"collection":[{"href":"https:\/\/euapp01.newsmemory.com\/lamarseillaise\/news\/wp-json\/wp\/v2\/posts"}],"about":[{"href":"https:\/\/euapp01.newsmemory.com\/lamarseillaise\/news\/wp-json\/wp\/v2\/types\/post"}],"author":[{"embeddable":true,"href":"https:\/\/euapp01.newsmemory.com\/lamarseillaise\/news\/wp-json\/wp\/v2\/users\/1"}],"replies":[{"embeddable":true,"href":"https:\/\/euapp01.newsmemory.com\/lamarseillaise\/news\/wp-json\/wp\/v2\/comments?post=36366"}],"version-history":[{"count":1,"href":"https:\/\/euapp01.newsmemory.com\/lamarseillaise\/news\/wp-json\/wp\/v2\/posts\/36366\/revisions"}],"predecessor-version":[{"id":36368,"href":"https:\/\/euapp01.newsmemory.com\/lamarseillaise\/news\/wp-json\/wp\/v2\/posts\/36366\/revisions\/36368"}],"wp:featuredmedia":[{"embeddable":true,"href":"https:\/\/euapp01.newsmemory.com\/lamarseillaise\/news\/wp-json\/wp\/v2\/media\/36367"}],"wp:attachment":[{"href":"https:\/\/euapp01.newsmemory.com\/lamarseillaise\/news\/wp-json\/wp\/v2\/media?parent=36366"}],"wp:term":[{"taxonomy":"category","embeddable":true,"href":"https:\/\/euapp01.newsmemory.com\/lamarseillaise\/news\/wp-json\/wp\/v2\/categories?post=36366"},{"taxonomy":"post_tag","embeddable":true,"href":"https:\/\/euapp01.newsmemory.com\/lamarseillaise\/news\/wp-json\/wp\/v2\/tags?post=36366"},{"taxonomy":"news-destination","embeddable":true,"href":"https:\/\/euapp01.newsmemory.com\/lamarseillaise\/news\/wp-json\/wp\/v2\/news-destination?post=36366"},{"taxonomy":"news-source","embeddable":true,"href":"https:\/\/euapp01.newsmemory.com\/lamarseillaise\/news\/wp-json\/wp\/v2\/news-source?post=36366"},{"taxonomy":"is_homepage","embeddable":true,"href":"https:\/\/euapp01.newsmemory.com\/lamarseillaise\/news\/wp-json\/wp\/v2\/is_homepage?post=36366"},{"taxonomy":"ta_other","embeddable":true,"href":"https:\/\/euapp01.newsmemory.com\/lamarseillaise\/news\/wp-json\/wp\/v2\/ta_other?post=36366"}],"curies":[{"name":"wp","href":"https:\/\/api.w.org\/{rel}","templated":true}]}}