{"id":36360,"date":"2026-07-15T08:02:00","date_gmt":"2026-07-15T06:02:00","guid":{"rendered":"https:\/\/euapp01.newsmemory.com\/lamarseillaise\/news\/?p=36360"},"modified":"2026-07-21T07:35:39","modified_gmt":"2026-07-21T05:35:39","slug":"entretien-laurent-frajerman-professeur-dhistoire-il-ny-a-pas-assez-de-places-dans-le-superieur","status":"publish","type":"post","link":"https:\/\/euapp01.newsmemory.com\/lamarseillaise\/news\/2026\/07\/15\/entretien-laurent-frajerman-professeur-dhistoire-il-ny-a-pas-assez-de-places-dans-le-superieur\/","title":{"rendered":"[Entretien] Laurent Frajerman, professeur d\u2019histoire : \u00ab&nbsp;Il n\u2019y a pas assez de places dans le sup\u00e9rieur&nbsp;\u00bb"},"content":{"rendered":"<div class=\"paragraph\">\n<p><b>La Marseillaise :<\/b> <b>Comment expliquer la hausse du nombre de candidats sans v\u0153ux valid\u00e9 sur Parcoursup \u00e0 l\u2019issue de cette premi\u00e8re phase ?<\/b><\/p>\n<p>Laurent Frajerman : Le probl\u00e8me c\u2019est l\u2019offre. On voit bien qu\u2019il y a un syst\u00e8me qui est sous tension, o\u00f9 il n\u2019y a pas assez de place dans le sup\u00e9rieur. \u00c0 cela s\u2019ajoutent des coupes budg\u00e9taires assez importantes qui ont, \u00e0 un moment donn\u00e9, des r\u00e9percussions sur l\u2019offre d\u2019enseignement. C\u2019est assez in\u00e9vitable. Donc on peut imaginer que \u00e7a se r\u00e9percute sur les lyc\u00e9ens.<\/p>\n<p><b>Ce qui pousse les familles \u00e0 se tourner vers le priv\u00e9 ? <\/b><\/p>\n<p>L.F. : Oui, cela explique cette hausse spectaculaire du priv\u00e9. L\u2019un des arguments de celui-ci, est de s\u2019appuyer sur le stress des familles en disant qu\u2019il ne recrute pas par Parcoursup. Cette plateforme est d\u2019une grande opacit\u00e9, le <a rel=\"nofollow noopener noreferrer\" href=\"https:\/\/\/lamarseillaise\/news\/wp-content\/uploads\/sites\/2\/2026\/07\/l17n771491814_document.2217c174c862bcba374168543a85f706.pdf\" target=\"_blank\">rapport parlementaire<\/a> publi\u00e9 en f\u00e9vrier dernier, est assez frappant. Ses partisans, dont ces deux parlementaires [les d\u00e9put\u00e9s Pierrick Courbon (PS) et Frantz Gumbs (Modem), Ndlr] passent un temps fou \u00e0 affiner le m\u00e9canisme de s\u00e9lection plut\u00f4t qu\u2019\u00e0 aider les \u00e9l\u00e8ves \u00e0 r\u00e9fl\u00e9chir \u00e0 leur orientation. Je le vis en tant que professeur principal, il y a un enseignement qui tourne \u00e0 vide uniquement pour expliquer comment utiliser. Ce qui g\u00e9n\u00e8re des diff\u00e9rences sociales tr\u00e8s importantes.<\/p>\n<p>Avec d\u2019un c\u00f4t\u00e9, les familles qui, soit ont les qualifications, le milieu social qui leur permet de comprendre le fonctionnement et d\u2019en tirer profit pour leurs enfants ou payent pour des coaching priv\u00e9s. Et, de l\u2019autre, ceux qui sont un peu livr\u00e9s \u00e0 eux-m\u00eames. C\u2019est le grand probl\u00e8me de Parcoursup.<\/p>\n<p><b>Qu\u2019a chang\u00e9 la mise en place du contr\u00f4le continu ?<\/b><\/p>\n<p>L.F. : Celui-ci aboutit \u00e0 une surnotation. Logiquement, cela a cr\u00e9\u00e9 une pression massive des familles pour une am\u00e9lioration des notes, pression \u00e0 laquelle l\u2019institution scolaire n\u2019a pas r\u00e9sist\u00e9, globalement. Sauf, paradoxalement, dans les \u00e9tablissements d\u2019excellence. Le contr\u00f4le continu fait qu\u2019il y a une grande opacit\u00e9, ce n\u2019est pas que le dispositif Parcoursup, c\u2019est toute l\u2019architecture Blanquer. On ne sait plus \u00e0 quoi se r\u00e9f\u00e9rer. Donc, on demande au post-bac globalement, de s\u00e9lectionner beaucoup plus qu\u2019avant, mais presque de s\u00e9lectionner un peu \u00e0 l\u2019aveugle. C\u2019est l\u2019une des cons\u00e9quences absurdes du manque de fiabilit\u00e9 du contr\u00f4le continu.<\/p>\n<\/p><\/div>\n","protected":false},"excerpt":{"rendered":"La Marseillaise : Comment expliquer la hausse du nombre de candidats sans v&oelig;ux valid&eacute; sur Parcoursup &agrave; l&rsquo;issue de cette premi&egrave;re phase ?","protected":false},"author":1,"featured_media":36361,"comment_status":"open","ping_status":"open","sticky":false,"template":"","format":"standard","meta":{"footnotes":""},"categories":[3926,3925,1854],"tags":[822,410,343,572,290,809,4522],"news-destination":[3944],"news-source":[475],"is_homepage":[],"ta_other":[],"class_list":["post-36360","post","type-post","status-publish","format-standard","has-post-thumbnail","hentry","category-accueil-merge","category-accueil-third","category-france","tag-coupes-budgetaires","tag-education","tag-entretien","tag-france","tag-inegalites","tag-orientation","tag-parcoursup","news-destination-homepage","news-source-website"],"_links":{"self":[{"href":"https:\/\/euapp01.newsmemory.com\/lamarseillaise\/news\/wp-json\/wp\/v2\/posts\/36360","targetHints":{"allow":["GET"]}}],"collection":[{"href":"https:\/\/euapp01.newsmemory.com\/lamarseillaise\/news\/wp-json\/wp\/v2\/posts"}],"about":[{"href":"https:\/\/euapp01.newsmemory.com\/lamarseillaise\/news\/wp-json\/wp\/v2\/types\/post"}],"author":[{"embeddable":true,"href":"https:\/\/euapp01.newsmemory.com\/lamarseillaise\/news\/wp-json\/wp\/v2\/users\/1"}],"replies":[{"embeddable":true,"href":"https:\/\/euapp01.newsmemory.com\/lamarseillaise\/news\/wp-json\/wp\/v2\/comments?post=36360"}],"version-history":[{"count":1,"href":"https:\/\/euapp01.newsmemory.com\/lamarseillaise\/news\/wp-json\/wp\/v2\/posts\/36360\/revisions"}],"predecessor-version":[{"id":36362,"href":"https:\/\/euapp01.newsmemory.com\/lamarseillaise\/news\/wp-json\/wp\/v2\/posts\/36360\/revisions\/36362"}],"wp:featuredmedia":[{"embeddable":true,"href":"https:\/\/euapp01.newsmemory.com\/lamarseillaise\/news\/wp-json\/wp\/v2\/media\/36361"}],"wp:attachment":[{"href":"https:\/\/euapp01.newsmemory.com\/lamarseillaise\/news\/wp-json\/wp\/v2\/media?parent=36360"}],"wp:term":[{"taxonomy":"category","embeddable":true,"href":"https:\/\/euapp01.newsmemory.com\/lamarseillaise\/news\/wp-json\/wp\/v2\/categories?post=36360"},{"taxonomy":"post_tag","embeddable":true,"href":"https:\/\/euapp01.newsmemory.com\/lamarseillaise\/news\/wp-json\/wp\/v2\/tags?post=36360"},{"taxonomy":"news-destination","embeddable":true,"href":"https:\/\/euapp01.newsmemory.com\/lamarseillaise\/news\/wp-json\/wp\/v2\/news-destination?post=36360"},{"taxonomy":"news-source","embeddable":true,"href":"https:\/\/euapp01.newsmemory.com\/lamarseillaise\/news\/wp-json\/wp\/v2\/news-source?post=36360"},{"taxonomy":"is_homepage","embeddable":true,"href":"https:\/\/euapp01.newsmemory.com\/lamarseillaise\/news\/wp-json\/wp\/v2\/is_homepage?post=36360"},{"taxonomy":"ta_other","embeddable":true,"href":"https:\/\/euapp01.newsmemory.com\/lamarseillaise\/news\/wp-json\/wp\/v2\/ta_other?post=36360"}],"curies":[{"name":"wp","href":"https:\/\/api.w.org\/{rel}","templated":true}]}}