{"id":36357,"date":"2026-07-15T07:29:00","date_gmt":"2026-07-15T05:29:00","guid":{"rendered":"https:\/\/euapp01.newsmemory.com\/lamarseillaise\/news\/?p=36357"},"modified":"2026-07-15T10:04:23","modified_gmt":"2026-07-15T08:04:23","slug":"la-terrasse-de-lhotel-de-ville-ouverte-aux-istreens","status":"publish","type":"post","link":"https:\/\/euapp01.newsmemory.com\/lamarseillaise\/news\/2026\/07\/15\/la-terrasse-de-lhotel-de-ville-ouverte-aux-istreens\/","title":{"rendered":"La terrasse de l\u2019h\u00f4tel de Ville ouverte aux Istr\u00e9ens"},"content":{"rendered":"<div class=\"paragraph\">\n<p>Les quais de l\u2019\u00e9tang de l\u2019Olivier \u00e9taient bond\u00e9s pour admirer le feu d\u2019artifice du 13\u00a0juillet \u00e0 Istres lundi soir. Mais l\u2019originalit\u00e9 de cette soir\u00e9e est ailleurs.<\/p>\n<p>Car cette \u00e9dition 2026 de la f\u00eate nationale \u00e0 la mode istr\u00e9enne a permis pour la premi\u00e8re fois \u00e0 150\u00a0personnes tir\u00e9es au sort de venir admirer le spectacle sur les toits et terrasses du deuxi\u00e8me et troisi\u00e8me \u00e9tage de l\u2019h\u00f4tel de Ville. \u00ab\u00a0<i>C\u2019est une \u00e9preuve de test in\u00e9dite<\/i>\u00a0\u00bb, indique le maire (LR) Robin Pr\u00e9tot. Deux mille personnes \u00e9taient inscrites au tirage au sort. Seulement 150 ont \u00e9t\u00e9 s\u00e9lectionn\u00e9es et r\u00e9parties entre le toit-terrasse du 2<sup>e<\/sup> \u00e9tage et le balcon-terrasse du 3<sup>e<\/sup>. \u00ab\u00a0<i>On a mis cette limite car on ne savait pas si c\u2019\u00e9tait trop ou pas assez. Il vaut mieux le meilleur pour pas assez qu\u2019une mauvaise exp\u00e9rience pour trop<\/i>\u00a0\u00bb, estime l\u2019\u00e9dile.<\/p>\n<\/p><\/div>\n<div class=\"intext\"> Pareil pour les drones en ao\u00fbt\n              <\/div>\n<div class=\"paragraph\">\n<p>\u00ab\u00a0<i>Heureusement que \u00e7a n\u2019a pas \u00e9t\u00e9 annul\u00e9 ici<\/i>\u00a0\u00bb s\u2019exclame ce p\u00e8re \u00e0 la sortie, son enfant dans les bras. \u00ab\u00a0<i>C\u2019est une super initiative d\u2019avoir ouvert la mairie<\/i>\u00a0\u00bb, juge-t-il. Le spectacle de drones lumineux sur l\u2019\u00e9tang de l\u2019Olivier, le 2\u00a0ao\u00fbt, promet de renouveler la formule.<\/p>\n<\/p><\/div>\n","protected":false},"excerpt":{"rendered":"Les quais de l&rsquo;&eacute;tang de l&rsquo;Olivier &eacute;taient bond&eacute;s pour admirer le feu d&rsquo;artifice du 13&nbsp;juillet &agrave; Istres lundi soir. Mais l&rsquo;originalit&eacute; de cette soir&eacute;e est ailleurs.Car cette &#8230;","protected":false},"author":1,"featured_media":36358,"comment_status":"open","ping_status":"open","sticky":false,"template":"","format":"standard","meta":{"footnotes":""},"categories":[20],"tags":[4275,10,6080,534,442,5793],"news-destination":[],"news-source":[475],"is_homepage":[],"ta_other":[],"class_list":["post-36357","post","type-post","status-publish","format-standard","has-post-thumbnail","hentry","category-societe","tag-14-juillet","tag-bouches-du-rhone","tag-feux-dartifice","tag-istres","tag-mairie","tag-robin-pretot","news-source-website"],"_links":{"self":[{"href":"https:\/\/euapp01.newsmemory.com\/lamarseillaise\/news\/wp-json\/wp\/v2\/posts\/36357","targetHints":{"allow":["GET"]}}],"collection":[{"href":"https:\/\/euapp01.newsmemory.com\/lamarseillaise\/news\/wp-json\/wp\/v2\/posts"}],"about":[{"href":"https:\/\/euapp01.newsmemory.com\/lamarseillaise\/news\/wp-json\/wp\/v2\/types\/post"}],"author":[{"embeddable":true,"href":"https:\/\/euapp01.newsmemory.com\/lamarseillaise\/news\/wp-json\/wp\/v2\/users\/1"}],"replies":[{"embeddable":true,"href":"https:\/\/euapp01.newsmemory.com\/lamarseillaise\/news\/wp-json\/wp\/v2\/comments?post=36357"}],"version-history":[{"count":1,"href":"https:\/\/euapp01.newsmemory.com\/lamarseillaise\/news\/wp-json\/wp\/v2\/posts\/36357\/revisions"}],"predecessor-version":[{"id":36359,"href":"https:\/\/euapp01.newsmemory.com\/lamarseillaise\/news\/wp-json\/wp\/v2\/posts\/36357\/revisions\/36359"}],"wp:featuredmedia":[{"embeddable":true,"href":"https:\/\/euapp01.newsmemory.com\/lamarseillaise\/news\/wp-json\/wp\/v2\/media\/36358"}],"wp:attachment":[{"href":"https:\/\/euapp01.newsmemory.com\/lamarseillaise\/news\/wp-json\/wp\/v2\/media?parent=36357"}],"wp:term":[{"taxonomy":"category","embeddable":true,"href":"https:\/\/euapp01.newsmemory.com\/lamarseillaise\/news\/wp-json\/wp\/v2\/categories?post=36357"},{"taxonomy":"post_tag","embeddable":true,"href":"https:\/\/euapp01.newsmemory.com\/lamarseillaise\/news\/wp-json\/wp\/v2\/tags?post=36357"},{"taxonomy":"news-destination","embeddable":true,"href":"https:\/\/euapp01.newsmemory.com\/lamarseillaise\/news\/wp-json\/wp\/v2\/news-destination?post=36357"},{"taxonomy":"news-source","embeddable":true,"href":"https:\/\/euapp01.newsmemory.com\/lamarseillaise\/news\/wp-json\/wp\/v2\/news-source?post=36357"},{"taxonomy":"is_homepage","embeddable":true,"href":"https:\/\/euapp01.newsmemory.com\/lamarseillaise\/news\/wp-json\/wp\/v2\/is_homepage?post=36357"},{"taxonomy":"ta_other","embeddable":true,"href":"https:\/\/euapp01.newsmemory.com\/lamarseillaise\/news\/wp-json\/wp\/v2\/ta_other?post=36357"}],"curies":[{"name":"wp","href":"https:\/\/api.w.org\/{rel}","templated":true}]}}