{"id":36354,"date":"2026-07-15T07:46:00","date_gmt":"2026-07-15T05:46:00","guid":{"rendered":"https:\/\/euapp01.newsmemory.com\/lamarseillaise\/news\/?p=36354"},"modified":"2026-07-21T07:22:40","modified_gmt":"2026-07-21T05:22:40","slug":"cest-lete-quand-les-plages-marseillaises-sadaptent-au-handicap","status":"publish","type":"post","link":"https:\/\/euapp01.newsmemory.com\/lamarseillaise\/news\/2026\/07\/15\/cest-lete-quand-les-plages-marseillaises-sadaptent-au-handicap\/","title":{"rendered":"[C\u2019est l\u2019\u00e9t\u00e9] Quand les plages marseillaises s\u2019adaptent au handicap"},"content":{"rendered":"<div class=\"paragraph\">\n<p>\u00ab <i>T<\/i><i>u \u00e9tales la cr\u00e8me solaire sur tes jambes, Yanis<\/i><i>\u00a0<\/i><i>?<\/i><i>\u00a0<\/i>\u00bb Casquette sur la t\u00eate et sac \u00e0 dos, un groupe de sept jeunes de l\u2019IME Les Fauvettes, \u00e0 Vitrolles, s\u2019est rendu ce matin-l\u00e0 sur la plage des Corbi\u00e8res, dans le 16<sup>e<\/sup>\u00a0arrondissement de Marseille. \u00c2g\u00e9s de 14 \u00e0 25 ans, ils pr\u00e9sentent tous un handicap physique ou mental. Une sortie \u00e0 la plage pas comme les autres, rendue possible gr\u00e2ce au dispositif \u00ab\u00a0\u00c0 nous la mer\u00a0!\u00a0\u00bb.<\/p>\n<\/p><\/div>\n<div class=\"intext\"> \u00ab\u00a0On s\u2019adapte \u00e0 eux\u00a0\u00bb\n              <\/div>\n<div class=\"paragraph\">\n<p>Mis en place par la Ville de Marseille durant les mois de juin, juillet et ao\u00fbt, ce dispositif permet aux personnes en situation de handicap \u00ab\u00a0<i>d\u2019acc\u00e9der \u00e0 la mer en douceur<\/i>\u00a0\u00bb, explique Yasmine, l\u2019une des \u00e9ducatrices du groupe. Pour en b\u00e9n\u00e9ficier, aucune inscription n\u2019est n\u00e9cessaire, m\u00eame s\u2019il est recommand\u00e9 de signaler sa venue au pr\u00e9alable.<\/p>\n<p>Pour encadrer, quatre saisonniers sont pr\u00e9sents, dont une kin\u00e9sith\u00e9rapeute. Tous ont suivi une formation sp\u00e9cifique. \u00ab\u00a0<i>On s\u2019assure que les personnes \u00e0 mobilit\u00e9 r\u00e9duite (PMR) trouvent une place de parking, puis on aide pour la mise \u00e0 l\u2019eau<\/i>\u00a0\u00bb, explique Youcef, responsable depuis 3\u00a0ans.<\/p>\n<p>Au programme ce matin\u00a0: baignade dans la M\u00e9diterran\u00e9e avec les \u00e9ducateurs, les pieds dans l\u2019eau ou jusqu\u2019aux \u00e9paules selon les envies. Pour faciliter l\u2019acc\u00e8s \u00e0 la mer, trois fauteuils roulants amphibies sont mis \u00e0 disposition. \u00ab<i>\u00a0<\/i><i>Une fois la baignade finie, les personnes peuvent se reposer sur un transat adapt\u00e9<\/i><i>\u00a0<\/i>\u00bb, pr\u00e9cise Brianna, une des saisonni\u00e8res.<\/p>\n<\/p><\/div>\n<div class=\"intext\"> Succ\u00e8s du dispositif\n              <\/div>\n<div class=\"paragraph\">\n<p>L\u2019initiative est en plein essor, avec \u00ab\u00a0<i>1<\/i><i>\u00a0<\/i><i>200<\/i><i>\u00a0<\/i><i>personnes b\u00e9n\u00e9ficiaires l\u2019\u00e9t\u00e9 dernier, et 56% d\u2019augmentation de fr\u00e9quentation en juin<\/i>\u00a0\u00bb, selon Sophie Gu\u00e9rard, adjointe d\u00e9l\u00e9gu\u00e9e aux personnes en situation de handicap, \u00e0 l\u2019inclusion et l\u2019accessibilit\u00e9. Un succ\u00e8s \u00e0 nuancer d\u2019apr\u00e8s C\u00e9line, \u00e9ducatrice\u00a0: \u00ab\u00a0<i>Il faudrait un endroit sp\u00e9cifique pour se changer et des douches adapt\u00e9es, l\u00e0, on va devoir utiliser les douches communes.<\/i><i>\u00a0<\/i>\u00bb Avant de conclure\u00a0: \u00ab\u00a0<i>\u00c7a nous aide quand m\u00eame beaucoup. C\u2019est important d\u2019avoir ce genre de moments festifs, \u00e7a montre que ces jeunes font aussi partie du monde.<\/i><i>\u00a0<\/i>\u00bb<\/p>\n<\/p><\/div>\n","protected":false},"excerpt":{"rendered":"&laquo; Tu &eacute;tales la cr&egrave;me solaire sur tes jambes, Yanis&nbsp;?&nbsp;&raquo; Casquette sur la t&ecirc;te et sac &agrave; dos, un groupe de sept jeunes de l&rsquo;IME Les Fauvettes, &agrave; Vitrolles, s&rsquo;est rendu ce &#8230;","protected":false},"author":1,"featured_media":36355,"comment_status":"open","ping_status":"open","sticky":false,"template":"","format":"standard","meta":{"footnotes":""},"categories":[3926,3925,20],"tags":[65,67,10,6085,1066,16,85,1385,3694,888,99],"news-destination":[3944],"news-source":[475],"is_homepage":[],"ta_other":[],"class_list":["post-36354","post","type-post","status-publish","format-standard","has-post-thumbnail","hentry","category-accueil-merge","category-accueil-third","category-societe","tag-acces-a-leau","tag-baignade","tag-bouches-du-rhone","tag-cest-lete","tag-handicap","tag-marseille","tag-mer","tag-mobilite","tag-plage","tag-plages","tag-ville-de-marseille","news-destination-homepage","news-source-website"],"_links":{"self":[{"href":"https:\/\/euapp01.newsmemory.com\/lamarseillaise\/news\/wp-json\/wp\/v2\/posts\/36354","targetHints":{"allow":["GET"]}}],"collection":[{"href":"https:\/\/euapp01.newsmemory.com\/lamarseillaise\/news\/wp-json\/wp\/v2\/posts"}],"about":[{"href":"https:\/\/euapp01.newsmemory.com\/lamarseillaise\/news\/wp-json\/wp\/v2\/types\/post"}],"author":[{"embeddable":true,"href":"https:\/\/euapp01.newsmemory.com\/lamarseillaise\/news\/wp-json\/wp\/v2\/users\/1"}],"replies":[{"embeddable":true,"href":"https:\/\/euapp01.newsmemory.com\/lamarseillaise\/news\/wp-json\/wp\/v2\/comments?post=36354"}],"version-history":[{"count":1,"href":"https:\/\/euapp01.newsmemory.com\/lamarseillaise\/news\/wp-json\/wp\/v2\/posts\/36354\/revisions"}],"predecessor-version":[{"id":36356,"href":"https:\/\/euapp01.newsmemory.com\/lamarseillaise\/news\/wp-json\/wp\/v2\/posts\/36354\/revisions\/36356"}],"wp:featuredmedia":[{"embeddable":true,"href":"https:\/\/euapp01.newsmemory.com\/lamarseillaise\/news\/wp-json\/wp\/v2\/media\/36355"}],"wp:attachment":[{"href":"https:\/\/euapp01.newsmemory.com\/lamarseillaise\/news\/wp-json\/wp\/v2\/media?parent=36354"}],"wp:term":[{"taxonomy":"category","embeddable":true,"href":"https:\/\/euapp01.newsmemory.com\/lamarseillaise\/news\/wp-json\/wp\/v2\/categories?post=36354"},{"taxonomy":"post_tag","embeddable":true,"href":"https:\/\/euapp01.newsmemory.com\/lamarseillaise\/news\/wp-json\/wp\/v2\/tags?post=36354"},{"taxonomy":"news-destination","embeddable":true,"href":"https:\/\/euapp01.newsmemory.com\/lamarseillaise\/news\/wp-json\/wp\/v2\/news-destination?post=36354"},{"taxonomy":"news-source","embeddable":true,"href":"https:\/\/euapp01.newsmemory.com\/lamarseillaise\/news\/wp-json\/wp\/v2\/news-source?post=36354"},{"taxonomy":"is_homepage","embeddable":true,"href":"https:\/\/euapp01.newsmemory.com\/lamarseillaise\/news\/wp-json\/wp\/v2\/is_homepage?post=36354"},{"taxonomy":"ta_other","embeddable":true,"href":"https:\/\/euapp01.newsmemory.com\/lamarseillaise\/news\/wp-json\/wp\/v2\/ta_other?post=36354"}],"curies":[{"name":"wp","href":"https:\/\/api.w.org\/{rel}","templated":true}]}}