{"id":36351,"date":"2026-07-15T07:47:00","date_gmt":"2026-07-15T05:47:00","guid":{"rendered":"https:\/\/euapp01.newsmemory.com\/lamarseillaise\/news\/?p=36351"},"modified":"2026-07-21T07:25:23","modified_gmt":"2026-07-21T05:25:23","slug":"cest-lete-une-boum-pour-enfants-au-coeur-des-parcs-marseillais","status":"publish","type":"post","link":"https:\/\/euapp01.newsmemory.com\/lamarseillaise\/news\/2026\/07\/15\/cest-lete-une-boum-pour-enfants-au-coeur-des-parcs-marseillais\/","title":{"rendered":"[C\u2019est l\u2019\u00e9t\u00e9] Une boum pour enfants au c\u0153ur des parcs marseillais"},"content":{"rendered":"<div class=\"paragraph\">\n<p>Plumes roses, tutus fuchsia et lunettes de toutes sortes. Mardi 8\u00a0juillet, l\u2019\u00e9nergie de la Boum Boum s\u2019est empar\u00e9e du parc de la Porte d\u2019Aix \u00e0 l\u2019occasion de l\u2019\u00c9t\u00e9 marseillais. Ce concert \u00ab\u00a0<i>ludique et sportif<\/i>\u00a0\u00bb souhaite parler \u00ab\u00a0<i>de la vie quotidienne des enfants<\/i>\u00a0\u00bb, selon son producteur, Claude Freissinier.<\/p>\n<p>La formule semble s\u00e9duire les plus jeunes. Pr\u00e8s de la sc\u00e8ne, Maelys et Inaya observent attentivement les chor\u00e9graphies avant de les reproduire. \u00ab\u00a0La danse des m\u00e9tiers\u00a0\u00bb et le \u00ab\u00a0voyage dans l\u2019espace\u00a0\u00bb sont les tableaux qu\u2019elles ont pr\u00e9f\u00e9r\u00e9s, expliquent-elles. Apr\u00e8s cinquante minutes de spectacle, \u00ab\u00a0<i>l\u2019excitation et l\u2019envie d\u2019y retourner<\/i><i>\u00a0<\/i>\u00bb sont toujours au rendez-vous, confient les deux amies.<\/p>\n<\/p><\/div>\n<div class=\"intext\"> Les parents aussi s\u2019amusent\n              <\/div>\n<div class=\"paragraph\">\n<p>Mais les plus jeunes ne sont pas les seuls \u00e0 profiter. Quelques m\u00e8tres plus loin, Myriam, maman d&#8217;Inaya, laisse \u00e9chapper quelques rires et confie trouver \u00ab\u00a0<i>le spectacle sympa et rigolo<\/i>\u00a0\u00bb. Pour les parents, c&#8217;est aussi l&#8217;occasion de \u00ab\u00a0<i>souffler, tout en ayant quelqu&#8217;un qui s&#8217;occupe des enfants<\/i>\u00a0\u00bb, estime Hachimia.<\/p>\n<p>Trois autres dates de la Boum Boum sont pr\u00e9vues en juillet, dans les parcs Billoux (15\u00a0juillet), de la Moline (22\u00a0juillet) et du 26<sup>e<\/sup>\u00a0Centenaire (29\u00a0juillet).<\/p>\n<\/p><\/div>\n","protected":false},"excerpt":{"rendered":"Plumes roses, tutus fuchsia et lunettes de toutes sortes. Mardi 8&nbsp;juillet, l&rsquo;&eacute;nergie de la Boum Boum s&rsquo;est empar&eacute;e du parc de la Porte d&rsquo;Aix &agrave; l&rsquo;occasion de l&rsquo;&Eacute;t&eacute; marseillais. Ce &#8230;","protected":false},"author":1,"featured_media":36352,"comment_status":"open","ping_status":"open","sticky":false,"template":"","format":"standard","meta":{"footnotes":""},"categories":[3926,3925,32,20],"tags":[10,6085,1250,57,1138,1308,16,325,529,188,2874],"news-destination":[3944],"news-source":[475],"is_homepage":[],"ta_other":[],"class_list":["post-36351","post","type-post","status-publish","format-standard","has-post-thumbnail","hentry","category-accueil-merge","category-accueil-third","category-culture","category-societe","tag-bouches-du-rhone","tag-cest-lete","tag-danse","tag-enfants","tag-festivites","tag-lete-marseillais","tag-marseille","tag-musique","tag-spectacle","tag-spectacle-vivant","tag-vacances-scolaires","news-destination-homepage","news-source-website"],"_links":{"self":[{"href":"https:\/\/euapp01.newsmemory.com\/lamarseillaise\/news\/wp-json\/wp\/v2\/posts\/36351","targetHints":{"allow":["GET"]}}],"collection":[{"href":"https:\/\/euapp01.newsmemory.com\/lamarseillaise\/news\/wp-json\/wp\/v2\/posts"}],"about":[{"href":"https:\/\/euapp01.newsmemory.com\/lamarseillaise\/news\/wp-json\/wp\/v2\/types\/post"}],"author":[{"embeddable":true,"href":"https:\/\/euapp01.newsmemory.com\/lamarseillaise\/news\/wp-json\/wp\/v2\/users\/1"}],"replies":[{"embeddable":true,"href":"https:\/\/euapp01.newsmemory.com\/lamarseillaise\/news\/wp-json\/wp\/v2\/comments?post=36351"}],"version-history":[{"count":1,"href":"https:\/\/euapp01.newsmemory.com\/lamarseillaise\/news\/wp-json\/wp\/v2\/posts\/36351\/revisions"}],"predecessor-version":[{"id":36353,"href":"https:\/\/euapp01.newsmemory.com\/lamarseillaise\/news\/wp-json\/wp\/v2\/posts\/36351\/revisions\/36353"}],"wp:featuredmedia":[{"embeddable":true,"href":"https:\/\/euapp01.newsmemory.com\/lamarseillaise\/news\/wp-json\/wp\/v2\/media\/36352"}],"wp:attachment":[{"href":"https:\/\/euapp01.newsmemory.com\/lamarseillaise\/news\/wp-json\/wp\/v2\/media?parent=36351"}],"wp:term":[{"taxonomy":"category","embeddable":true,"href":"https:\/\/euapp01.newsmemory.com\/lamarseillaise\/news\/wp-json\/wp\/v2\/categories?post=36351"},{"taxonomy":"post_tag","embeddable":true,"href":"https:\/\/euapp01.newsmemory.com\/lamarseillaise\/news\/wp-json\/wp\/v2\/tags?post=36351"},{"taxonomy":"news-destination","embeddable":true,"href":"https:\/\/euapp01.newsmemory.com\/lamarseillaise\/news\/wp-json\/wp\/v2\/news-destination?post=36351"},{"taxonomy":"news-source","embeddable":true,"href":"https:\/\/euapp01.newsmemory.com\/lamarseillaise\/news\/wp-json\/wp\/v2\/news-source?post=36351"},{"taxonomy":"is_homepage","embeddable":true,"href":"https:\/\/euapp01.newsmemory.com\/lamarseillaise\/news\/wp-json\/wp\/v2\/is_homepage?post=36351"},{"taxonomy":"ta_other","embeddable":true,"href":"https:\/\/euapp01.newsmemory.com\/lamarseillaise\/news\/wp-json\/wp\/v2\/ta_other?post=36351"}],"curies":[{"name":"wp","href":"https:\/\/api.w.org\/{rel}","templated":true}]}}