{"id":36348,"date":"2026-07-15T07:17:00","date_gmt":"2026-07-15T05:17:00","guid":{"rendered":"https:\/\/euapp01.newsmemory.com\/lamarseillaise\/news\/?p=36348"},"modified":"2026-07-20T08:57:28","modified_gmt":"2026-07-20T06:57:28","slug":"des-chevreuils-dans-le-viseur-de-letat","status":"publish","type":"post","link":"https:\/\/euapp01.newsmemory.com\/lamarseillaise\/news\/2026\/07\/15\/des-chevreuils-dans-le-viseur-de-letat\/","title":{"rendered":"Des chevreuils dans le viseur de l\u2019\u00e9tat"},"content":{"rendered":"<div class=\"paragraph\">\n<p>Un arr\u00eat\u00e9 visant \u00e0 permettre la \u00ab\u00a0destruction administrative\u00a0\u00bb des chevreuils. C\u2019est ce qu\u2019a publi\u00e9 la pr\u00e9fecture des Bouches-du-Rh\u00f4ne, le 7\u00a0juillet, afin de \u00ab\u00a0r\u00e9guler [la] pr\u00e9sence\u00a0\u00bb des b\u00eates et de \u00ab\u00a0pr\u00e9venir les atteintes aux cultures<i>\u00a0<\/i>\u00bb. Concr\u00e8tement, Didier Vigo, lieutenant de louveterie des Bouches-du-Rh\u00f4ne, est autoris\u00e9, \u00ab\u00a0\u00e0 toute heure du jour et de la nuit\u00a0\u00bb, \u00e0 abattre un chevreuil, dans les parcelles agricoles de Cl\u00e9ment Klein, o\u00f9 des nuisances ont \u00e9t\u00e9 constat\u00e9es, mais aussi \u00ab\u00a0sur tous les secteurs d\u2019o\u00f9 proviennent les chevreuils, ainsi que sur tous les secteurs sur lesquels ils se r\u00e9fugient\u00a0\u00bb. Didier Vigo pourra \u00eatre accompagn\u00e9 de chasseurs qu\u2019il aura d\u00e9sign\u00e9s et qui resteront sous sa supervision.<\/p>\n<p>L\u2019article\u00a05 de l\u2019arr\u00eat\u00e9 pr\u00e9cise par ailleurs que \u00ab\u00a0tout acte d\u2019outrage ou de violence \u00e0 l\u2019encontre du lieutenant de louveterie ou des participants \u00e0 l\u2019op\u00e9ration de destruction administrative, notamment s\u2019il constitue une entrave \u00e0 son ex\u00e9cution, fera syst\u00e9matiquement l\u2019objet de poursuites p\u00e9nales\u00a0\u00bb. Cette mention s\u2019explique sans doute par l\u2019opposition de certaines associations de protection animale, fermement oppos\u00e9es \u00e0 ce type de pratiques.<\/p>\n<\/p><\/div>\n<div class=\"intext\"> R\u00e9gulation naturelle\n              <\/div>\n<div class=\"paragraph\">\n<p>\u00ab\u00a0<i>C\u2019est vraiment d\u00e9solant de vouloir r\u00e9gler tous les probl\u00e8mes \u00e0 coups de fusil<\/i><i>\u00a0<\/i><i>\u00bb, <\/i>s\u2019indigne Muriel Arnal, pr\u00e9sidente de One Voice, association qui milite pour une \u00ab\u00a0\u00e9thique animale et plan\u00e9taire\u00a0\u00bb.<i> <\/i>\u00ab\u00a0<i>Il y a une volont\u00e9, de la part de certains syndicats agricoles et des f\u00e9d\u00e9rations de chasse, de faire de la nature ce qu\u2019ils veulent<\/i><i>\u00a0<\/i>\u00bb, ajoute-t-elle. L\u2019activiste pointe du doigt \u00ab\u00a0<i>l\u2019incoh\u00e9rence des politiques publiques<\/i><i>\u00a0<\/i>\u00bb, qui choisissent de \u00ab\u00a0<i>supprimer certains pr\u00e9dateurs naturels, pourtant indispensables \u00e0 la r\u00e9gulation de l\u2019environnement<\/i>\u00a0\u00bb. La militante se r\u00e9f\u00e8re en fait au cas du loup. Depuis septembre\u00a02024, une d\u00e9rogation permet en effet d\u2019effectuer des tirs sur cette esp\u00e8ce pourtant prot\u00e9g\u00e9e depuis 1993, dans certaines conditions. Ces tirs doivent s\u2019effectuer de \u00ab<i>\u00a0<\/i><i>mani\u00e8re proportionn\u00e9e aux atteintes subies par un \u00e9levage<\/i>\u00a0\u00bb. \u00ab\u00a0<i>Quand les loups sont dans une zone, il n\u2019y a pas de probl\u00e8me de chevreuils, car ce sont leurs pr\u00e9dateurs naturels. Il y a un \u00e9quilibre<\/i>\u00a0\u00bb, insiste-t-elle.<\/p>\n<\/p><\/div>\n<div class=\"intext\"> Poursuite juridique\u00a0?\n              <\/div>\n<div class=\"paragraph\">\n<p>En 2022 d\u00e9j\u00e0, une autorisation similaire, sur la commune du Puy-Sainte-R\u00e9parade (Bouches-du-Rh\u00f4ne), avait \u00e9t\u00e9 attaqu\u00e9e par l\u2019association en r\u00e9f\u00e9r\u00e9, r\u00e9volt\u00e9e par ce qu\u2019elle qualifiait de \u00ab\u00a0<i>massacres autoris\u00e9s par les pr\u00e9fets<\/i><i>\u00a0<\/i>\u00bb. \u00ab\u00a0<i>Des recours pour sauver les animaux, nous en faisons peut-\u00eatre 100 par an<\/i>, d\u00e9taille Muriel Arnal. <i>On attaque d\u00e8s qu\u2019on peut. Donc, si c\u2019est possible, nous attaquerons cette d\u00e9cision<\/i><i>\u00a0<\/i>\u00bb.<\/p>\n<p>L\u2019arr\u00eat\u00e9 s\u2019applique jusqu\u2019au 12\u00a0septembre 2026.<\/p>\n<\/p><\/div>\n","protected":false},"excerpt":{"rendered":"Un arr&ecirc;t&eacute; visant &agrave; permettre la &laquo;&nbsp;destruction administrative&nbsp;&raquo; des chevreuils. C&rsquo;est ce qu&rsquo;a publi&eacute; la pr&eacute;fecture des Bouches-du-Rh&ocirc;ne, le 7&nbsp;juillet, afin de &#8230;","protected":false},"author":1,"featured_media":36349,"comment_status":"open","ping_status":"open","sticky":false,"template":"","format":"standard","meta":{"footnotes":""},"categories":[3926,3925,333],"tags":[182,1631,493,84,10,5877,5889,1131],"news-destination":[3944],"news-source":[475],"is_homepage":[],"ta_other":[],"class_list":["post-36348","post","type-post","status-publish","format-standard","has-post-thumbnail","hentry","category-accueil-merge","category-accueil-third","category-environnement","tag-animaux","tag-attaque","tag-aubagne","tag-biodiversite","tag-bouches-du-rhone","tag-chasseurs","tag-decision","tag-prefecture","news-destination-homepage","news-source-website"],"_links":{"self":[{"href":"https:\/\/euapp01.newsmemory.com\/lamarseillaise\/news\/wp-json\/wp\/v2\/posts\/36348","targetHints":{"allow":["GET"]}}],"collection":[{"href":"https:\/\/euapp01.newsmemory.com\/lamarseillaise\/news\/wp-json\/wp\/v2\/posts"}],"about":[{"href":"https:\/\/euapp01.newsmemory.com\/lamarseillaise\/news\/wp-json\/wp\/v2\/types\/post"}],"author":[{"embeddable":true,"href":"https:\/\/euapp01.newsmemory.com\/lamarseillaise\/news\/wp-json\/wp\/v2\/users\/1"}],"replies":[{"embeddable":true,"href":"https:\/\/euapp01.newsmemory.com\/lamarseillaise\/news\/wp-json\/wp\/v2\/comments?post=36348"}],"version-history":[{"count":1,"href":"https:\/\/euapp01.newsmemory.com\/lamarseillaise\/news\/wp-json\/wp\/v2\/posts\/36348\/revisions"}],"predecessor-version":[{"id":36350,"href":"https:\/\/euapp01.newsmemory.com\/lamarseillaise\/news\/wp-json\/wp\/v2\/posts\/36348\/revisions\/36350"}],"wp:featuredmedia":[{"embeddable":true,"href":"https:\/\/euapp01.newsmemory.com\/lamarseillaise\/news\/wp-json\/wp\/v2\/media\/36349"}],"wp:attachment":[{"href":"https:\/\/euapp01.newsmemory.com\/lamarseillaise\/news\/wp-json\/wp\/v2\/media?parent=36348"}],"wp:term":[{"taxonomy":"category","embeddable":true,"href":"https:\/\/euapp01.newsmemory.com\/lamarseillaise\/news\/wp-json\/wp\/v2\/categories?post=36348"},{"taxonomy":"post_tag","embeddable":true,"href":"https:\/\/euapp01.newsmemory.com\/lamarseillaise\/news\/wp-json\/wp\/v2\/tags?post=36348"},{"taxonomy":"news-destination","embeddable":true,"href":"https:\/\/euapp01.newsmemory.com\/lamarseillaise\/news\/wp-json\/wp\/v2\/news-destination?post=36348"},{"taxonomy":"news-source","embeddable":true,"href":"https:\/\/euapp01.newsmemory.com\/lamarseillaise\/news\/wp-json\/wp\/v2\/news-source?post=36348"},{"taxonomy":"is_homepage","embeddable":true,"href":"https:\/\/euapp01.newsmemory.com\/lamarseillaise\/news\/wp-json\/wp\/v2\/is_homepage?post=36348"},{"taxonomy":"ta_other","embeddable":true,"href":"https:\/\/euapp01.newsmemory.com\/lamarseillaise\/news\/wp-json\/wp\/v2\/ta_other?post=36348"}],"curies":[{"name":"wp","href":"https:\/\/api.w.org\/{rel}","templated":true}]}}