{"id":36345,"date":"2026-07-15T07:21:00","date_gmt":"2026-07-15T05:21:00","guid":{"rendered":"https:\/\/euapp01.newsmemory.com\/lamarseillaise\/news\/?p=36345"},"modified":"2026-07-21T07:12:18","modified_gmt":"2026-07-21T05:12:18","slug":"a-primark-les-salaries-a-temps-partiel-veulent-travailler-davantage","status":"publish","type":"post","link":"https:\/\/euapp01.newsmemory.com\/lamarseillaise\/news\/2026\/07\/15\/a-primark-les-salaries-a-temps-partiel-veulent-travailler-davantage\/","title":{"rendered":"\u00c0 Primark, les salari\u00e9s \u00e0 temps partiel veulent travailler davantage"},"content":{"rendered":"<div class=\"paragraph\">\n<p>Face \u00e0 une conjoncture \u00e9conomique difficile pour de nombreux foyers, en particulier ceux dot\u00e9s de ressources limit\u00e9es, il n\u2019existe parfois qu\u2019une seule solution : travailler davantage. Une conception tr\u00e8s lib\u00e9rale du monde du travail, promue par Nicolas Sarkozy \u00e0 travers son slogan de campagne pour la pr\u00e9sidentielle 2007, qui ne traduit pas toujours une orientation politique, mais une n\u00e9cessit\u00e9 dans la situation actuelle, avec des salaires qui ne suivent pas l\u2019inflation.<\/p>\n<p>Les salari\u00e9s de Primark, \u00e0 La\u00a0Valette-du-Var, sont concern\u00e9s. Certains d\u2019entre eux (86\u00a0sur les 123\u00a0vendeurs de l\u2019enseigne), employ\u00e9s \u00e0 temps partiel (25\u00a0heures hebdomadaires maximum), souhaitent travailler davantage, mais ne se voient pas proposer d\u2019heures suppl\u00e9mentaires ou compl\u00e9mentaires par leur direction. \u00ab\u00a0<i>Pour beaucoup, le temps partiel n\u2019est pas un choix, mais une contrainte. Les heures compl\u00e9mentaires repr\u00e9sentent un ajout indispensable pour payer un loyer, financer des \u00e9tudes, assurer les d\u00e9penses du quotidien ou constituer une \u00e9pargne pour les mois o\u00f9 les revenus diminuent<\/i>\u00a0\u00bb, d\u00e9nonce la CGT Primark La Valette. Parmi eux, des contrats \u00e9tudiants (8 \u00e0 16\u00a0heures), qui se retrouvent \u00ab\u00a0<i>particuli\u00e8rement touch\u00e9s. Pendant les vacances d\u2019\u00e9t\u00e9, nombre d\u2019entre eux ne per\u00e7oivent pas de bourse et comptent sur leur emploi pour pr\u00e9parer leur rentr\u00e9e universitaire. Aujourd\u2019hui, cette possibilit\u00e9 leur est refus\u00e9e, les pla\u00e7ant dans une situation financi\u00e8re difficile<\/i><i>\u00a0<\/i>\u00bb.<\/p>\n<\/p><\/div>\n<div class=\"intext\"> L\u2019ombre de la gr\u00e8ve\n              <\/div>\n<div class=\"paragraph\">\n<p>Une situiation incompr\u00e9hensible pour la CGT, eu \u00e9gard aux r\u00e9centes embauches, dont elle se f\u00e9licite cependant, mais qui \u00ab\u00a0<i>ne doivent pas se faire au d\u00e9triment des salari\u00e9s d\u00e9j\u00e0 pr\u00e9sents qui souhaitent augmenter leur temps de travail. Embaucher est une n\u00e9cessit\u00e9<\/i><i>\u00a0<\/i><i>; permettre \u00e0 ces salari\u00e9s de b\u00e9n\u00e9ficier d\u2019heures compl\u00e9mentaires, lorsque l\u2019activit\u00e9 le permet, l\u2019est tout autant<\/i><i>\u00a0<\/i>\u00bb.<\/p>\n<p>Alert\u00e9e par les syndicats, la direction a indiqu\u00e9 \u00ab\u00a0<i>faire le maximum dans la mesure de <\/i>[ses]<i> possibilit\u00e9s \u00e9conomiques et organisationnelles, pour proposer des compl\u00e9ments d\u2019heures lorsque les besoins de l\u2019activit\u00e9 le permettent. Leur engagement <\/i>(&#8230;)<i> est reconnu, appr\u00e9ci\u00e9, et il constitue un \u00e9l\u00e9ment important dans <\/i>[ses]<i> r\u00e9flexions<\/i><i>\u00a0<\/i>\u00bb. Des mots que la CGT consid\u00e8re comme \u00ab\u00a0<i>contradictoires<\/i><i>\u00a0<\/i>\u00bb et \u00ab\u00a0<i>insuffisants<\/i><i>\u00a0<\/i>\u00bb vis-\u00e0-vis de la situation, alors que les salari\u00e9s s\u2019\u00e9taient vus pr\u00e9senter la possibilit\u00e9 d\u2019effectuer des heures suppl\u00e9mentaires lors de leur recrutement. Elle demande \u00e0 la direction de \u00ab\u00a0<i>respecter les engagements affich\u00e9s envers les salari\u00e9s \u00e0 temps partiel<\/i>\u00a0\u00bb, sans quoi un mouvement de gr\u00e8ve pourrait \u00eatre enclench\u00e9.<\/p>\n<\/p><\/div>\n","protected":false},"excerpt":{"rendered":"Face &agrave; une conjoncture &eacute;conomique difficile pour de nombreux foyers, en particulier ceux dot&eacute;s de ressources limit&eacute;es, il n&rsquo;existe parfois qu&rsquo;une seule solution : travailler davantage. Une conception &#8230;","protected":false},"author":1,"featured_media":36346,"comment_status":"open","ping_status":"open","sticky":false,"template":"","format":"standard","meta":{"footnotes":""},"categories":[3926,3925,331],"tags":[113,3930,302,1518,876,3470,4453,6092,1025,962,364,2889,31],"news-destination":[3944],"news-source":[475],"is_homepage":[],"ta_other":[],"class_list":["post-36345","post","type-post","status-publish","format-standard","has-post-thumbnail","hentry","category-accueil-merge","category-accueil-third","category-social","tag-cgt","tag-contrats","tag-emploi","tag-etudiants","tag-greve","tag-la-valette-du-var","tag-monde-du-travail","tag-primark","tag-salaires","tag-salaries","tag-syndicats","tag-temps-de-travail","tag-var","news-destination-homepage","news-source-website"],"_links":{"self":[{"href":"https:\/\/euapp01.newsmemory.com\/lamarseillaise\/news\/wp-json\/wp\/v2\/posts\/36345","targetHints":{"allow":["GET"]}}],"collection":[{"href":"https:\/\/euapp01.newsmemory.com\/lamarseillaise\/news\/wp-json\/wp\/v2\/posts"}],"about":[{"href":"https:\/\/euapp01.newsmemory.com\/lamarseillaise\/news\/wp-json\/wp\/v2\/types\/post"}],"author":[{"embeddable":true,"href":"https:\/\/euapp01.newsmemory.com\/lamarseillaise\/news\/wp-json\/wp\/v2\/users\/1"}],"replies":[{"embeddable":true,"href":"https:\/\/euapp01.newsmemory.com\/lamarseillaise\/news\/wp-json\/wp\/v2\/comments?post=36345"}],"version-history":[{"count":1,"href":"https:\/\/euapp01.newsmemory.com\/lamarseillaise\/news\/wp-json\/wp\/v2\/posts\/36345\/revisions"}],"predecessor-version":[{"id":36347,"href":"https:\/\/euapp01.newsmemory.com\/lamarseillaise\/news\/wp-json\/wp\/v2\/posts\/36345\/revisions\/36347"}],"wp:featuredmedia":[{"embeddable":true,"href":"https:\/\/euapp01.newsmemory.com\/lamarseillaise\/news\/wp-json\/wp\/v2\/media\/36346"}],"wp:attachment":[{"href":"https:\/\/euapp01.newsmemory.com\/lamarseillaise\/news\/wp-json\/wp\/v2\/media?parent=36345"}],"wp:term":[{"taxonomy":"category","embeddable":true,"href":"https:\/\/euapp01.newsmemory.com\/lamarseillaise\/news\/wp-json\/wp\/v2\/categories?post=36345"},{"taxonomy":"post_tag","embeddable":true,"href":"https:\/\/euapp01.newsmemory.com\/lamarseillaise\/news\/wp-json\/wp\/v2\/tags?post=36345"},{"taxonomy":"news-destination","embeddable":true,"href":"https:\/\/euapp01.newsmemory.com\/lamarseillaise\/news\/wp-json\/wp\/v2\/news-destination?post=36345"},{"taxonomy":"news-source","embeddable":true,"href":"https:\/\/euapp01.newsmemory.com\/lamarseillaise\/news\/wp-json\/wp\/v2\/news-source?post=36345"},{"taxonomy":"is_homepage","embeddable":true,"href":"https:\/\/euapp01.newsmemory.com\/lamarseillaise\/news\/wp-json\/wp\/v2\/is_homepage?post=36345"},{"taxonomy":"ta_other","embeddable":true,"href":"https:\/\/euapp01.newsmemory.com\/lamarseillaise\/news\/wp-json\/wp\/v2\/ta_other?post=36345"}],"curies":[{"name":"wp","href":"https:\/\/api.w.org\/{rel}","templated":true}]}}