{"id":36342,"date":"2026-07-15T07:35:00","date_gmt":"2026-07-15T05:35:00","guid":{"rendered":"https:\/\/euapp01.newsmemory.com\/lamarseillaise\/news\/?p=36342"},"modified":"2026-07-21T07:25:23","modified_gmt":"2026-07-21T05:25:23","slug":"des-navettes-franco-italiennes-inaugurees-dans-les-hautes-alpes","status":"publish","type":"post","link":"https:\/\/euapp01.newsmemory.com\/lamarseillaise\/news\/2026\/07\/15\/des-navettes-franco-italiennes-inaugurees-dans-les-hautes-alpes\/","title":{"rendered":"Des navettes franco-italiennes inaugur\u00e9es dans les Hautes-Alpes"},"content":{"rendered":"<div class=\"paragraph\">\n<p>\u00ab <i>U<\/i><i>ne date importante dans l\u2019histoire de nos deux communaut\u00e9s<\/i><i>\u00a0<\/i>\u00bb\u00a0: c\u2019est ainsi que Michel Mouront, pr\u00e9sident de la Communaut\u00e9 de communes du Guillestrois-Queyras, a qualifi\u00e9 ce lundi 13\u00a0juillet, jour de l\u2019inauguration des navettes reliant les vall\u00e9es du Queyras et du Val Varaita. Les \u00e9lus des deux territoires se sont donn\u00e9 rendez-vous au col Agnel, \u00e0 2\u00a0744\u00a0m\u00e8tres d\u2019altitude, l\u00e0 o\u00f9 les minibus franchissent la fronti\u00e8re. Sur la route, l\u2019ascension peut s\u2019av\u00e9rer impressionnante. Mais, une fois au sommet, le panorama spectaculaire \u00e0 360\u00a0degr\u00e9s sur les vall\u00e9es fran\u00e7aises et italiennes r\u00e9v\u00e8le le col non pas comme un obstacle, mais comme un lieu de passage.<\/p>\n<p>Cette initiative s\u2019inscrit dans le cadre du programme Alcotra, un projet europ\u00e9en de coop\u00e9ration transfrontali\u00e8re entre les Alpes fran\u00e7aises et italiennes. Du 5\u00a0juillet au 30\u00a0ao\u00fbt, une \u00e0 deux navettes quotidiennes assureront un aller-retour entre Ville-Vieille, dans le Queyras, et Sampeyre, en Italie, en passant par Molines-en-Queyras, Chianale, Pontechianale et Casteldelfino. Du c\u00f4t\u00e9 fran\u00e7ais, les d\u00e9parts sont pr\u00e9vus les mardis, jeudis, vendredis et dimanches \u00e0 8h et 13h30, ainsi que le samedi \u00e0 9h30. Depuis Sampeyre, les navettes partiront les mercredis, jeudis, vendredis et dimanches \u00e0 10h30 et 16h40, et le samedi \u00e0 15h40. Le trajet simple co\u00fbte 4\u00a0euros. \u00ab\u00a0<i>Nous pensons qu\u2019il y aura des voyageurs, des gens qui vont faire les march\u00e9s en Italie et des randonneurs, <\/i>d\u00e9taille Michel Mouront.<i> Or, on voit tr\u00e8s bien que le col Agnel, notamment la descente italienne, est impressionnant et certains h\u00e9sitent \u00e0 s\u2019y engager. Notre but est aussi d\u2019apporter une offre touristique suppl\u00e9mentaire.<\/i><i>\u00a0<\/i><i>\u00bb <\/i><\/p>\n<p>Le projet vise \u00e0 renforcer l\u2019attractivit\u00e9 touristique du territoire, mais aussi les liens entre les deux vall\u00e9es. \u00ab<i>\u00a0<\/i><i>On y travaille depuis longtemps, on pense que c\u2019est vraiment important, car \u00e7a permet de faire passer les gens de chaque c\u00f4t\u00e9, de les faire se rencontrer,<\/i> a soulign\u00e9 Silvano Dovetta, pr\u00e9sident de l\u2019Union de montagne Val Varaita, en Italie. <i>Il y a la coop\u00e9ration politique et aussi un rapprochement humain, des rencontres, du travail ensemble, des maires qui sont devenus des amis.<\/i><i>\u00a0<\/i><i>\u00bb<\/i><\/p>\n<p><i><\/i><\/p>\n<\/p><\/div>\n<div class=\"intext\"> Un lieu symbolique\n              <\/div>\n<div class=\"paragraph\">\n<p>Le budget total de l\u2019op\u00e9ration est de 68\u00a0000\u00a0euros pour la communaut\u00e9 de communes du Guillestrois-Queyras et 30\u00a0000\u00a0euros pour le Val Varaita, pris \u00e0 charge \u00e0 80\u00a0% par l\u2019Union europ\u00e9enne.<i> <\/i>\u00ab\u00a0<i>Les habitants de nos diff\u00e9rentes vall\u00e9es vont se rendre compte que les projets europ\u00e9ens ont des effets concrets et leur permettent de se d\u00e9placer facilement entre vall\u00e9es<\/i>\u00a0\u00bb<i>,<\/i> esp\u00e8re Michel Mouron. Pour l\u2019\u00e9lu, faire de ce lieu un point de concorde rev\u00eat aussi une port\u00e9e symbolique\u00a0: \u00ab\u00a0<i>Le but est de nous rapprocher et de construire \u00e0 notre niveau une Europe pacifi\u00e9e, sereine, o\u00f9 nous nous comprenons. Il ne faut pas oublier qu\u2019ici m\u00eame dans les Alpes, en 1940, les arm\u00e9es fran\u00e7aises et italiennes se sont affront\u00e9es<\/i>.\u00a0\u00bb<\/p>\n<\/p><\/div>\n","protected":false},"excerpt":{"rendered":"&laquo; Une date importante dans l&rsquo;histoire de nos deux communaut&eacute;s&nbsp;&raquo;&nbsp;: c&rsquo;est ainsi que Michel Mouront, pr&eacute;sident de la Communaut&eacute; de communes du Guillestrois-Queyras, a qualifi&eacute; ce lundi &#8230;","protected":false},"author":1,"featured_media":36343,"comment_status":"open","ping_status":"open","sticky":false,"template":"","format":"standard","meta":{"footnotes":""},"categories":[3926,3925,20],"tags":[4768,1386,697,4468,1207,1385,3415,137,347,666],"news-destination":[3944],"news-source":[475],"is_homepage":[],"ta_other":[],"class_list":["post-36342","post","type-post","status-publish","format-standard","has-post-thumbnail","hentry","category-accueil-merge","category-accueil-third","category-societe","tag-alpes","tag-bus","tag-elus","tag-hautes-alpes","tag-italie","tag-mobilite","tag-montagne","tag-territoire","tag-tourisme","tag-transports","news-destination-homepage","news-source-website"],"_links":{"self":[{"href":"https:\/\/euapp01.newsmemory.com\/lamarseillaise\/news\/wp-json\/wp\/v2\/posts\/36342","targetHints":{"allow":["GET"]}}],"collection":[{"href":"https:\/\/euapp01.newsmemory.com\/lamarseillaise\/news\/wp-json\/wp\/v2\/posts"}],"about":[{"href":"https:\/\/euapp01.newsmemory.com\/lamarseillaise\/news\/wp-json\/wp\/v2\/types\/post"}],"author":[{"embeddable":true,"href":"https:\/\/euapp01.newsmemory.com\/lamarseillaise\/news\/wp-json\/wp\/v2\/users\/1"}],"replies":[{"embeddable":true,"href":"https:\/\/euapp01.newsmemory.com\/lamarseillaise\/news\/wp-json\/wp\/v2\/comments?post=36342"}],"version-history":[{"count":1,"href":"https:\/\/euapp01.newsmemory.com\/lamarseillaise\/news\/wp-json\/wp\/v2\/posts\/36342\/revisions"}],"predecessor-version":[{"id":36344,"href":"https:\/\/euapp01.newsmemory.com\/lamarseillaise\/news\/wp-json\/wp\/v2\/posts\/36342\/revisions\/36344"}],"wp:featuredmedia":[{"embeddable":true,"href":"https:\/\/euapp01.newsmemory.com\/lamarseillaise\/news\/wp-json\/wp\/v2\/media\/36343"}],"wp:attachment":[{"href":"https:\/\/euapp01.newsmemory.com\/lamarseillaise\/news\/wp-json\/wp\/v2\/media?parent=36342"}],"wp:term":[{"taxonomy":"category","embeddable":true,"href":"https:\/\/euapp01.newsmemory.com\/lamarseillaise\/news\/wp-json\/wp\/v2\/categories?post=36342"},{"taxonomy":"post_tag","embeddable":true,"href":"https:\/\/euapp01.newsmemory.com\/lamarseillaise\/news\/wp-json\/wp\/v2\/tags?post=36342"},{"taxonomy":"news-destination","embeddable":true,"href":"https:\/\/euapp01.newsmemory.com\/lamarseillaise\/news\/wp-json\/wp\/v2\/news-destination?post=36342"},{"taxonomy":"news-source","embeddable":true,"href":"https:\/\/euapp01.newsmemory.com\/lamarseillaise\/news\/wp-json\/wp\/v2\/news-source?post=36342"},{"taxonomy":"is_homepage","embeddable":true,"href":"https:\/\/euapp01.newsmemory.com\/lamarseillaise\/news\/wp-json\/wp\/v2\/is_homepage?post=36342"},{"taxonomy":"ta_other","embeddable":true,"href":"https:\/\/euapp01.newsmemory.com\/lamarseillaise\/news\/wp-json\/wp\/v2\/ta_other?post=36342"}],"curies":[{"name":"wp","href":"https:\/\/api.w.org\/{rel}","templated":true}]}}