{"id":36339,"date":"2026-07-15T07:37:00","date_gmt":"2026-07-15T05:37:00","guid":{"rendered":"https:\/\/euapp01.newsmemory.com\/lamarseillaise\/news\/?p=36339"},"modified":"2026-07-21T07:25:23","modified_gmt":"2026-07-21T05:25:23","slug":"les-conges-payes-en-debat-90-ans-apres-le-front-populaire","status":"publish","type":"post","link":"https:\/\/euapp01.newsmemory.com\/lamarseillaise\/news\/2026\/07\/15\/les-conges-payes-en-debat-90-ans-apres-le-front-populaire\/","title":{"rendered":"Les cong\u00e9s pay\u00e9s en d\u00e9bat 90 ans apr\u00e8s le Front populaire"},"content":{"rendered":"<div class=\"paragraph\">\n<p>\u00ab <i>I<\/i><i>l faut continuer le combat.<\/i>\u00a0\u00bb Dans le quartier de Menpenti \u00e0 Marseille, le 14-Juillet est, comme chaque ann\u00e9e, l\u2019occasion d\u2019une grande f\u00eate sur la place Pierre-Roux. Historiquement organis\u00e9e par le Parti communiste fran\u00e7ais, elle est d\u00e9sormais port\u00e9e par une vingtaine d\u2019associations avec le soutien de la mairie des 4<sup>e <\/sup>et 5<sup>e<\/sup> arrondissements. Fid\u00e8le \u00e0 ses racines, le PCF reste n\u00e9anmoins la seule formation politique pr\u00e9sente. Au programme : un d\u00e9bat public consacr\u00e9 aux cong\u00e9s pay\u00e9s, 90 ans apr\u00e8s l\u2019arriv\u00e9e du Front populaire en France.<\/p>\n<p>Durant une heure, Annick Riani (docteure en histoire) et G\u00e9rard Leidet (pr\u00e9sident de Prom\u00e9mo, Provence M\u00e9moire et Monde ouvrier) ont anim\u00e9 les discussions. S\u2019ils ont apport\u00e9 un \u00e9clairage local sur les luttes de cette \u00e9poque, ils ont \u00e9galement insist\u00e9 sur l\u2019importance que ces questions rev\u00eatent aujourd\u2019hui. Le temps de travail est d\u2019ailleurs \u00ab\u00a0<i>une question essentielle \u00e0 l\u2019approche de la pr\u00e9sidentielle<\/i>\u00a0\u00bb, affirme Annick Riani \u00e0 la fin du d\u00e9bat.<\/p>\n<p>La chercheuse remarque \u00ab<i>\u00a0<\/i><i>les tentatives de bousiller les jours f\u00e9ri\u00e9s<\/i><i>\u00a0<\/i>\u00bb par le gouvernement, \u00ab\u00a0<i>comme ce fut le cas pour le 1<\/i><i><sup>er<\/sup><\/i><i>-Mai<\/i><i>\u00a0<\/i>\u00bb, s\u2019indigne-t-elle. Autre source de col\u00e8re pour elle : une proposition du d\u00e9put\u00e9 Les R\u00e9publicains R\u00e9mi Pilato visant \u00e0 \u00ab\u00a0<i>renoncer \u00e0 une semaine de cong\u00e9s afin d\u2019\u00eatre r\u00e9mun\u00e9r\u00e9 sur celle-ci<\/i><i>\u00a0<\/i>\u00bb, une preuve de plus, selon elle, de \u00ab\u00a0<i>la volont\u00e9 du gouvernement de vouloir faire travailler toujours plus<\/i>\u00a0\u00bb. Pour l\u2019avenir, elle dit avoir un message : \u00ab <i>Il faut se mobiliser, faire gr\u00e8ve et \u00eatre offensif.<\/i><i>\u00a0<\/i>\u00bb<\/p>\n<p>Les festivit\u00e9s se sont ensuite poursuivies jusqu\u2019au soir, avec un march\u00e9 paysan, un repas chaleureux autour d\u2019un a\u00efoli, un karaok\u00e9 et un bal populaire.<\/p>\n<\/p><\/div>\n","protected":false},"excerpt":{"rendered":"&laquo; Il faut continuer le combat.&nbsp;&raquo; Dans le quartier de Menpenti &agrave; Marseille, le 14-Juillet est, comme chaque ann&eacute;e, l&rsquo;occasion d&rsquo;une grande f&ecirc;te sur la place Pierre-Roux. Historiquement organis&eacute;e &#8230;","protected":false},"author":1,"featured_media":36340,"comment_status":"open","ping_status":"open","sticky":false,"template":"","format":"standard","meta":{"footnotes":""},"categories":[3926,3925,20],"tags":[4275,2149,6083,452,1138,2347,3111,16,2518,623],"news-destination":[3944],"news-source":[475],"is_homepage":[],"ta_other":[],"class_list":["post-36339","post","type-post","status-publish","format-standard","has-post-thumbnail","hentry","category-accueil-merge","category-accueil-third","category-societe","tag-14-juillet","tag-anniversaire","tag-bal","tag-debat","tag-festivites","tag-fete-populaire","tag-front-populaire","tag-marseille","tag-monde-ouvrier","tag-parti-communiste","news-destination-homepage","news-source-website"],"_links":{"self":[{"href":"https:\/\/euapp01.newsmemory.com\/lamarseillaise\/news\/wp-json\/wp\/v2\/posts\/36339","targetHints":{"allow":["GET"]}}],"collection":[{"href":"https:\/\/euapp01.newsmemory.com\/lamarseillaise\/news\/wp-json\/wp\/v2\/posts"}],"about":[{"href":"https:\/\/euapp01.newsmemory.com\/lamarseillaise\/news\/wp-json\/wp\/v2\/types\/post"}],"author":[{"embeddable":true,"href":"https:\/\/euapp01.newsmemory.com\/lamarseillaise\/news\/wp-json\/wp\/v2\/users\/1"}],"replies":[{"embeddable":true,"href":"https:\/\/euapp01.newsmemory.com\/lamarseillaise\/news\/wp-json\/wp\/v2\/comments?post=36339"}],"version-history":[{"count":1,"href":"https:\/\/euapp01.newsmemory.com\/lamarseillaise\/news\/wp-json\/wp\/v2\/posts\/36339\/revisions"}],"predecessor-version":[{"id":36341,"href":"https:\/\/euapp01.newsmemory.com\/lamarseillaise\/news\/wp-json\/wp\/v2\/posts\/36339\/revisions\/36341"}],"wp:featuredmedia":[{"embeddable":true,"href":"https:\/\/euapp01.newsmemory.com\/lamarseillaise\/news\/wp-json\/wp\/v2\/media\/36340"}],"wp:attachment":[{"href":"https:\/\/euapp01.newsmemory.com\/lamarseillaise\/news\/wp-json\/wp\/v2\/media?parent=36339"}],"wp:term":[{"taxonomy":"category","embeddable":true,"href":"https:\/\/euapp01.newsmemory.com\/lamarseillaise\/news\/wp-json\/wp\/v2\/categories?post=36339"},{"taxonomy":"post_tag","embeddable":true,"href":"https:\/\/euapp01.newsmemory.com\/lamarseillaise\/news\/wp-json\/wp\/v2\/tags?post=36339"},{"taxonomy":"news-destination","embeddable":true,"href":"https:\/\/euapp01.newsmemory.com\/lamarseillaise\/news\/wp-json\/wp\/v2\/news-destination?post=36339"},{"taxonomy":"news-source","embeddable":true,"href":"https:\/\/euapp01.newsmemory.com\/lamarseillaise\/news\/wp-json\/wp\/v2\/news-source?post=36339"},{"taxonomy":"is_homepage","embeddable":true,"href":"https:\/\/euapp01.newsmemory.com\/lamarseillaise\/news\/wp-json\/wp\/v2\/is_homepage?post=36339"},{"taxonomy":"ta_other","embeddable":true,"href":"https:\/\/euapp01.newsmemory.com\/lamarseillaise\/news\/wp-json\/wp\/v2\/ta_other?post=36339"}],"curies":[{"name":"wp","href":"https:\/\/api.w.org\/{rel}","templated":true}]}}