{"id":36336,"date":"2026-07-15T07:15:00","date_gmt":"2026-07-15T05:15:00","guid":{"rendered":"https:\/\/euapp01.newsmemory.com\/lamarseillaise\/news\/?p=36336"},"modified":"2026-07-15T10:44:48","modified_gmt":"2026-07-15T08:44:48","slug":"lancement-reussi-de-la-tournee-dete-la-marseillaise","status":"publish","type":"post","link":"https:\/\/euapp01.newsmemory.com\/lamarseillaise\/news\/2026\/07\/15\/lancement-reussi-de-la-tournee-dete-la-marseillaise\/","title":{"rendered":"Lancement r\u00e9ussi de la Tourn\u00e9e d\u2019\u00e9t\u00e9 La Marseillaise"},"content":{"rendered":"<div class=\"paragraph\">\n<p>C\u2019est dans une ambiance chaleureuse et estivale que Rousset a accueilli, lundi 13\u00a0juillet, la premi\u00e8re \u00e9tape de la Tourn\u00e9e d\u2019\u00e9t\u00e9 La Marseillaise. D\u00e8s le d\u00e9but de soir\u00e9e, la place de la mairie, entour\u00e9e de ses restaurants et food-trucks, s\u2019est remplie d\u2019un public venu en famille ou entre amis pour profiter de ce rendez-vous musical.<\/p>\n<p>Apr\u00e8s les mots d\u2019accueil du maire, Philippe Pignon, aupr\u00e8s de Maryan Barthelemy, nouveau directeur des \u00e9v\u00e9nements, Laurent Menel a donn\u00e9 le ton en animant le d\u00e9but de la soir\u00e9e.<\/p>\n<p>Le groupe Jukebox Connexion a ouvert le bal, encha\u00eenant les plus grands tubes, avec un v\u00e9ritable concert participatif. Pendant plus de deux heures, la foule a chant\u00e9, dans\u00e9 et partag\u00e9 un moment de f\u00eate avant de prolonger la soir\u00e9e avec DJ Jo Spencer jusqu\u2019au bout de la nuit.<\/p>\n<p>Une premi\u00e8re date pleinement r\u00e9ussie. Prochain rendez-vous le mardi 21\u00a0juillet au Rove avec Tribute Queen. Au 7 bd de la Carrairade face au parking en dessous de l\u2019\u00c9glise.<\/p>\n<\/p><\/div>\n","protected":false},"excerpt":{"rendered":"D&egrave;s le d&eacute;but de soir&eacute;e, la place de la mairie, entour&eacute;e de ses restaurants et food-trucks, s&rsquo;est remplie d&rsquo;un public venu en famille ou entre amis pour profiter de ce rendez-vous musical.Apr&egrave;s les mots &#8230;","protected":false},"author":1,"featured_media":36337,"comment_status":"open","ping_status":"open","sticky":false,"template":"","format":"standard","meta":{"footnotes":""},"categories":[32],"tags":[6083,10,400,1138,325,3324,1279],"news-destination":[],"news-source":[475],"is_homepage":[],"ta_other":[],"class_list":["post-36336","post","type-post","status-publish","format-standard","has-post-thumbnail","hentry","category-culture","tag-bal","tag-bouches-du-rhone","tag-concerts","tag-festivites","tag-musique","tag-rousset","tag-tournee-dete-la-marseillaise","news-source-website"],"_links":{"self":[{"href":"https:\/\/euapp01.newsmemory.com\/lamarseillaise\/news\/wp-json\/wp\/v2\/posts\/36336","targetHints":{"allow":["GET"]}}],"collection":[{"href":"https:\/\/euapp01.newsmemory.com\/lamarseillaise\/news\/wp-json\/wp\/v2\/posts"}],"about":[{"href":"https:\/\/euapp01.newsmemory.com\/lamarseillaise\/news\/wp-json\/wp\/v2\/types\/post"}],"author":[{"embeddable":true,"href":"https:\/\/euapp01.newsmemory.com\/lamarseillaise\/news\/wp-json\/wp\/v2\/users\/1"}],"replies":[{"embeddable":true,"href":"https:\/\/euapp01.newsmemory.com\/lamarseillaise\/news\/wp-json\/wp\/v2\/comments?post=36336"}],"version-history":[{"count":2,"href":"https:\/\/euapp01.newsmemory.com\/lamarseillaise\/news\/wp-json\/wp\/v2\/posts\/36336\/revisions"}],"predecessor-version":[{"id":36411,"href":"https:\/\/euapp01.newsmemory.com\/lamarseillaise\/news\/wp-json\/wp\/v2\/posts\/36336\/revisions\/36411"}],"wp:featuredmedia":[{"embeddable":true,"href":"https:\/\/euapp01.newsmemory.com\/lamarseillaise\/news\/wp-json\/wp\/v2\/media\/36337"}],"wp:attachment":[{"href":"https:\/\/euapp01.newsmemory.com\/lamarseillaise\/news\/wp-json\/wp\/v2\/media?parent=36336"}],"wp:term":[{"taxonomy":"category","embeddable":true,"href":"https:\/\/euapp01.newsmemory.com\/lamarseillaise\/news\/wp-json\/wp\/v2\/categories?post=36336"},{"taxonomy":"post_tag","embeddable":true,"href":"https:\/\/euapp01.newsmemory.com\/lamarseillaise\/news\/wp-json\/wp\/v2\/tags?post=36336"},{"taxonomy":"news-destination","embeddable":true,"href":"https:\/\/euapp01.newsmemory.com\/lamarseillaise\/news\/wp-json\/wp\/v2\/news-destination?post=36336"},{"taxonomy":"news-source","embeddable":true,"href":"https:\/\/euapp01.newsmemory.com\/lamarseillaise\/news\/wp-json\/wp\/v2\/news-source?post=36336"},{"taxonomy":"is_homepage","embeddable":true,"href":"https:\/\/euapp01.newsmemory.com\/lamarseillaise\/news\/wp-json\/wp\/v2\/is_homepage?post=36336"},{"taxonomy":"ta_other","embeddable":true,"href":"https:\/\/euapp01.newsmemory.com\/lamarseillaise\/news\/wp-json\/wp\/v2\/ta_other?post=36336"}],"curies":[{"name":"wp","href":"https:\/\/api.w.org\/{rel}","templated":true}]}}