{"id":36333,"date":"2026-07-15T07:12:00","date_gmt":"2026-07-15T05:12:00","guid":{"rendered":"https:\/\/euapp01.newsmemory.com\/lamarseillaise\/news\/?p=36333"},"modified":"2026-07-15T10:04:23","modified_gmt":"2026-07-15T08:04:23","slug":"tour-de-france-tadej-pogacar-toujours-plus-fort","status":"publish","type":"post","link":"https:\/\/euapp01.newsmemory.com\/lamarseillaise\/news\/2026\/07\/15\/tour-de-france-tadej-pogacar-toujours-plus-fort\/","title":{"rendered":"[Tour de France] Tadej Pogacar toujours plus fort"},"content":{"rendered":"<div class=\"paragraph\">\n<p>Rien ne semble pouvoir emp\u00eacher Tadej Pogacar d\u2019aller chercher un cinqui\u00e8me sacre \u00e0 Paris.<\/p>\n<p>\u00c0 la sortie des \u00e9tapes auvergnates, le Slov\u00e8ne compte 3 minutes 36 d\u2019avance sur son dauphin, Jonas Vingegaard. Le Danois a bien tent\u00e9 de s\u2019accrocher, mais il n\u2019a pas pu suivre dans l\u2019attaque port\u00e9e \u00e0 15\u00a0kilom\u00e8tres de l\u2019arriv\u00e9e par le porteur du maillot jaune. Il c\u00e8de 44\u00a0secondes. Et voit revenir Remco Evenepoel et Paul Seixas.<\/p>\n<p>Le Fran\u00e7ais, pour son premier Tour, termine pour la premi\u00e8re fois sur le podium d\u2019une \u00e9tape. Le benjamin du peloton aurait aim\u00e9 faire mieux, \u00eatre par exemple le premier tricolore \u00e0 s\u2019offrir une \u00e9tape, qui plus est le 14-Juillet.<\/p>\n<p>Mais il doit se contenter de la troisi\u00e8me marche du podium du jour. Toutefois, ses prestations depuis le d\u00e9part de Barcelone montrent que Paul Seixas a le potentiel pour aller chercher Tadej Pogacar. Pas cette ann\u00e9e, car il est encore un peu trop tendre. Mais \u00e0 moyen terme, il devrait \u00eatre candidat \u00e0 une victoire finale.<\/p>\n<\/p><\/div>\n<div class=\"intext\"> Carapaz, trop court\n              <\/div>\n<div class=\"paragraph\">\n<p>Le combatif du jour portait une tunique rose, de la couleur de son sacre dans le Giro. Richard Carapaz a \u00e9t\u00e9 le principal animateur d\u2019une journ\u00e9e encore marqu\u00e9e par des temp\u00e9ratures caniculaires. L\u2019\u00c9quatorien \u00e9tait encore en t\u00eate au terme de la derni\u00e8re difficult\u00e9 du jour. Mais dans le col du Pertus, Tadej Pogacar a plac\u00e9 son attaque fatale pour ses rivaux. Il a \u00e9t\u00e9 d\u00e9pos\u00e9 par le Slov\u00e8ne \u00e0 250\u00a0m\u00e8tres du sommet et quinze kilom\u00e8tres de la ligne.<\/p>\n<p>Cette dixi\u00e8me \u00e9tape, entre Aurillac et la station du Lioran, aurait pu \u00eatre fatale \u00e0 deux coureurs du haut du classement. Tom Pidcock et Matteo Jorgenson ont chut\u00e9 dans la descente du Puy Mary, \u00e0 trente kilom\u00e8tres de l\u2019arriv\u00e9e. Les deux ont pu remonter sur leur machine. Mais si le Britannique a pu limiter les d\u00e9g\u00e2ts, l\u2019\u00c9tats-unien co\u00e9quipier de Jonas Vingegaard, a laiss\u00e9 des plumes et termin\u00e9 l\u2019\u00e9tape le coude ensanglant\u00e9.<\/p>\n<p>Au classement g\u00e9n\u00e9ral, le double champion du monde poss\u00e8de d\u00e9sormais 3\u00a0minutes\u00a036 d\u2019avance sur Jonas Vingegaard et 4\u00a0minutes\u00a006 sur Remco Evenepoel.<\/p>\n<p>Le Belge monte sur la troisi\u00e8me marche du podium \u00e0 la place d\u2019Isaac del Toro, le co\u00e9quipier de Tadej Pogacar, qui a c\u00e9d\u00e9 du terrain apr\u00e8s avoir eu une d\u00e9faillance dans la derni\u00e8re ascension. Le Mexicain termine 8<sup>e<\/sup> de l\u2019\u00e9tape \u00e0 1\u00a0minute\u00a031 de son leader.<\/p>\n<p>Paul Seixas gagne une place au g\u00e9n\u00e9ral et pointe \u00e0 la 5<sup>e<\/sup>\u00a0position, \u00e0 4\u00a0minutes\u00a035 du maillot jaune. Le Fran\u00e7ais a \u00e9t\u00e9 impressionnant dans le final au sein du premier groupe de poursuivants comprenant Jonas Vingegaard, qui a l\u00e2ch\u00e9 dans les derniers m\u00e8tres, Remco Evenepoel en difficult\u00e9 \u00e0 un moment avant de bien finir, Florian Lipowitz, Juan Ayuso et Mattias Skjelmose.<\/p>\n<p>Un autre Fran\u00e7ais, Lenny Martinez, figure dans le Top\u00a010 au g\u00e9n\u00e9ral \u00e0 6\u00a0minutes\u00a034, apr\u00e8s avoir termin\u00e9 neuvi\u00e8me de l\u2019\u00e9tape.<\/p>\n<p>Cette victoire constitue le 24<sup>e<\/sup>\u00a0succ\u00e8s dans la Grande Boucle pour Tadej Pogacar. Ce dernier endosse le 60<sup>e<\/sup>\u00a0maillot jaune de sa carri\u00e8re. Il \u00e9gale Miguel Indurain \u00e0 la troisi\u00e8me place de tous les temps, derri\u00e8re Eddy Merckx (111) et Bernard Hinault (79).<\/p>\n<\/p><\/div>\n<div class=\"paragraph\">\n<p><b>Pour le bonheur des sprinters<\/b><\/p>\n<p>Entre Vichy et Nevers, les sprinters sont invit\u00e9s \u00e0 reprendre du service dans la 11e \u00e9tape.<\/p>\n<p>Ce ne sont pas les deux petites c\u00f4tes de la Billonni\u00e8res et de Billy-Chevannes qui leur couperont les pattes. Les 161,3 kilom\u00e8tres promettent une course rapide. Certains tableront sur une belle sortie \u00e0 l\u2019avant de la course. La marge qui leur sera accord\u00e9e sera peut-\u00eatre minime, mais pourquoi ne pas profiter d\u2019un concours de circonstances.<\/p>\n<\/p><\/div>\n","protected":false},"excerpt":{"rendered":"Rien ne semble pouvoir emp&ecirc;cher Tadej Pogacar d&rsquo;aller chercher un cinqui&egrave;me sacre &agrave; Paris.&Agrave; la sortie des &eacute;tapes auvergnates, le Slov&egrave;ne compte 3 minutes 36 d&rsquo;avance sur son dauphin, Jonas &#8230;","protected":false},"author":1,"featured_media":36334,"comment_status":"open","ping_status":"open","sticky":false,"template":"","format":"standard","meta":{"footnotes":""},"categories":[7],"tags":[1144,572,3253],"news-destination":[],"news-source":[475],"is_homepage":[],"ta_other":[],"class_list":["post-36333","post","type-post","status-publish","format-standard","has-post-thumbnail","hentry","category-sports","tag-cyclisme","tag-france","tag-tour-de-france","news-source-website"],"_links":{"self":[{"href":"https:\/\/euapp01.newsmemory.com\/lamarseillaise\/news\/wp-json\/wp\/v2\/posts\/36333","targetHints":{"allow":["GET"]}}],"collection":[{"href":"https:\/\/euapp01.newsmemory.com\/lamarseillaise\/news\/wp-json\/wp\/v2\/posts"}],"about":[{"href":"https:\/\/euapp01.newsmemory.com\/lamarseillaise\/news\/wp-json\/wp\/v2\/types\/post"}],"author":[{"embeddable":true,"href":"https:\/\/euapp01.newsmemory.com\/lamarseillaise\/news\/wp-json\/wp\/v2\/users\/1"}],"replies":[{"embeddable":true,"href":"https:\/\/euapp01.newsmemory.com\/lamarseillaise\/news\/wp-json\/wp\/v2\/comments?post=36333"}],"version-history":[{"count":1,"href":"https:\/\/euapp01.newsmemory.com\/lamarseillaise\/news\/wp-json\/wp\/v2\/posts\/36333\/revisions"}],"predecessor-version":[{"id":36335,"href":"https:\/\/euapp01.newsmemory.com\/lamarseillaise\/news\/wp-json\/wp\/v2\/posts\/36333\/revisions\/36335"}],"wp:featuredmedia":[{"embeddable":true,"href":"https:\/\/euapp01.newsmemory.com\/lamarseillaise\/news\/wp-json\/wp\/v2\/media\/36334"}],"wp:attachment":[{"href":"https:\/\/euapp01.newsmemory.com\/lamarseillaise\/news\/wp-json\/wp\/v2\/media?parent=36333"}],"wp:term":[{"taxonomy":"category","embeddable":true,"href":"https:\/\/euapp01.newsmemory.com\/lamarseillaise\/news\/wp-json\/wp\/v2\/categories?post=36333"},{"taxonomy":"post_tag","embeddable":true,"href":"https:\/\/euapp01.newsmemory.com\/lamarseillaise\/news\/wp-json\/wp\/v2\/tags?post=36333"},{"taxonomy":"news-destination","embeddable":true,"href":"https:\/\/euapp01.newsmemory.com\/lamarseillaise\/news\/wp-json\/wp\/v2\/news-destination?post=36333"},{"taxonomy":"news-source","embeddable":true,"href":"https:\/\/euapp01.newsmemory.com\/lamarseillaise\/news\/wp-json\/wp\/v2\/news-source?post=36333"},{"taxonomy":"is_homepage","embeddable":true,"href":"https:\/\/euapp01.newsmemory.com\/lamarseillaise\/news\/wp-json\/wp\/v2\/is_homepage?post=36333"},{"taxonomy":"ta_other","embeddable":true,"href":"https:\/\/euapp01.newsmemory.com\/lamarseillaise\/news\/wp-json\/wp\/v2\/ta_other?post=36333"}],"curies":[{"name":"wp","href":"https:\/\/api.w.org\/{rel}","templated":true}]}}