{"id":36329,"date":"2026-07-15T07:19:00","date_gmt":"2026-07-15T05:19:00","guid":{"rendered":"https:\/\/euapp01.newsmemory.com\/lamarseillaise\/news\/?p=36329"},"modified":"2026-07-20T08:57:28","modified_gmt":"2026-07-20T06:57:28","slug":"il-souffle-comme-un-air-dembellie-sur-la-belle-de-mai","status":"publish","type":"post","link":"https:\/\/euapp01.newsmemory.com\/lamarseillaise\/news\/2026\/07\/15\/il-souffle-comme-un-air-dembellie-sur-la-belle-de-mai\/","title":{"rendered":"Il souffle comme un air d\u2019embellie sur la Belle de Mai"},"content":{"rendered":"<div class=\"paragraph\">\n<p>\u00ab <i>L<\/i><i>acoste, J\u00e9z\u00e9quel&#8230; avant c\u2019\u00e9tait Saint-F\u00e9<\/i><i>\u00a0<\/i><i>! Avec les coll\u00e8gues des Iris, on venait s\u2019habiller rue Belle de Mai<\/i>\u00a0\u00bb, assure Bacri, la cinquantaine. Face \u00e0 lui, les devantures mur\u00e9es \u00ab\u00a0seventies\u00a0\u00bb d\u2019Yves Rocher, ainsi que celle du Logis Moderne, \u00e0 la typographie caract\u00e9ristique des ann\u00e9es 1950, t\u00e9moignent d\u2019un dynamisme disparu depuis des lustres. \u00ab\u00a0<i>Les usines ont ferm\u00e9, il y a eu le ch\u00f4mage et ils sont tous partis. Apr\u00e8s, les gens sont venus habiter l\u00e0 parce que c\u2019\u00e9tait le moins cher<\/i>\u00a0\u00bb, r\u00e9sume cet habitant du quartier.<\/p>\n<\/p><\/div>\n<div class=\"intext\"> Une nouvelle passerelle\n              <\/div>\n<div class=\"paragraph\">\n<p>\u00ab\u00a0<i>C\u2019est un quartier r\u00e9solument populaire et militant, attachant et casse-couilles \u00e0 la fois, un condens\u00e9 de Marseille, qui s\u2019est pris la crise du choc p\u00e9trolier de 70 en pleine poire. Abandonn\u00e9 des politiques publiques, il a d\u00e9clin\u00e9 au point de devenir un terreau pour les marchands de sommeil<\/i><i>\u00a0<\/i>\u00bb, confirme Serge Pizzo, historique pr\u00e9sident du CIQ.<\/p>\n<p>Mais depuis quelque temps, on le sent rena\u00eetre, par petites touches. Ici, on ne fait pas table rase du pass\u00e9 pour \u00e9difier des \u00e9coquartiers au bulldozer. \u00ab\u00a0<i>On n\u2019a pas Euromed, mais c\u2019est peut-\u00eatre une chance<\/i>, estime Serge Pizzo. <i>Le quartier se prend en main comme il l\u2019a toujours fait, avec toutes les bonnes volont\u00e9s qu\u2019il compte<\/i>.\u00a0\u00bb Michel Kelemenis y a cr\u00e9\u00e9 sa Maison de la danse il y a 15\u00a0ans. Le couvent Levat est venu compl\u00e9ter l\u2019offre de la Friche et du Comptoir de la Victorine. L\u2019Embobineuse distille ses sons boulevard Bou\u00e8s, Le Chapiteau tire l\u2019animation jusqu\u2019\u00e0 Plombi\u00e8res. Et rue Belle-de-Mai, les rideaux de fer se d\u00e9grippent. Le Barjo, redynamis\u00e9 par Camille, a relev\u00e9 le d\u00e9fi il y a quatre ans. L\u2019Id\u00e9aliste y fabrique depuis quelques mois sa magie et La Camaraderie commence \u00e0 brasser du monde.<\/p>\n<p>Le quartier rouge a conserv\u00e9 \u00ab\u00a0<i>son \u00e9nergie militante et populaire, solidaire. Oui, il y a de la vie<\/i><i>\u00a0<\/i><i>!<\/i><i>\u00a0<\/i>\u00bb, souligne Serge Pizzo. En t\u00e9moigne le succ\u00e8s de la Belle f\u00eate de Mai, qui a c\u00e9l\u00e9br\u00e9 ses 25\u00a0ans en remplissant les places Caffo et Cadenat. L\u2019\u00e9v\u00e9nement a fusionn\u00e9 avec Les Plus Belles de Mai, manifestation port\u00e9e par la mairie qui met \u00e0 l\u2019honneur les initiatives f\u00e9minines. \u00ab\u00a0<i>Il y a encore pas mal de trous dans la raquette<\/i>, relativise le CIQ. <i>Il faut une vraie volont\u00e9 politique et de la concertation. Faire, oui, mais le ma\u00eetre-mot c\u2019est<\/i><i>\u00a0<\/i><i>: ensemble.<\/i><i>\u00a0<\/i>\u00bb<\/p>\n<p>Apr\u00e8s l\u2019\u00e8re Gaudin, la municipalit\u00e9 issue du Printemps marseillais semble avoir pris le pouls du secteur. Les \u00e9coliers ont fait leurs premiers pas, \u00e0 la rentr\u00e9e, dans le groupe scolaire Jolie-Manon. La friche de l\u2019ancienne usine de farine de la rue Loubon accueillera, en 2027, une m\u00e9diath\u00e8que tr\u00e8s attendue dans ce quartier qui n\u2019a jamais dispos\u00e9 d\u2019une biblioth\u00e8que. La police municipale s\u2019y est \u00e9galement install\u00e9e.<\/p>\n<p>\u00ab\u00a0<i>La transformation du quartier est un vrai enjeu<\/i>, assure Anthony Krehmeier, maire des 2-3, qui sort de l\u2019inauguration de la remise \u00e0 neuf du jardin de la Maternit\u00e9. <i>La place Cadenat est une des priorit\u00e9s et nous portons une attention particuli\u00e8re aux besoins des habitants<\/i>\u00a0\u00bb. La campagne de consultation \u00ab\u00a0Prenez place\u00a0\u00bb a fix\u00e9 les grands axes d\u2019un futur jardin pour enfant et d\u2019un march\u00e9. Autour de la place, les ouvriers arrachent le bitume d\u00e9fonc\u00e9 des rues pour les paver et les arborer. \u00ab\u00a0<i>Ce n\u2019est pas parce qu\u2019on est pauvres qu\u2019on n\u2019a pas droit \u00e0 des trottoirs carrossables<\/i><i>\u00a0<\/i><i>!<\/i><i>\u00a0<\/i>\u00bb, salue Mil\u00e8ne, 82\u00a0ans, de retour du march\u00e9 en tirant son cabas. Pour les commerces, \u00ab\u00a0<i>nous intervenons avec des appels \u00e0 projet pour imposer une diversit\u00e9<\/i><i>\u00a0<\/i>\u00bb, pr\u00e9cise l\u2019\u00e9dile.<\/p>\n<p>Autre symbole de renouveau\u00a0: \u00ab<i>\u00a0<\/i><i>Faire tomber la passerelle de Plombi\u00e8res pour laisser place au tram et \u00e0 une trame verte connect\u00e9e \u00e0 Saint-Gabriel Bon-Secours<\/i><i>\u00a0<\/i>\u00bb, annonce encore Anthony Krehmeier. Les transports en commun restent toutefois \u00e0 la tra\u00eene et l\u2019on attend avec impatience le prolongement du T2, promis par la M\u00e9tropole pour 2030. La ligne reliera Saint-Charles au Canet, puis \u00e0 la place Burel et enfin \u00e0 Saint-J\u00e9r\u00f4me. Un projet suivi par le collectif \u00ab\u00a0Qu\u2019est-ce qui s\u2019Tram\u00a0?\u00a0\u00bb, qui veille au grain pour \u00e9viter un trac\u00e9 trop destructeur du b\u00e2ti. Certains craignent \u00ab<i>\u00a0<\/i><i>l\u2019effet gentrificateur<\/i>\u00a0\u00bb. Un spectre qui agace\u00a0: \u00ab\u00a0<i>En 30<\/i><i>\u00a0<\/i><i>ans, la Friche n\u2019a pas produit de remplacement de population<\/i><i>\u00a0<\/i><i>\u00bb<\/i>, souligne Anne Pfister. L\u2019adjointe d\u00e9l\u00e9gu\u00e9e \u00e0 la vie scolaire estime en revanche\u00a0: \u00ab\u00a0<i>On souffre du manque de mixit\u00e9 sociale et il faudra plus que Jolie-Manon pour enrayer l\u2019\u00e9vitement scolaire. On s\u2019y attelle<\/i>.\u00a0\u00bb<\/p>\n<\/p><\/div>\n","protected":false},"excerpt":{"rendered":"&laquo; Lacoste, J&eacute;z&eacute;quel&#8230; avant c&rsquo;&eacute;tait Saint-F&eacute;&nbsp;! Avec les coll&egrave;gues des Iris, on venait s&rsquo;habiller rue Belle de Mai&nbsp;&raquo;, assure Bacri, la cinquantaine. Face &agrave; lui, les &#8230;","protected":false},"author":1,"featured_media":36330,"comment_status":"open","ping_status":"open","sticky":false,"template":"","format":"standard","meta":{"footnotes":""},"categories":[3926,3925,20],"tags":[1124,10,803,2807,5787,106,16,4434,523,157,818,595],"news-destination":[3944],"news-source":[475],"is_homepage":[],"ta_other":[],"class_list":["post-36329","post","type-post","status-publish","format-standard","has-post-thumbnail","hentry","category-accueil-merge","category-accueil-third","category-societe","tag-belle-de-mai","tag-bouches-du-rhone","tag-ecole","tag-evenements-culturels","tag-gentrification","tag-habitants","tag-marseille","tag-marseille-3e-arrondissement","tag-qualite-de-vie","tag-rehabilitation","tag-transports-en-commun","tag-urbanisme","news-destination-homepage","news-source-website"],"_links":{"self":[{"href":"https:\/\/euapp01.newsmemory.com\/lamarseillaise\/news\/wp-json\/wp\/v2\/posts\/36329","targetHints":{"allow":["GET"]}}],"collection":[{"href":"https:\/\/euapp01.newsmemory.com\/lamarseillaise\/news\/wp-json\/wp\/v2\/posts"}],"about":[{"href":"https:\/\/euapp01.newsmemory.com\/lamarseillaise\/news\/wp-json\/wp\/v2\/types\/post"}],"author":[{"embeddable":true,"href":"https:\/\/euapp01.newsmemory.com\/lamarseillaise\/news\/wp-json\/wp\/v2\/users\/1"}],"replies":[{"embeddable":true,"href":"https:\/\/euapp01.newsmemory.com\/lamarseillaise\/news\/wp-json\/wp\/v2\/comments?post=36329"}],"version-history":[{"count":1,"href":"https:\/\/euapp01.newsmemory.com\/lamarseillaise\/news\/wp-json\/wp\/v2\/posts\/36329\/revisions"}],"predecessor-version":[{"id":36331,"href":"https:\/\/euapp01.newsmemory.com\/lamarseillaise\/news\/wp-json\/wp\/v2\/posts\/36329\/revisions\/36331"}],"wp:featuredmedia":[{"embeddable":true,"href":"https:\/\/euapp01.newsmemory.com\/lamarseillaise\/news\/wp-json\/wp\/v2\/media\/36330"}],"wp:attachment":[{"href":"https:\/\/euapp01.newsmemory.com\/lamarseillaise\/news\/wp-json\/wp\/v2\/media?parent=36329"}],"wp:term":[{"taxonomy":"category","embeddable":true,"href":"https:\/\/euapp01.newsmemory.com\/lamarseillaise\/news\/wp-json\/wp\/v2\/categories?post=36329"},{"taxonomy":"post_tag","embeddable":true,"href":"https:\/\/euapp01.newsmemory.com\/lamarseillaise\/news\/wp-json\/wp\/v2\/tags?post=36329"},{"taxonomy":"news-destination","embeddable":true,"href":"https:\/\/euapp01.newsmemory.com\/lamarseillaise\/news\/wp-json\/wp\/v2\/news-destination?post=36329"},{"taxonomy":"news-source","embeddable":true,"href":"https:\/\/euapp01.newsmemory.com\/lamarseillaise\/news\/wp-json\/wp\/v2\/news-source?post=36329"},{"taxonomy":"is_homepage","embeddable":true,"href":"https:\/\/euapp01.newsmemory.com\/lamarseillaise\/news\/wp-json\/wp\/v2\/is_homepage?post=36329"},{"taxonomy":"ta_other","embeddable":true,"href":"https:\/\/euapp01.newsmemory.com\/lamarseillaise\/news\/wp-json\/wp\/v2\/ta_other?post=36329"}],"curies":[{"name":"wp","href":"https:\/\/api.w.org\/{rel}","templated":true}]}}