{"id":36326,"date":"2026-07-15T07:20:00","date_gmt":"2026-07-15T05:20:00","guid":{"rendered":"https:\/\/euapp01.newsmemory.com\/lamarseillaise\/news\/?p=36326"},"modified":"2026-07-20T10:57:07","modified_gmt":"2026-07-20T08:57:07","slug":"a-martigues-un-village-sportif-pour-se-depenser-les-pieds-dans-leau","status":"publish","type":"post","link":"https:\/\/euapp01.newsmemory.com\/lamarseillaise\/news\/2026\/07\/15\/a-martigues-un-village-sportif-pour-se-depenser-les-pieds-dans-leau\/","title":{"rendered":"\u00c0 Martigues, un village sportif pour se d\u00e9penser les pieds dans l\u2019eau"},"content":{"rendered":"<div class=\"paragraph\">\n<p>\u00c0 une vingtaine de m\u00e8tres du rivage, un petit groupe de personnes sillonne la plage de Ferri\u00e8res, de l\u2019eau jusqu\u2019\u00e0 la taille. \u00ab<i>\u00a0<\/i><i>Ce n\u2019est pas du longe-c\u00f4te, mais de la gym aquatique<\/i><i>\u00a0<\/i>\u00bb, pr\u00e9cise Salim Boumezzou, responsable du service animation de la Ville de Martigues. Bien que ce dispositif estival existe depuis quatre ans, Christiane y participe pour la premi\u00e8re fois ce lundi 13\u00a0juillet.<\/p>\n<p>En sortant de l\u2019\u00e9tang de Berre, la retrait\u00e9e confie\u00a0: \u00ab<i>\u00a0<\/i><i>J\u2019avoue que j\u2019ai beaucoup appr\u00e9ci\u00e9, \u00e7a faisait un moment que je ne bougeais plus. \u00c7a fait du bien en temps de canicule. On combine le rafra\u00eechissement et le sport.<\/i>\u00a0\u00bb<\/p>\n<p>Sans oublier le vivre-ensemble. Le maire Gaby Charroux (PCF) y met un point d\u2019honneur\u00a0: \u00ab\u00a0<i>L\u2019entretien physique est important, certes, mais surtout la rencontre<\/i><i>\u00a0<\/i><i>: parler, \u00e9changer, \u00e9voquer ses difficult\u00e9s, ses bonheurs et ses plaisirs aussi. C\u2019est l\u2019un de nos leitmotivs. L\u2019Homme est un animal social, donc c\u2019est important.<\/i>\u00a0\u00bb<\/p>\n<p>Christiane, de retour sur la C\u00f4te Bleue depuis peu apr\u00e8s une vingtaine d\u2019ann\u00e9es pass\u00e9es dans les Landes, se r\u00e9jouit d\u2019avoir pu rencontrer du monde\u00a0: \u00ab<i>\u00a0<\/i><i>J\u2019ai discut\u00e9 avec quelques personnes, \u00e7a m\u2019a permis d\u2019anticiper le forum des associations de septembre et d\u2019en savoir plus sur les activit\u00e9s propos\u00e9es par le tissu associatif local.<\/i>\u00a0\u00bb<\/p>\n<\/p><\/div>\n<div class=\"intext\"> Accueil des enfants\n              <\/div>\n<div class=\"paragraph\">\n<p>Cette ann\u00e9e, Martigues a prolong\u00e9 le dispositif avec un village sportif, qui restera install\u00e9 jusqu\u2019\u00e0 la mi-ao\u00fbt. Le programme d\u2019activit\u00e9s fourmille\u00a0: disque golfe, slack line, jeux d\u2019adresse, water-polo, water-basket ou encore parcours de motricit\u00e9 aquatique&#8230; L\u2019infrastructure et les dix encadrants qui l\u2019animent resteront en place jusqu\u2019au 14\u00a0ao\u00fbt. \u00ab\u00a0<i>Ce qui est nouveau, c\u2019est qu\u2019on a mat\u00e9rialis\u00e9 l\u2019espace, qu\u2019on a organis\u00e9 l\u2019accueil des enfants<\/i><i>\u00a0<\/i>\u00bb, explique Pierre Dharr\u00e9ville (PCF), adjoint au maire d\u00e9l\u00e9gu\u00e9 aux services publics et \u00e0 la jeunesse.<\/p>\n<p>Salim Boumezzou d\u00e9taille\u00a0: \u00ab\u00a0<i>Les cr\u00e9neaux du matin sont r\u00e9serv\u00e9s aux centres sociaux, aux centres a\u00e9r\u00e9s, aux Maisons de quartier et aux clubs sportifs. L\u2019apr\u00e8s-midi, de 11h30 \u00e0 14h30, c\u2019est un temps libre pour les autres jeunes publics. Pour les plus \u00e2g\u00e9s (10<\/i><i>\u00a0<\/i><i>ans et plus), on propose aussi du kayak et du paddle. On accueille environ 400<\/i><i>\u00a0<\/i><i>enfants par semaine.<\/i><i>\u00a0<\/i>\u00bb<\/p>\n<p>Animatrice au centre social de Canto-Perdrix, Lilya trouve l\u2019initiative \u00ab\u00a0<i>top<\/i><i>\u00a0<\/i>\u00bb, \u00ab\u00a0<i>surtout avec cette chaleur, \u00e7a leur fait du bien de se baigner<\/i><i>\u00a0<\/i>\u00bb. \u00ab\u00a0<i>C\u2019est bien organis\u00e9 et \u00e7a leur fait d\u00e9couvrir des activit\u00e9s<\/i><i>\u00a0<\/i>\u00bb, affirme-t-elle. \u00c0 c\u00f4t\u00e9 d\u2019elle, Alya se \u00ab\u00a0<i>r\u00e9gale<\/i><i>\u00a0<\/i>\u00bb. La petite mart\u00e9gale va encore passer deux semaines au centre social, alors elle est contente de cette journ\u00e9e\u00a0: \u00ab\u00a0<i>\u00c7a change, m\u00eame si on fait plein de jeux tous les jours.<\/i>\u00a0\u00bb<\/p>\n<\/p><\/div>\n<div class=\"intext\"> Organiser, faciliter<br \/>\n               <br \/>et inciter\n              <\/div>\n<div class=\"paragraph\">\n<p>Gaby Charroux r\u00e9sume\u00a0: \u00ab<i>\u00a0<\/i><i>C\u2019est un centre a\u00e9r\u00e9 d\u2019ext\u00e9rieur et de centre-ville permanent, jusqu\u2019au 14<\/i><i>\u00a0<\/i><i>ao\u00fbt<\/i>.\u00a0\u00bb L\u2019\u00e9dile se satisfait de voir la population profiter de \u00ab\u00a0<i>cet endroit privil\u00e9gi\u00e9<\/i>\u00a0\u00bb. \u00ab\u00a0<i>On voit tout l\u2019int\u00e9r\u00eat que la r\u00e9habilitation de l\u2019\u00e9tang de Berre peut avoir en ces p\u00e9riodes de chaleur, avec une lagune en bien meilleure sant\u00e9 que les ann\u00e9es pass\u00e9es et d\u2019une plage de centre-ville comme Ferri\u00e8res. Cet am\u00e9nagement est une opportunit\u00e9 pour les habitants qui peuvent venir \u00e0 pied ou se garer ais\u00e9ment, tout est organis\u00e9 pour \u00e7a.<\/i><i>\u00a0<\/i>\u00bb<\/p>\n<p>\u00ab<i>\u00a0<\/i><i>Je pense que nous sommes dans notre r\u00f4le, en tant qu\u2019\u00e9lus municipaux, de gestion communale, <\/i>poursuit-il.<i> Permettre, autoriser, faciliter, inciter nos populations&#8230; Organiser la vie g\u00e9n\u00e9rale, sur tous les plans, ici sur le plan de la d\u00e9tente et de l\u2019activit\u00e9 de physique et de loisir, jusqu\u2019\u00e0 hier avec les Fadas sur le plan de la r\u00e9flexion, de l\u2019acc\u00e8s \u00e0 la culture&#8230; \u00c7a va s\u2019encha\u00eener tout l\u2019\u00e9t\u00e9 encore<\/i>.\u00a0\u00bb<\/p>\n<\/p><\/div>\n<div class=\"paragraph\">\n<p><i>Informations aupr\u00e8s <br \/>de la direction des sports<\/i><\/p>\n<p><i>04.42.44.37.19 \/ 04.42.44.36.54<\/i><\/p>\n<\/p><\/div>\n","protected":false},"excerpt":{"rendered":"&Agrave; une vingtaine de m&egrave;tres du rivage, un petit groupe de personnes sillonne la plage de Ferri&egrave;res, de l&rsquo;eau jusqu&rsquo;&agrave; la taille. &laquo;&nbsp;Ce n&rsquo;est pas du longe-c&ocirc;te, mais de la gym &#8230;","protected":false},"author":1,"featured_media":36327,"comment_status":"open","ping_status":"open","sticky":false,"template":"","format":"standard","meta":{"footnotes":""},"categories":[3926,3925,20],"tags":[100,2873,1307,10,501,1774,2599,57,4192,499,59,1063,2371,63,3793,250,2750,256,484,394],"news-destination":[3944],"news-source":[475],"is_homepage":[],"ta_other":[],"class_list":["post-36326","post","type-post","status-publish","format-standard","has-post-thumbnail","hentry","category-accueil-merge","category-accueil-third","category-societe","tag-activites","tag-activites-de-loisirs","tag-animation","tag-bouches-du-rhone","tag-centre-social","tag-centres-sociaux","tag-detente","tag-enfants","tag-evenements-sportifs","tag-gaby-charroux","tag-jeunes","tag-jeunesse","tag-jeux","tag-martigues","tag-mieux-vivre-ensemble","tag-pcf","tag-pierre-dharreville","tag-sante","tag-services-publics","tag-sport","news-destination-homepage","news-source-website"],"_links":{"self":[{"href":"https:\/\/euapp01.newsmemory.com\/lamarseillaise\/news\/wp-json\/wp\/v2\/posts\/36326","targetHints":{"allow":["GET"]}}],"collection":[{"href":"https:\/\/euapp01.newsmemory.com\/lamarseillaise\/news\/wp-json\/wp\/v2\/posts"}],"about":[{"href":"https:\/\/euapp01.newsmemory.com\/lamarseillaise\/news\/wp-json\/wp\/v2\/types\/post"}],"author":[{"embeddable":true,"href":"https:\/\/euapp01.newsmemory.com\/lamarseillaise\/news\/wp-json\/wp\/v2\/users\/1"}],"replies":[{"embeddable":true,"href":"https:\/\/euapp01.newsmemory.com\/lamarseillaise\/news\/wp-json\/wp\/v2\/comments?post=36326"}],"version-history":[{"count":1,"href":"https:\/\/euapp01.newsmemory.com\/lamarseillaise\/news\/wp-json\/wp\/v2\/posts\/36326\/revisions"}],"predecessor-version":[{"id":36328,"href":"https:\/\/euapp01.newsmemory.com\/lamarseillaise\/news\/wp-json\/wp\/v2\/posts\/36326\/revisions\/36328"}],"wp:featuredmedia":[{"embeddable":true,"href":"https:\/\/euapp01.newsmemory.com\/lamarseillaise\/news\/wp-json\/wp\/v2\/media\/36327"}],"wp:attachment":[{"href":"https:\/\/euapp01.newsmemory.com\/lamarseillaise\/news\/wp-json\/wp\/v2\/media?parent=36326"}],"wp:term":[{"taxonomy":"category","embeddable":true,"href":"https:\/\/euapp01.newsmemory.com\/lamarseillaise\/news\/wp-json\/wp\/v2\/categories?post=36326"},{"taxonomy":"post_tag","embeddable":true,"href":"https:\/\/euapp01.newsmemory.com\/lamarseillaise\/news\/wp-json\/wp\/v2\/tags?post=36326"},{"taxonomy":"news-destination","embeddable":true,"href":"https:\/\/euapp01.newsmemory.com\/lamarseillaise\/news\/wp-json\/wp\/v2\/news-destination?post=36326"},{"taxonomy":"news-source","embeddable":true,"href":"https:\/\/euapp01.newsmemory.com\/lamarseillaise\/news\/wp-json\/wp\/v2\/news-source?post=36326"},{"taxonomy":"is_homepage","embeddable":true,"href":"https:\/\/euapp01.newsmemory.com\/lamarseillaise\/news\/wp-json\/wp\/v2\/is_homepage?post=36326"},{"taxonomy":"ta_other","embeddable":true,"href":"https:\/\/euapp01.newsmemory.com\/lamarseillaise\/news\/wp-json\/wp\/v2\/ta_other?post=36326"}],"curies":[{"name":"wp","href":"https:\/\/api.w.org\/{rel}","templated":true}]}}