{"id":36322,"date":"2026-07-15T06:43:00","date_gmt":"2026-07-15T04:43:00","guid":{"rendered":"https:\/\/euapp01.newsmemory.com\/lamarseillaise\/news\/?p=36322"},"modified":"2026-07-20T07:40:38","modified_gmt":"2026-07-20T05:40:38","slug":"les-approches-se-diversifient-dans-la-contestation-de-la-tres-haute-tension","status":"publish","type":"post","link":"https:\/\/euapp01.newsmemory.com\/lamarseillaise\/news\/2026\/07\/15\/les-approches-se-diversifient-dans-la-contestation-de-la-tres-haute-tension\/","title":{"rendered":"Les approches se diversifient dans la contestation de la Tr\u00e8s haute tension"},"content":{"rendered":"<div class=\"paragraph\">\n<p>Sur la route d\u2019Arles aux Saintes-Maries-de-la-Mer, les champs bordent le bitume, parfois s\u00e9par\u00e9s de petits canaux iconiques de la Camargue. Mais pass\u00e9 le croisement de la D570 et de la route du Mas d\u2019Agon, impossible de rater ce container rouge \u00e9rig\u00e9 sur une parcelle agricole, visible \u00e0 plus d\u2019un kilom\u00e8tre.<\/p>\n<p>\u00ab\u00a0<i>Voici un cinqui\u00e8me de pyl\u00f4ne THT<\/i>\u00a0\u00bb arbore en blanc le monolithe depuis vendredi dernier. Une allusion directe \u00e0 la hauteur moyenne des 145\u00a0pyl\u00f4nes du projet de RTE de ligne \u00e0 Tr\u00e8s haute tension (THT) devant relier Jonqui\u00e8res-Saint-Vincent (Gard) et Fos-sur-Mer, pour 2029. Ce projet est depuis le d\u00e9part fortement contest\u00e9 sur les territoires concern\u00e9s. Surtout par les agriculteurs \u00e0 l\u2019instar de Carole Guintoli, propri\u00e9taire du terrain sur lequel se trouve le container. \u00ab\u00a0<i>J\u2019ai pris mon pinceau et j\u2019ai \u00e9crit, on s\u2019imagine mieux l\u2019impact sur la Camargue<\/i>\u00a0\u00bb, retrace-t-elle au petit-d\u00e9jeuner des opposants mardi matin.<\/p>\n<p>Un acte militant, pour cette ancienne \u00e9lue avec le maire d\u2019Arles Patrick de Carolis (Hor), pr\u00e9sent. \u00ab\u00a0<i>La Camargue est belle car justement il n\u2019y a rien. Avant de mettre la THT, mettez l\u2019eau au robinet partout<\/i><i>\u00a0<\/i><i>!<\/i>\u00a0\u00bb lance-t-elle. \u00ab\u00a0<i>Comment on va travailler avec des pyl\u00f4nes au milieu des rizi\u00e8res<\/i><i>\u00a0<\/i><i>? On a des solutions alternatives. C\u2019est comme si je prenais mon \u00e2ne pour livrer mon riz au supermarch\u00e9, qu\u2019on ne dise pas qu\u2019on n\u2019est pas capable de faire autrement avec les ing\u00e9nieurs qu\u2019on a quand de mon c\u00f4t\u00e9 je s\u00e8me mon riz par drone.<\/i>\u00a0\u00bb<\/p>\n<\/p><\/div>\n<div class=\"intext\"> \u00ab\u00a0On se bat pour notre environnement\u00a0\u00bb\n              <\/div>\n<div class=\"paragraph\">\n<p>Dans cette mobilisation \u00ab\u00a0<i>ce n\u2019est pas une question de bord politique<\/i><i>\u00a0<\/i>\u00bb assure Julien Besan\u00e7on, 1<sup>er <\/sup>adjoint de Saint-Martin-de-Crau et secr\u00e9taire national des Centristes. \u00ab<i>\u00a0<\/i><i>L\u2019\u00c9tat avance sans les \u00e9lus du territoire qui eux se battront jusqu\u2019au bout par tous les moyens pour une autre solution<\/i>\u00a0\u00bb que la ligne a\u00e9rienne, selon l\u2019\u00e9lu. Le co\u00fbt et le d\u00e9lai sont inaudibles. \u00ab\u00a0<i>Le co\u00fbt est d\u00e9j\u00e0 plus \u00e9lev\u00e9 qu\u2019\u00e0 la base et les d\u00e9lais s\u2019entendent s\u2019il n\u2019y a aucun recours ou action en justice. Sauf qu\u2019il y en aura<\/i><i>\u00a0<\/i><i>!<\/i>\u00a0\u00bb promet-il.<\/p>\n<p>En filigrane, l\u2019articulation de l\u2019environnemental et du social. \u00ab\u00a0<i>On nous d\u00e9peint comme des grands emp\u00eacheurs,<\/i> <i>mais ce n\u2019est que pour faire peur aux travailleurs pour leurs emplois et aux petits patrons s\u2019imaginant qu\u2019une partie des 20<\/i><i>\u00a0<\/i><i>milliards d\u2019investissement est pour eux. Pour mieux les monter contre les opposants<\/i><i>\u00a0<\/i>\u00bb analyse Jean-Laurent Lucchesi du collectif THT13\/30, ornithologue et ancien directeur des Marais du Vigueirat. Car outre la protection des oiseaux et du vivant, le militant rappelle que \u00ab\u00a0<i>d\u00e9carboner n\u2019est pas d\u00e9polluer<\/i>\u00a0\u00bb et estime que les promesses de 60\u00a0000 emplois sont \u00ab\u00a0<i>des mirages<\/i>\u00a0\u00bb, alors que le projet Carbon, 3\u00a0000 emplois et le plus d\u00e9pendant de l\u2019apport \u00e9lectrique, est abandonn\u00e9.<\/p>\n<p>La rencontre des int\u00e9r\u00eats progressistes, environnementaux voire de classe se trouve peut-\u00eatre dans cette approche, au-del\u00e0 des discours sectoris\u00e9s ou identitaires.<\/p>\n<\/p><\/div>\n","protected":false},"excerpt":{"rendered":"Sur la route d&rsquo;Arles aux Saintes-Maries-de-la-Mer, les champs bordent le bitume, parfois s&eacute;par&eacute;s de petits canaux iconiques de la Camargue. Mais pass&eacute; le croisement de la D570 et de la route du Mas d&rsquo;Agon, impossible &#8230;","protected":false},"author":1,"featured_media":36323,"comment_status":"open","ping_status":"open","sticky":false,"template":"","format":"standard","meta":{"footnotes":""},"categories":[3926,3925,333],"tags":[2311,450,1234,10,2081,753,26,566,567,134,569,194,1478,910],"news-destination":[3944],"news-source":[475],"is_homepage":[],"ta_other":[],"class_list":["post-36322","post","type-post","status-publish","format-standard","has-post-thumbnail","hentry","category-accueil-merge","category-accueil-third","category-environnement","tag-agricole","tag-agriculteurs","tag-arles","tag-bouches-du-rhone","tag-camargue","tag-emplois","tag-environnement","tag-haute-tension","tag-ligne-tht","tag-mobilisation","tag-oiseaux","tag-social","tag-territoires","tag-travailleurs","news-destination-homepage","news-source-website"],"_links":{"self":[{"href":"https:\/\/euapp01.newsmemory.com\/lamarseillaise\/news\/wp-json\/wp\/v2\/posts\/36322","targetHints":{"allow":["GET"]}}],"collection":[{"href":"https:\/\/euapp01.newsmemory.com\/lamarseillaise\/news\/wp-json\/wp\/v2\/posts"}],"about":[{"href":"https:\/\/euapp01.newsmemory.com\/lamarseillaise\/news\/wp-json\/wp\/v2\/types\/post"}],"author":[{"embeddable":true,"href":"https:\/\/euapp01.newsmemory.com\/lamarseillaise\/news\/wp-json\/wp\/v2\/users\/1"}],"replies":[{"embeddable":true,"href":"https:\/\/euapp01.newsmemory.com\/lamarseillaise\/news\/wp-json\/wp\/v2\/comments?post=36322"}],"version-history":[{"count":1,"href":"https:\/\/euapp01.newsmemory.com\/lamarseillaise\/news\/wp-json\/wp\/v2\/posts\/36322\/revisions"}],"predecessor-version":[{"id":36324,"href":"https:\/\/euapp01.newsmemory.com\/lamarseillaise\/news\/wp-json\/wp\/v2\/posts\/36322\/revisions\/36324"}],"wp:featuredmedia":[{"embeddable":true,"href":"https:\/\/euapp01.newsmemory.com\/lamarseillaise\/news\/wp-json\/wp\/v2\/media\/36323"}],"wp:attachment":[{"href":"https:\/\/euapp01.newsmemory.com\/lamarseillaise\/news\/wp-json\/wp\/v2\/media?parent=36322"}],"wp:term":[{"taxonomy":"category","embeddable":true,"href":"https:\/\/euapp01.newsmemory.com\/lamarseillaise\/news\/wp-json\/wp\/v2\/categories?post=36322"},{"taxonomy":"post_tag","embeddable":true,"href":"https:\/\/euapp01.newsmemory.com\/lamarseillaise\/news\/wp-json\/wp\/v2\/tags?post=36322"},{"taxonomy":"news-destination","embeddable":true,"href":"https:\/\/euapp01.newsmemory.com\/lamarseillaise\/news\/wp-json\/wp\/v2\/news-destination?post=36322"},{"taxonomy":"news-source","embeddable":true,"href":"https:\/\/euapp01.newsmemory.com\/lamarseillaise\/news\/wp-json\/wp\/v2\/news-source?post=36322"},{"taxonomy":"is_homepage","embeddable":true,"href":"https:\/\/euapp01.newsmemory.com\/lamarseillaise\/news\/wp-json\/wp\/v2\/is_homepage?post=36322"},{"taxonomy":"ta_other","embeddable":true,"href":"https:\/\/euapp01.newsmemory.com\/lamarseillaise\/news\/wp-json\/wp\/v2\/ta_other?post=36322"}],"curies":[{"name":"wp","href":"https:\/\/api.w.org\/{rel}","templated":true}]}}