{"id":36319,"date":"2026-07-15T06:53:00","date_gmt":"2026-07-15T04:53:00","guid":{"rendered":"https:\/\/euapp01.newsmemory.com\/lamarseillaise\/news\/?p=36319"},"modified":"2026-07-20T08:06:47","modified_gmt":"2026-07-20T06:06:47","slug":"cest-lete-la-rose-des-vents-garde-ses-portes-ouvertes-tout-lete","status":"publish","type":"post","link":"https:\/\/euapp01.newsmemory.com\/lamarseillaise\/news\/2026\/07\/15\/cest-lete-la-rose-des-vents-garde-ses-portes-ouvertes-tout-lete\/","title":{"rendered":"[Cest l\u2019\u00e9t\u00e9] La Rose des Vents, garde ses \u00ab&nbsp;portes ouvertes tout l\u2019\u00e9t\u00e9&nbsp;\u00bb"},"content":{"rendered":"<div class=\"paragraph\">\n<p>Voil\u00e0 deux ans qu\u2019une d\u00e9cision a \u00e9t\u00e9 prise au sein des \u00e9quipes du centre social la Rose des Vents\u00a0: celle de maintenir chacun de ses services ouverts tout au long de l\u2019\u00e9t\u00e9. Autrefois centre social Aix Nord, d\u00e9sormais sous la direction de Rachid Sabbouri, le lieu est autonome depuis le d\u00e9but des ann\u00e9es 2000. Et propose chaque \u00e9t\u00e9 une programmation dense sur la saison estivale. \u00ab<i>\u00a0<\/i><i>D\u2019autant plus qu\u2019on<\/i><i> est mont\u00e9s crescendo sur les deux derni\u00e8res ann\u00e9es en termes de programmation estivale, mais c\u2019est la premi\u00e8re ann\u00e9e o\u00f9 elle est aussi dense, <\/i>pr\u00e9cise Reda Gannouni, coordinateur de projet au sein de la Rose des Vents<i>. Cette ann\u00e9e on a une programmation monstre sur l\u2019\u00e9t\u00e9. On est sur de l\u2019animation pratiquement tous les jours, avec un \u00e9v\u00e9nement ou une activit\u00e9 importants tous les deux jours.<\/i><i>\u00a0<\/i>\u00bb<\/p>\n<p>Pour les \u00e9quipes du centre social, qui fonctionnent par roulement au cours de l\u2019\u00e9t\u00e9, la saison estivale est des plus intenses. \u00ab<i>\u00a0<\/i><i>On voit sur notre territoire que de moins en moins de personnes le quittent pour partir en vacances, c\u2019est en corr\u00e9lation avec notre public, parce qu\u2019on a le quartier le plus pauvre d\u2019Aix-en-Provence. Les gens ont chaud, restent ici, certains ne peuvent m\u00eame pas aller \u00e0 la mer<\/i><i>\u00a0<\/i>\u00bb<i>,<\/i> contextualise Reda Gannouni. Faute, en partie, de l\u2019inflation et des prix en hausse pour partir en vacances. D\u00e8s le mois de juillet, les quartiers de Beisson, o\u00f9 sont nich\u00e9s le centre social mais aussi le quartier de Saint-Eutrope, un peu plus bas mais d\u00e9pendant aussi de la structure, les journ\u00e9es et soir\u00e9es d\u2019\u00e9t\u00e9 sont rythm\u00e9es par la programmation de \u00ab\u00a0l\u2019\u00c9t\u00e9 Culturel \u00e0 Beisson\u00a0\u00bb, orchestr\u00e9 par la Ville d\u2019Aix-en-Provence mais dont l\u2019organisation est en grande partie confi\u00e9e au centre social. Au mois d\u2019ao\u00fbt, la Rose des Vents b\u00e9n\u00e9ficie notamment d\u2019un autre dispositif, d\u00e9nomm\u00e9 \u00ab\u00a0Ouverture Estivale\u00a0\u00bb : une b\u00e9quille pour maintenir les activit\u00e9s, en plus des sorties organis\u00e9es par le centre social lui-m\u00eame.<i> <\/i>\u00ab<i>\u00a0<\/i><i>On s\u2019est dit qu\u2019on allait mutualiser tous les dispositifs pour ne garder qu\u2019une seule programmation. Le plus important est d\u2019offrir un bel \u00e9t\u00e9 aux habitants<\/i><i>\u00a0<\/i>\u00bb<i>,<\/i> d\u00e9roule Reda Gannouni, qui restera vague sur les questions de baisse de budgets que craignent plusieurs structures culturelles et sociales.<\/p>\n<\/p><\/div>\n<div class=\"intext\"> Moments d\u2019\u00e9changes et de sensibilisation\n              <\/div>\n<div class=\"paragraph\">\n<p>\u00ab<i>\u00a0<\/i><i>On sait rester innovants et on essaie de ne pas prendre de risques trop on\u00e9reux<\/i><i>\u00a0<\/i>\u00bb<i>,<\/i> assure le coordinateur de projets. Pour cette saison, un seul credo reste la priorit\u00e9 des \u00e9quipes\u00a0: \u00ab\u00a0<i>amener l\u2019animation au pied des b\u00e2timents<\/i>, r\u00e9sume Reda Gannouni.<i> Chacun met la main \u00e0 la p\u00e2te et on propose de la qualit\u00e9, mais aussi quelque chose de digne pour les habitants, de ne pas \u00eatre seulement dans les deux bouts de scotchs et un bout de ficelle. L\u2019id\u00e9e c\u2019est de faire un peu moins, mais mieux<\/i><i>\u00a0<\/i>\u00bb. Le programme, est r\u00e9fl\u00e9chi plusieurs mois en avance, explique ce dernier. Parmi les activit\u00e9s, des animations sp\u00e9cifiques aux plus jeunes publics, adress\u00e9s aux adolescents mais aussi aux seniors et aux familles.<i> <\/i>\u00ab<i>\u00a0<\/i><i>Pour r\u00e9sumer, il y aura des animations toute la semaine, pratiquement tous les jours et des temps forts deux fois par semaine, les mercredis et vendredis (&#8230;) le dernier \u00e9v\u00e9nement n\u2019aura lieu que le 29<\/i><i>\u00a0<\/i><i>septembre<\/i><i>\u00a0<\/i>\u00bb<i>, <\/i>explique Reda Gannouni. Parmi ces rendez-vous festifs :\u00a0une sardinade g\u00e9ante le 22\u00a0juillet, mais aussi un panel d\u2019activit\u00e9s autour du sport \u2013 hors grosses chaleurs ou \u00e0 horaires adapt\u00e9s \u2013, des jeux, des projections en plein air&#8230; Toutes les informations sont \u00e0 retrouver sur le site du centre social, mais aussi le site de la Ville d\u2019Aix. Au vu des vagues de chaleur multiples d\u00e8s ce d\u00e9but d\u2019\u00e9t\u00e9, les horaires ont \u00e9galement \u00e9t\u00e9 d\u00e9cal\u00e9s d\u2019une demi-heure. Beaucoup d\u2019activit\u00e9s sont, en plus des animateurs, anim\u00e9es par la r\u00e9f\u00e9rente famille du centre social.<i> <\/i>\u00ab<i>\u00a0<\/i><i>Une fa\u00e7on de faire de la sensibilisation informelle, sur des sujets comme la sant\u00e9, les \u00e9crans, la parentalit\u00e9&#8230;<\/i>, d\u00e9taille Reda Gannouni<i>. C\u2019est un temps d\u00e9di\u00e9. La sensibilisation passe mieux lorsque c\u2019est informel, on n\u2019est pas dans un cadre descendant ou l\u2019on pr\u00eache la bonne parole. Comme les gens se confient, \u00e9changent, on a ensuite de belles surprises qui nous permettent de penser et de cr\u00e9er d\u2019autres activit\u00e9s, c\u2019est un peu un laboratoire, ces moments-l\u00e0.<\/i><i>\u00a0<\/i>\u00bb<i><\/i><\/p>\n<\/p><\/div>\n<div class=\"intext\"> Pr\u00e8s d\u2019un millier de personnes b\u00e9n\u00e9ficiaires\n              <\/div>\n<div class=\"paragraph\">\n<p>Entre les quartiers de Saint-Eutrope et de Beisson, la programmation pourrait b\u00e9n\u00e9ficier \u00e0 un millier de personnes, toutes g\u00e9n\u00e9rations confondues. \u00ab<i>\u00a0<\/i><i>Ce ne serait pas un chiffre exag\u00e9r\u00e9<\/i><i>\u00a0<\/i><i>! Je pense que chaque habitant des deux quartiers a particip\u00e9 \u00e0 au moins une animation<\/i><i>\u00a0<\/i>\u00bb, commente Reda Gannouni. Pour que ce travail se poursuive, il faut compter \u00ab<i>\u00a0<\/i><i>plusieurs journ\u00e9es dans une journ\u00e9e,<\/i> r\u00e9sume le coordinateur de projet, au nom de l\u2019\u00e9quipe.<i> Il faut aussi, et d\u00e9j\u00e0 organiser la rentr\u00e9e et on a un \u0153il sur septembre, il faut faire la demande de subventions d\u00e8s le mois de juillet&#8230; Les journ\u00e9es d\u00e9filent en un clin d\u2019\u0153il, huit heures sont d\u00e9j\u00e0 pass\u00e9es. Mais c\u2019est amusant, il n\u2019y a aucune journ\u00e9e de qui se ressemble, chaque jour il y a un nouveau probl\u00e8me qui arrive et une nouvelle solution \u00e0 trouver&#8230; Si on aime la routine, il ne faut pas venir travailler dans un centre social.<\/i><i>\u00a0<\/i>\u00bb Dans toute cette organisation, un seul hic : la charge administrative, plus complexe qu\u2019il y a quelques ann\u00e9es en arri\u00e8re.<i> <\/i>\u00ab<i>\u00a0<\/i><i>Ce qu\u2019on comprend. Mais nous n\u2019avons pas ce temps-l\u00e0. Il y a une r\u00e9flexion en cours pour all\u00e9ger le syst\u00e8me<\/i><i>\u00a0<\/i>\u00bb<i>,<\/i> explique Reda Gannouni. Pour autant, \u00ab<i>\u00a0<\/i><i>quand on passe de la paperasse au r\u00e9el, aux jeunes qui en redemandent, on oublie tout \u00e7a<\/i><i>\u00a0<\/i>\u00bb.<i><\/i><\/p>\n<\/p><\/div>\n","protected":false},"excerpt":{"rendered":"Voil&agrave; deux ans qu&rsquo;une d&eacute;cision a &eacute;t&eacute; prise au sein des &eacute;quipes du centre social la Rose des Vents&nbsp;: celle de maintenir chacun de ses services ouverts tout au long de l&rsquo;&eacute;t&eacute;. Autrefois &#8230;","protected":false},"author":1,"featured_media":36320,"comment_status":"open","ping_status":"open","sticky":false,"template":"","format":"standard","meta":{"footnotes":""},"categories":[3926,3925,20],"tags":[100,556,10,6085,501,1774,35,336,59],"news-destination":[3944],"news-source":[475],"is_homepage":[],"ta_other":[],"class_list":["post-36319","post","type-post","status-publish","format-standard","has-post-thumbnail","hentry","category-accueil-merge","category-accueil-third","category-societe","tag-activites","tag-aix-en-provence","tag-bouches-du-rhone","tag-cest-lete","tag-centre-social","tag-centres-sociaux","tag-culture","tag-ete","tag-jeunes","news-destination-homepage","news-source-website"],"_links":{"self":[{"href":"https:\/\/euapp01.newsmemory.com\/lamarseillaise\/news\/wp-json\/wp\/v2\/posts\/36319","targetHints":{"allow":["GET"]}}],"collection":[{"href":"https:\/\/euapp01.newsmemory.com\/lamarseillaise\/news\/wp-json\/wp\/v2\/posts"}],"about":[{"href":"https:\/\/euapp01.newsmemory.com\/lamarseillaise\/news\/wp-json\/wp\/v2\/types\/post"}],"author":[{"embeddable":true,"href":"https:\/\/euapp01.newsmemory.com\/lamarseillaise\/news\/wp-json\/wp\/v2\/users\/1"}],"replies":[{"embeddable":true,"href":"https:\/\/euapp01.newsmemory.com\/lamarseillaise\/news\/wp-json\/wp\/v2\/comments?post=36319"}],"version-history":[{"count":1,"href":"https:\/\/euapp01.newsmemory.com\/lamarseillaise\/news\/wp-json\/wp\/v2\/posts\/36319\/revisions"}],"predecessor-version":[{"id":36321,"href":"https:\/\/euapp01.newsmemory.com\/lamarseillaise\/news\/wp-json\/wp\/v2\/posts\/36319\/revisions\/36321"}],"wp:featuredmedia":[{"embeddable":true,"href":"https:\/\/euapp01.newsmemory.com\/lamarseillaise\/news\/wp-json\/wp\/v2\/media\/36320"}],"wp:attachment":[{"href":"https:\/\/euapp01.newsmemory.com\/lamarseillaise\/news\/wp-json\/wp\/v2\/media?parent=36319"}],"wp:term":[{"taxonomy":"category","embeddable":true,"href":"https:\/\/euapp01.newsmemory.com\/lamarseillaise\/news\/wp-json\/wp\/v2\/categories?post=36319"},{"taxonomy":"post_tag","embeddable":true,"href":"https:\/\/euapp01.newsmemory.com\/lamarseillaise\/news\/wp-json\/wp\/v2\/tags?post=36319"},{"taxonomy":"news-destination","embeddable":true,"href":"https:\/\/euapp01.newsmemory.com\/lamarseillaise\/news\/wp-json\/wp\/v2\/news-destination?post=36319"},{"taxonomy":"news-source","embeddable":true,"href":"https:\/\/euapp01.newsmemory.com\/lamarseillaise\/news\/wp-json\/wp\/v2\/news-source?post=36319"},{"taxonomy":"is_homepage","embeddable":true,"href":"https:\/\/euapp01.newsmemory.com\/lamarseillaise\/news\/wp-json\/wp\/v2\/is_homepage?post=36319"},{"taxonomy":"ta_other","embeddable":true,"href":"https:\/\/euapp01.newsmemory.com\/lamarseillaise\/news\/wp-json\/wp\/v2\/ta_other?post=36319"}],"curies":[{"name":"wp","href":"https:\/\/api.w.org\/{rel}","templated":true}]}}