{"id":36307,"date":"2026-07-15T07:30:00","date_gmt":"2026-07-15T05:30:00","guid":{"rendered":"https:\/\/euapp01.newsmemory.com\/lamarseillaise\/news\/?p=36307"},"modified":"2026-07-21T07:25:23","modified_gmt":"2026-07-21T05:25:23","slug":"foule-des-grands-jours-pour-le-defile-militaire","status":"publish","type":"post","link":"https:\/\/euapp01.newsmemory.com\/lamarseillaise\/news\/2026\/07\/15\/foule-des-grands-jours-pour-le-defile-militaire\/","title":{"rendered":"Foule des grands jours pour le d\u00e9fil\u00e9 militaire"},"content":{"rendered":"<div class=\"paragraph\">\n<p>Si le feu d\u2019artifice a \u00e9t\u00e9 avanc\u00e9 au 13 pour respecter un \u00ab\u00a0temps national de comm\u00e9moration pour les attentats de Nice\u00a0\u00bb, c\u2019est bien le 14\u00a0juillet que Marseille a accueilli son traditionnel d\u00e9fil\u00e9 militaire. D\u00e8s 17h, la foule \u00e9tait au rendez-vous le long du parcours ralliant le quai de la Fraternit\u00e9 et l\u2019esplanade J-4 Gis\u00e8le-Halimi malgr\u00e9 d\u2019\u00e9crasantes temp\u00e9ratures. Et, comme le veut la tradition militaire, les festivit\u00e9s ont d\u00e9but\u00e9 pile \u00e0 l\u2019heure, \u00e0 17h25, avec un salut au drapeau suivi d\u2019un chant de la Marseillaise.<\/p>\n<p>Sur le parvis de la mairie, au pied d\u2019une sc\u00e8ne sur l\u2019eau pour l\u2019occasion occup\u00e9e par une fanfare militaire, et face \u00e0 des gradins pleins \u00e0 craquer, plusieurs soldats se sont vus remettre des r\u00e9compenses. Cinq ont \u00e9t\u00e9 d\u00e9cor\u00e9s de la m\u00e9daille militaire, trois ont \u00e9t\u00e9 distingu\u00e9s du grade de chevalier de l\u2019ordre national du m\u00e9rite et une a re\u00e7u la L\u00e9gion d\u2019honneur. Un moment solennel auquel a succ\u00e9d\u00e9 une impressionnante performance vocale de Barbara Bourdarel, chanteuse d\u2019op\u00e9ra, avant que les quais ne laissent place aux hommes et femmes ce jour-l\u00e0 mis \u00e0 l\u2019honneur.<\/p>\n<\/p><\/div>\n<div class=\"intext\"> Honneur et divisions\n              <\/div>\n<div class=\"paragraph\">\n<p>Une centaine de militaires, policiers et pompiers \u2013 qui ont \u00e9t\u00e9 re\u00e7us avec un enthousiasme tout particulier en cette p\u00e9riode estivale d\u2019incendies \u2013, ont alors pu entamer leur marche. Cinq parachutistes ont \u00e9galement \u00e9t\u00e9 largu\u00e9s au-dessus du Vieux-Port avant d\u2019atterrir, en douceur, au pied de la mairie centrale. \u00ab<i>\u00a0<\/i><i>C\u2019est un beau moment<\/i>. <i>On rend honneur aux soldats qui combattent pour nous, aux pompiers aussi, qui sont tr\u00e8s importants en ce moment. C\u2019est l\u2019occasion de les remercier<\/i>\u00a0\u00bb, s\u2019enthousiasme Martine, attentive au spectacle. \u00c0 quelques m\u00e8tres, Fatima expose un sentiment plus mitig\u00e9 : \u00ab\u00a0<i>C\u2019est toujours bien de voir d\u00e9filer les forces fran\u00e7aises mais c\u2019est vrai qu\u2019on ressent un certain malaise. On sent bien qu\u2019au moment de chanter la Marseillaise le public est timide. J\u2019ai l\u2019impression que l\u2019actualit\u00e9 cr\u00e9e un certain sentiment de division<\/i><i>\u00a0<\/i>\u00bb, note-t-elle. Plus loin, quelques militants sont d\u2019ailleurs venus revendiquer leur col\u00e8re : \u00ab <i>Loi de pr\u00e9somption de l\u00e9gitime d\u00e9fense des policiers = totale impunit\u00e9<\/i>\u00a0\u00bb, lit-on sur l\u2019affiche qu\u2019ils ont amen\u00e9e pour l\u2019occasion.<\/p>\n<\/p><\/div>\n","protected":false},"excerpt":{"rendered":"Si le feu d&rsquo;artifice a &eacute;t&eacute; avanc&eacute; au 13 pour respecter un &laquo;&nbsp;temps national de comm&eacute;moration pour les attentats de Nice&nbsp;&raquo;, c&rsquo;est bien le 14&nbsp;juillet que Marseille a accueilli son &#8230;","protected":false},"author":1,"featured_media":36308,"comment_status":"open","ping_status":"open","sticky":false,"template":"","format":"standard","meta":{"footnotes":""},"categories":[3926,3925,330,20],"tags":[4275,1351,10,688,2869,3473,126,16,1699,320,2157,529,935],"news-destination":[3944],"news-source":[475],"is_homepage":[],"ta_other":[],"class_list":["post-36307","post","type-post","status-publish","format-standard","has-post-thumbnail","hentry","category-accueil-merge","category-accueil-third","category-politique","category-societe","tag-14-juillet","tag-armee","tag-bouches-du-rhone","tag-defile","tag-fete-nationale","tag-honneur","tag-la-marseillaise","tag-marseille","tag-policiers","tag-pompiers","tag-soldats","tag-spectacle","tag-vieux-port","news-destination-homepage","news-source-website"],"_links":{"self":[{"href":"https:\/\/euapp01.newsmemory.com\/lamarseillaise\/news\/wp-json\/wp\/v2\/posts\/36307","targetHints":{"allow":["GET"]}}],"collection":[{"href":"https:\/\/euapp01.newsmemory.com\/lamarseillaise\/news\/wp-json\/wp\/v2\/posts"}],"about":[{"href":"https:\/\/euapp01.newsmemory.com\/lamarseillaise\/news\/wp-json\/wp\/v2\/types\/post"}],"author":[{"embeddable":true,"href":"https:\/\/euapp01.newsmemory.com\/lamarseillaise\/news\/wp-json\/wp\/v2\/users\/1"}],"replies":[{"embeddable":true,"href":"https:\/\/euapp01.newsmemory.com\/lamarseillaise\/news\/wp-json\/wp\/v2\/comments?post=36307"}],"version-history":[{"count":1,"href":"https:\/\/euapp01.newsmemory.com\/lamarseillaise\/news\/wp-json\/wp\/v2\/posts\/36307\/revisions"}],"predecessor-version":[{"id":36309,"href":"https:\/\/euapp01.newsmemory.com\/lamarseillaise\/news\/wp-json\/wp\/v2\/posts\/36307\/revisions\/36309"}],"wp:featuredmedia":[{"embeddable":true,"href":"https:\/\/euapp01.newsmemory.com\/lamarseillaise\/news\/wp-json\/wp\/v2\/media\/36308"}],"wp:attachment":[{"href":"https:\/\/euapp01.newsmemory.com\/lamarseillaise\/news\/wp-json\/wp\/v2\/media?parent=36307"}],"wp:term":[{"taxonomy":"category","embeddable":true,"href":"https:\/\/euapp01.newsmemory.com\/lamarseillaise\/news\/wp-json\/wp\/v2\/categories?post=36307"},{"taxonomy":"post_tag","embeddable":true,"href":"https:\/\/euapp01.newsmemory.com\/lamarseillaise\/news\/wp-json\/wp\/v2\/tags?post=36307"},{"taxonomy":"news-destination","embeddable":true,"href":"https:\/\/euapp01.newsmemory.com\/lamarseillaise\/news\/wp-json\/wp\/v2\/news-destination?post=36307"},{"taxonomy":"news-source","embeddable":true,"href":"https:\/\/euapp01.newsmemory.com\/lamarseillaise\/news\/wp-json\/wp\/v2\/news-source?post=36307"},{"taxonomy":"is_homepage","embeddable":true,"href":"https:\/\/euapp01.newsmemory.com\/lamarseillaise\/news\/wp-json\/wp\/v2\/is_homepage?post=36307"},{"taxonomy":"ta_other","embeddable":true,"href":"https:\/\/euapp01.newsmemory.com\/lamarseillaise\/news\/wp-json\/wp\/v2\/ta_other?post=36307"}],"curies":[{"name":"wp","href":"https:\/\/api.w.org\/{rel}","templated":true}]}}