{"id":36304,"date":"2026-07-15T07:04:00","date_gmt":"2026-07-15T05:04:00","guid":{"rendered":"https:\/\/euapp01.newsmemory.com\/lamarseillaise\/news\/?p=36304"},"modified":"2026-07-20T08:18:15","modified_gmt":"2026-07-20T06:18:15","slug":"des-marseillais-conquis-par-un-feu-dartifice-au-final-exceptionnel","status":"publish","type":"post","link":"https:\/\/euapp01.newsmemory.com\/lamarseillaise\/news\/2026\/07\/15\/des-marseillais-conquis-par-un-feu-dartifice-au-final-exceptionnel\/","title":{"rendered":"Des Marseillais conquis par un feu d\u2019artifice au final \u00ab&nbsp;exceptionnel&nbsp;\u00bb"},"content":{"rendered":"<div class=\"paragraph\">\n<p>\u00ab <i>J<\/i><i>\u2019ai rarement vu \u00e7a !<\/i><i>\u00a0<\/i>\u00bb Sur le Vieux-Port de Marseille, les feux d\u2019artifice ont r\u00e9sonn\u00e9 lundi 13\u00a0juillet. Au-dessus des bateaux et jusqu\u2019au fort Saint-Jean, un spectacle pyrotechnique d\u2019une trentaine de minutes a pris forme sous les yeux \u00e9merveill\u00e9s des spectateurs.<\/p>\n<p>Quelques minutes avant les premiers retentissements, Audrey et Christian se r\u00e9jouissent de voir pour la premi\u00e8re fois les feux d\u2019artifice depuis le Vieux-Port. \u00ab\u00a0<i>Il para\u00eet qu\u2019il est tr\u00e8s beau<\/i>\u00a0\u00bb, esp\u00e8re Audrey, assise au bord de l\u2019eau. Ils ont pourtant toujours v\u00e9cu \u00e0 Marseille, mais pr\u00e9f\u00e8rent d\u2019ordinaire se rendre dans le Var pour l\u2019occasion. Cette ann\u00e9e, ils y ont vu l\u2019opportunit\u00e9 \u00ab\u00a0<i>de se rendre davantage dans le centre-ville<\/i><i>\u00a0<\/i>\u00bb jusqu\u2019o\u00f9 ils se sont faufil\u00e9s \u00e0 moto.<\/p>\n<p>\u00c0 quelques m\u00e8tres de l\u2019ombri\u00e8re du Vieux-Port, une tente blanche est install\u00e9e en d\u00e9but de soir\u00e9e. Hannah est b\u00e9n\u00e9vole de la Croix-Blanche depuis quatre ans et a l\u2019habitude d\u2019intervenir pendant les feux d\u2019artifice. Elle fait principalement de la pr\u00e9vention et agit en cas de malaise ou de blessure l\u00e9g\u00e8re. Avec son \u00e9quipe, elle est bas\u00e9e sur le Vieux-Port, \u00ab\u00a0<i>une zone particuli\u00e8rement attractive<\/i>\u00a0\u00bb, selon elle, o\u00f9 de nombreux spectateurs se r\u00e9unissent chaque ann\u00e9e.<\/p>\n<\/p><\/div>\n<div class=\"intext\"> Au calme au Pharo\n              <\/div>\n<div class=\"paragraph\">\n<p>C\u2019est pour \u00e9viter la foule que certains ont pr\u00e9f\u00e9r\u00e9 regarder le spectacle depuis le parc du Pharo, avec une vue panoramique sur la cath\u00e9drale de la Major. D\u00e8s l\u2019ouverture, \u00e0 18h, une queue de plusieurs m\u00e8tres attendait aux abords du parc. Parmi eux, Cathy et \u00c9ric \u00e9taient venus avec leurs trois petites filles. Avec des enfants en bas \u00e2ge, \u00ab\u00a0<i>le Vieux-Port, ce n\u2019\u00e9tait m\u00eame pas la peine<\/i>\u00a0\u00bb, expliquent-ils. Un avis partag\u00e9 par Esther, qui attend de pouvoir rentrer avec sa fille. D\u00e9j\u00e0 venue au Pharo, c\u2019est selon elle \u00ab\u00a0<i>plus convivial et bon enfant<\/i>\u00a0\u00bb.<\/p>\n<p>\u00c0 la sortie, les spectateurs semblent conquis. Venue avec trois de ses amis, Camille d\u00e9crit \u00ab\u00a0<i>un final exceptionnel<\/i><i>\u00a0<\/i>\u00bb et une ambiance \u00ab\u00a0<i>chaleureuse<\/i>\u00a0\u00bb. Elisa, quant \u00e0 elle, vient d\u2019emm\u00e9nager \u00e0 Marseille et a ador\u00e9 sa premi\u00e8re soir\u00e9e dans la ville. \u00ab\u00a0<i>Une tr\u00e8s bonne premi\u00e8re impression<\/i>\u00a0\u00bb pour elle, qui a particuli\u00e8rement \u00ab\u00a0<i>appr\u00e9ci\u00e9 la playlist<\/i><i>\u00a0<\/i>\u00bb qui accompagnait le show.<\/p>\n<\/p><\/div>\n","protected":false},"excerpt":{"rendered":"&laquo; J&rsquo;ai rarement vu &ccedil;a !&nbsp;&raquo; Sur le Vieux-Port de Marseille, les feux d&rsquo;artifice ont r&eacute;sonn&eacute; lundi 13&nbsp;juillet. Au-dessus des bateaux et jusqu&rsquo;au fort Saint-Jean, un spectacle pyrotechnique &#8230;","protected":false},"author":1,"featured_media":36305,"comment_status":"open","ping_status":"open","sticky":false,"template":"","format":"standard","meta":{"footnotes":""},"categories":[3926,3925,20],"tags":[4275,6090,16,935],"news-destination":[3944],"news-source":[475],"is_homepage":[],"ta_other":[],"class_list":["post-36304","post","type-post","status-publish","format-standard","has-post-thumbnail","hentry","category-accueil-merge","category-accueil-third","category-societe","tag-14-juillet","tag-feux-dartifices","tag-marseille","tag-vieux-port","news-destination-homepage","news-source-website"],"_links":{"self":[{"href":"https:\/\/euapp01.newsmemory.com\/lamarseillaise\/news\/wp-json\/wp\/v2\/posts\/36304","targetHints":{"allow":["GET"]}}],"collection":[{"href":"https:\/\/euapp01.newsmemory.com\/lamarseillaise\/news\/wp-json\/wp\/v2\/posts"}],"about":[{"href":"https:\/\/euapp01.newsmemory.com\/lamarseillaise\/news\/wp-json\/wp\/v2\/types\/post"}],"author":[{"embeddable":true,"href":"https:\/\/euapp01.newsmemory.com\/lamarseillaise\/news\/wp-json\/wp\/v2\/users\/1"}],"replies":[{"embeddable":true,"href":"https:\/\/euapp01.newsmemory.com\/lamarseillaise\/news\/wp-json\/wp\/v2\/comments?post=36304"}],"version-history":[{"count":2,"href":"https:\/\/euapp01.newsmemory.com\/lamarseillaise\/news\/wp-json\/wp\/v2\/posts\/36304\/revisions"}],"predecessor-version":[{"id":36325,"href":"https:\/\/euapp01.newsmemory.com\/lamarseillaise\/news\/wp-json\/wp\/v2\/posts\/36304\/revisions\/36325"}],"wp:featuredmedia":[{"embeddable":true,"href":"https:\/\/euapp01.newsmemory.com\/lamarseillaise\/news\/wp-json\/wp\/v2\/media\/36305"}],"wp:attachment":[{"href":"https:\/\/euapp01.newsmemory.com\/lamarseillaise\/news\/wp-json\/wp\/v2\/media?parent=36304"}],"wp:term":[{"taxonomy":"category","embeddable":true,"href":"https:\/\/euapp01.newsmemory.com\/lamarseillaise\/news\/wp-json\/wp\/v2\/categories?post=36304"},{"taxonomy":"post_tag","embeddable":true,"href":"https:\/\/euapp01.newsmemory.com\/lamarseillaise\/news\/wp-json\/wp\/v2\/tags?post=36304"},{"taxonomy":"news-destination","embeddable":true,"href":"https:\/\/euapp01.newsmemory.com\/lamarseillaise\/news\/wp-json\/wp\/v2\/news-destination?post=36304"},{"taxonomy":"news-source","embeddable":true,"href":"https:\/\/euapp01.newsmemory.com\/lamarseillaise\/news\/wp-json\/wp\/v2\/news-source?post=36304"},{"taxonomy":"is_homepage","embeddable":true,"href":"https:\/\/euapp01.newsmemory.com\/lamarseillaise\/news\/wp-json\/wp\/v2\/is_homepage?post=36304"},{"taxonomy":"ta_other","embeddable":true,"href":"https:\/\/euapp01.newsmemory.com\/lamarseillaise\/news\/wp-json\/wp\/v2\/ta_other?post=36304"}],"curies":[{"name":"wp","href":"https:\/\/api.w.org\/{rel}","templated":true}]}}