{"id":36300,"date":"2026-07-14T16:40:00","date_gmt":"2026-07-14T14:40:00","guid":{"rendered":"https:\/\/euapp01.newsmemory.com\/lamarseillaise\/news\/?p=36300"},"modified":"2026-07-20T07:40:38","modified_gmt":"2026-07-20T05:40:38","slug":"lom-boucle-enfin-ses-premieres-ventes-estivales","status":"publish","type":"post","link":"https:\/\/euapp01.newsmemory.com\/lamarseillaise\/news\/2026\/07\/14\/lom-boucle-enfin-ses-premieres-ventes-estivales\/","title":{"rendered":"L\u2019OM boucle enfin ses premi\u00e8res ventes estivales"},"content":{"rendered":"<div class=\"intext\"> Greenwood en Turquie\n              <\/div>\n<div class=\"paragraph\">\n<p>Le premier grand feuilleton estival a trouv\u00e9 sa conclusion. L\u2019OM a trouv\u00e9 un terrain d\u2019entente avec Fenerbah\u00e7e concernant le transfert de Mason Greenwood. L\u2019Anglais, apr\u00e8s deux saisons int\u00e9ressantes sous le maillot olympien, \u00e9tait suivi par plusieurs clubs. La Roma a \u00e9t\u00e9 la premi\u00e8re \u00e0 faire des avances. Mais sanctionn\u00e9 par l\u2019UEFA, le club de la capitale italienne a finalement renonc\u00e9.<\/p>\n<p>Trois autres sont alors entr\u00e9s dans la danse. Fenerbah\u00e7e, l\u2019Atl\u00e9tico de Madrid et al-Ahly. Les offres \u00e9taient proches, avec une base de 40\u00a0millions d\u2019euros. Seul le montant du bonus diff\u00e9rait.<\/p>\n<p>Mason Greenwood a refus\u00e9 de s\u2019engager du c\u00f4t\u00e9 d\u2019al-Ahly. Si elle semblait la plus int\u00e9ressante pour lui, il ne se sentait pas de prendre aussi t\u00f4t sa retraite sportive, en rejoignant un championnat saoudien peu int\u00e9ressant sportivement.<\/p>\n<p>Restaient en lice Fenerbah\u00e7e et l\u2019Atl\u00e9tico de Madrid. C\u2019est finalement le club turc, qui avait d\u00e9p\u00each\u00e9 un n\u00e9gociateur \u00e0 Marseille pour appuyer sa requ\u00eate, qui d\u00e9croche la timbale. L\u2019OM va empocher 40\u00a0millions d\u2019euros, auquel s\u2019ajoutera un bonus en cas de revente. N\u00e9anmoins, les dirigeants marseillais devront verser une partie de cette indemnit\u00e9 \u00e0 Manchester United.<\/p>\n<p>Mason Greenwood a sign\u00e9 un contrat de quatre ans. Assorti d\u2019une cons\u00e9quente revalorisation salariale. Il est le second d\u00e9part, apr\u00e8s le pr\u00eat payant de Hamed Traor\u00e9 au Genoa.<\/p>\n<\/p><\/div>\n<div class=\"intext\"> Des pistes d\u00e9fensives pour l\u2019apr\u00e8s-Balerdi\n              <\/div>\n<div class=\"paragraph\">\n<p>Si la priorit\u00e9 reste aux ventes, l\u2019\u00e9tat-major marseillais continue de surveiller certaines opportunit\u00e9s, notamment dans le secteur d\u00e9fensif. Apr\u00e8s la piste Jean-Clair Todibo, celle menant \u00e0 Malang Sarr est apparue. Libre de tout contrat, le d\u00e9fenseur de\u00a028\u00a0ans s\u2019est parfaitement relanc\u00e9 cette saison sous les couleurs lensoises, au point de figurer dans l\u2019\u00e9quipe type de Ligue\u00a01 des troph\u00e9es UNFP. Ses performances ont \u00e9galement attir\u00e9 l\u2019attention de la Real Sociedad.<\/p>\n<p>Accessible financi\u00e8rement, puisqu\u2019aucune indemnit\u00e9 de transfert ne serait \u00e0 verser, l\u2019arriv\u00e9e de Malang Sarr semble toutefois conditionn\u00e9e au d\u00e9part de Leonardo Balerdi. Avec l\u2019une des plus fortes valeurs marchandes et l\u2019un des salaires les plus \u00e9lev\u00e9s de l\u2019effectif, l\u2019international argentin, actuellement bless\u00e9, figure parmi les candidats au d\u00e9part cet \u00e9t\u00e9. En qu\u00eate d\u2019un d\u00e9fenseur central, la Juventus Turin garde un \u0153il sur l\u2019ancien capitaine olympien, mais seulement en cas d\u2019\u00e9chec dans le dossier menant au Slov\u00e8ne Tarik Muharemovic.<\/p>\n<\/p><\/div>\n<div class=\"intext\"> Benatia toujours l\u00e0\n              <\/div>\n<div class=\"paragraph\">\n<p>Toujours dans un souci de vendre, la direction de l\u2019OM continue de faire confiance \u00e0 Medhi Benatia, son ancien directeur sportif. Selon <i>L\u2019\u00c9quipe<\/i>, il continue de peser sur certains dossiers internes, notamment en ce qui concerne le mercato. L\u2019ancien international marocain aurait d\u2019ailleurs obtenu une proposition en provenance d\u2019Arabie saoudite pour Pierre-Emile H\u00f8jbjerg.<\/p>\n<\/p><\/div>\n<div class=\"intext\"> Premier match amical en C\u00f4te d\u2019Ivoire\n              <\/div>\n<div class=\"paragraph\">\n<p>Dans le cadre de leur pr\u00e9paration estivale en vue de la saison \u00e0 venir, les Olympiens s\u2019envoleront mercredi pour la C\u00f4te d\u2019Ivoire. Ils y s\u00e9journeront durant trois jours \u00e0 l\u2019occasion du partenariat nou\u00e9 avec \u00ab\u00a0Sublime C\u00f4te d\u2019Ivoire\u00a0\u00bb, un programme port\u00e9 par le minist\u00e8re du Tourisme et des Loisirs du pays ouest-africain. Un d\u00e9placement qui sera \u00e9galement l\u2019occasion pour les Marseillais de disputer leur premi\u00e8re rencontre amicale, jeudi \u00e0 15\u00a0heures, face au Yamoussoukro FC.<\/p>\n<p>Selon la communication officielle de l\u2019OM, l\u2019ensemble des rencontres du Summer Tour sera diffus\u00e9 sur OM.fr et sur la cha\u00eene Twitch officielle du club. L\u2019acc\u00e8s au direct sera r\u00e9serv\u00e9 aux membres Peuple Bleu &#038; Blanc Essential, Gold et Platinum, ainsi qu\u2019aux abonn\u00e9s (subs) de la cha\u00eene Twitch officielle de l\u2019OM.<\/p>\n<\/p><\/div>\n","protected":false},"excerpt":{"rendered":"Le premier grand feuilleton estival a trouv&eacute; sa conclusion. L&rsquo;OM a trouv&eacute; un terrain d&rsquo;entente avec Fenerbah&ccedil;e concernant le transfert de Mason Greenwood. L&rsquo;Anglais, apr&egrave;s deux saisons &#8230;","protected":false},"author":1,"featured_media":36301,"comment_status":"open","ping_status":"open","sticky":false,"template":"","format":"standard","meta":{"footnotes":""},"categories":[3926,3925,7],"tags":[10,13,16,1152,14],"news-destination":[3944],"news-source":[475],"is_homepage":[],"ta_other":[],"class_list":["post-36300","post","type-post","status-publish","format-standard","has-post-thumbnail","hentry","category-accueil-merge","category-accueil-third","category-sports","tag-bouches-du-rhone","tag-football","tag-marseille","tag-mercato","tag-om","news-destination-homepage","news-source-website"],"_links":{"self":[{"href":"https:\/\/euapp01.newsmemory.com\/lamarseillaise\/news\/wp-json\/wp\/v2\/posts\/36300","targetHints":{"allow":["GET"]}}],"collection":[{"href":"https:\/\/euapp01.newsmemory.com\/lamarseillaise\/news\/wp-json\/wp\/v2\/posts"}],"about":[{"href":"https:\/\/euapp01.newsmemory.com\/lamarseillaise\/news\/wp-json\/wp\/v2\/types\/post"}],"author":[{"embeddable":true,"href":"https:\/\/euapp01.newsmemory.com\/lamarseillaise\/news\/wp-json\/wp\/v2\/users\/1"}],"replies":[{"embeddable":true,"href":"https:\/\/euapp01.newsmemory.com\/lamarseillaise\/news\/wp-json\/wp\/v2\/comments?post=36300"}],"version-history":[{"count":1,"href":"https:\/\/euapp01.newsmemory.com\/lamarseillaise\/news\/wp-json\/wp\/v2\/posts\/36300\/revisions"}],"predecessor-version":[{"id":36302,"href":"https:\/\/euapp01.newsmemory.com\/lamarseillaise\/news\/wp-json\/wp\/v2\/posts\/36300\/revisions\/36302"}],"wp:featuredmedia":[{"embeddable":true,"href":"https:\/\/euapp01.newsmemory.com\/lamarseillaise\/news\/wp-json\/wp\/v2\/media\/36301"}],"wp:attachment":[{"href":"https:\/\/euapp01.newsmemory.com\/lamarseillaise\/news\/wp-json\/wp\/v2\/media?parent=36300"}],"wp:term":[{"taxonomy":"category","embeddable":true,"href":"https:\/\/euapp01.newsmemory.com\/lamarseillaise\/news\/wp-json\/wp\/v2\/categories?post=36300"},{"taxonomy":"post_tag","embeddable":true,"href":"https:\/\/euapp01.newsmemory.com\/lamarseillaise\/news\/wp-json\/wp\/v2\/tags?post=36300"},{"taxonomy":"news-destination","embeddable":true,"href":"https:\/\/euapp01.newsmemory.com\/lamarseillaise\/news\/wp-json\/wp\/v2\/news-destination?post=36300"},{"taxonomy":"news-source","embeddable":true,"href":"https:\/\/euapp01.newsmemory.com\/lamarseillaise\/news\/wp-json\/wp\/v2\/news-source?post=36300"},{"taxonomy":"is_homepage","embeddable":true,"href":"https:\/\/euapp01.newsmemory.com\/lamarseillaise\/news\/wp-json\/wp\/v2\/is_homepage?post=36300"},{"taxonomy":"ta_other","embeddable":true,"href":"https:\/\/euapp01.newsmemory.com\/lamarseillaise\/news\/wp-json\/wp\/v2\/ta_other?post=36300"}],"curies":[{"name":"wp","href":"https:\/\/api.w.org\/{rel}","templated":true}]}}