{"id":36294,"date":"2026-07-14T16:39:00","date_gmt":"2026-07-14T14:39:00","guid":{"rendered":"https:\/\/euapp01.newsmemory.com\/lamarseillaise\/news\/?p=36294"},"modified":"2026-07-20T07:40:38","modified_gmt":"2026-07-20T05:40:38","slug":"le-monde-culturel-maintient-la-pression-sur-le-gouvernement","status":"publish","type":"post","link":"https:\/\/euapp01.newsmemory.com\/lamarseillaise\/news\/2026\/07\/14\/le-monde-culturel-maintient-la-pression-sur-le-gouvernement\/","title":{"rendered":"\u00c0 Avignon, le monde culturel maintient la pression sur le gouvernement"},"content":{"rendered":"<div class=\"paragraph\">\n<p>C\u2019est malheureusement une pi\u00e8ce \u00e0 succ\u00e8s qui se joue lors de ce Festival d\u2019Avignon. Avec dans la mise en sc\u00e8ne un gouvernement aust\u00e9ritaire et comme acteurs principaux et victimes les professionnels du spectacle vivant. Apr\u00e8s<a rel=\"noopener noreferrer\" href=\"https:\/\/www.lamarseillaise.fr\/social\/plus-de-900-manifestants-a-avignon-face-aux-coupes-dans-la-culture-EO20483052\" target=\"_blank\"> une manifestation jeudi dernier devant l\u2019h\u00f4tel de Ville et avant<\/a> une agora ce jeudi\u00a016 devant le palais des Papes, une nouvelle mobilisation s\u2019est tenue ce lundi soir, \u00e9galement sur la place papale. \u00ab<i>\u00a0<\/i><i>On construit un mouvement unitaire en intersyndicale avec des organisations d\u2019employeurs et de salari\u00e9s<\/i>\u00a0\u00bb, pose Joris Mathieu, copr\u00e9sident du Syndicat national des entreprises artistiques et culturelles (Syndeac).<\/p>\n<p>\u00c0 ses c\u00f4t\u00e9s, la CGT spectacle, le Synavi (syndicat national des arts vivants), Sc\u00e8ne ensemble ou le collectif Livrer bataille. Tiago Rodrigues, directeur du festival, se joint aussi au mouvement. \u00ab\u00a0<i>Le service public de la culture est un patrimoine d\u00e9mocratique, ce festival n\u2019est pas possible sans lui, \u00e0 partir du moment o\u00f9 ce service public est en danger, on est tous en danger<\/i><i>\u00a0<\/i>\u00bb, estime-t-il. Sa voisine de tribune est l\u2019une de ses pr\u00e9d\u00e9cesseurs \u00e0 la t\u00eate du festival, Hortense Archimbault. L\u2019actuelle directrice de la MC\u00a093 [Maison de la culture de Seine-Saint-Denis] confie n\u2019avoir \u00ab<i>\u00a0<\/i><i>jamais affront\u00e9 \u00e7a en 22 ans<\/i><i>\u00a0<\/i>\u00bb. Le \u00e7a en question : le gel de dotations par l\u2019\u00c9tat pour le second semestre mettant en p\u00e9ril de nombreux spectacles et donc d\u2019activit\u00e9s pour les artistes. \u00ab\u00a0<i>Je ne veux pas d\u00e9programmer et renier la confiance accord\u00e9e aux artistes et au public, en faisant cela, je cr\u00e9e un gros d\u00e9ficit pour ma structure<\/i><i>\u00a0<\/i>\u00bb, assume-t-elle. Et ce \u00ab<i>\u00a0<\/i><i>alors qu\u2019il y a une forte demande sociale pour le spectacle vivant avec jamais autant de monde dans les salles<\/i><i>\u00a0<\/i>\u00bb.<\/p>\n<\/p><\/div>\n<div class=\"intext\"> Un \u00ab\u00a0saccage d\u00e9lib\u00e9r\u00e9<br \/>\n               <br \/>des services publics\u00a0\u00bb\n              <\/div>\n<div class=\"paragraph\">\n<p>\u00ab\u00a0<i>Nous n\u2019accepterons pas de mourir en silence<\/i>\u00a0\u00bb, pr\u00e9vient Delphine Lalizout, copr\u00e9sidente du Synavi. L\u2019intersyndicale pose trois revendications\u00a0: un moratoire urgent sur ces coupes budg\u00e9taires, la cr\u00e9ation d\u2019une commission interminist\u00e9rielle en lien avec les collectivit\u00e9s territoriales pour mener une vraie concertation, et porter \u00e0 1% minimum la part de la culture dans le budget de l\u2019\u00c9tat. \u00ab\u00a0<i>Une catastrophe sociale s\u2019annonce avec un grand m\u00e9pris du gouvernement qui ne nous a pas concert\u00e9s<\/i><i>\u00a0<\/i>\u00bb, s\u2019insurge Ghislain Gautier, secr\u00e9taire g\u00e9n\u00e9ral adjoint de la CGT spectacle qui brandit la menace d\u2019une gr\u00e8ve. \u00ab\u00a0<i>On exige une prise en consid\u00e9ration du gouvernement d\u2019ici au 16<\/i><i>\u00a0<\/i><i>juillet, avoir au moins un rendez-vous, sinon on discutera des modalit\u00e9s d\u2019action qui peuvent aller jusqu\u2019\u00e0 la gr\u00e8ve<\/i><i>\u00a0<\/i>\u00bb, annonce le repr\u00e9sentant syndical.<\/p>\n<p>Si pour l\u2019heure il ne s\u2019agit que d\u2019une hypoth\u00e8se, \u00ab\u00a0<i>c\u2019est l\u2019ex\u00e9cutif qui, par son mutisme, son m\u00e9pris et son saccage d\u00e9lib\u00e9r\u00e9 des services publics, en porterait la responsabilit\u00e9<\/i><i>\u00a0<\/i>\u00bb, conclut Joris Mathieu.<\/p>\n<\/p><\/div>\n","protected":false},"excerpt":{"rendered":"C&rsquo;est malheureusement une pi&egrave;ce &agrave; succ&egrave;s qui se joue lors de ce Festival d&rsquo;Avignon. Avec dans la mise en sc&egrave;ne un gouvernement aust&eacute;ritaire et comme acteurs principaux et victimes les professionnels du &#8230;","protected":false},"author":1,"featured_media":36295,"comment_status":"open","ping_status":"open","sticky":false,"template":"","format":"standard","meta":{"footnotes":""},"categories":[3926,3925,331],"tags":[495,174,113,329,171],"news-destination":[3944],"news-source":[475],"is_homepage":[],"ta_other":[],"class_list":["post-36294","post","type-post","status-publish","format-standard","has-post-thumbnail","hentry","category-accueil-merge","category-accueil-third","category-social","tag-495","tag-avignon","tag-cgt","tag-festival","tag-vaucluse","news-destination-homepage","news-source-website"],"_links":{"self":[{"href":"https:\/\/euapp01.newsmemory.com\/lamarseillaise\/news\/wp-json\/wp\/v2\/posts\/36294","targetHints":{"allow":["GET"]}}],"collection":[{"href":"https:\/\/euapp01.newsmemory.com\/lamarseillaise\/news\/wp-json\/wp\/v2\/posts"}],"about":[{"href":"https:\/\/euapp01.newsmemory.com\/lamarseillaise\/news\/wp-json\/wp\/v2\/types\/post"}],"author":[{"embeddable":true,"href":"https:\/\/euapp01.newsmemory.com\/lamarseillaise\/news\/wp-json\/wp\/v2\/users\/1"}],"replies":[{"embeddable":true,"href":"https:\/\/euapp01.newsmemory.com\/lamarseillaise\/news\/wp-json\/wp\/v2\/comments?post=36294"}],"version-history":[{"count":4,"href":"https:\/\/euapp01.newsmemory.com\/lamarseillaise\/news\/wp-json\/wp\/v2\/posts\/36294\/revisions"}],"predecessor-version":[{"id":36303,"href":"https:\/\/euapp01.newsmemory.com\/lamarseillaise\/news\/wp-json\/wp\/v2\/posts\/36294\/revisions\/36303"}],"wp:featuredmedia":[{"embeddable":true,"href":"https:\/\/euapp01.newsmemory.com\/lamarseillaise\/news\/wp-json\/wp\/v2\/media\/36295"}],"wp:attachment":[{"href":"https:\/\/euapp01.newsmemory.com\/lamarseillaise\/news\/wp-json\/wp\/v2\/media?parent=36294"}],"wp:term":[{"taxonomy":"category","embeddable":true,"href":"https:\/\/euapp01.newsmemory.com\/lamarseillaise\/news\/wp-json\/wp\/v2\/categories?post=36294"},{"taxonomy":"post_tag","embeddable":true,"href":"https:\/\/euapp01.newsmemory.com\/lamarseillaise\/news\/wp-json\/wp\/v2\/tags?post=36294"},{"taxonomy":"news-destination","embeddable":true,"href":"https:\/\/euapp01.newsmemory.com\/lamarseillaise\/news\/wp-json\/wp\/v2\/news-destination?post=36294"},{"taxonomy":"news-source","embeddable":true,"href":"https:\/\/euapp01.newsmemory.com\/lamarseillaise\/news\/wp-json\/wp\/v2\/news-source?post=36294"},{"taxonomy":"is_homepage","embeddable":true,"href":"https:\/\/euapp01.newsmemory.com\/lamarseillaise\/news\/wp-json\/wp\/v2\/is_homepage?post=36294"},{"taxonomy":"ta_other","embeddable":true,"href":"https:\/\/euapp01.newsmemory.com\/lamarseillaise\/news\/wp-json\/wp\/v2\/ta_other?post=36294"}],"curies":[{"name":"wp","href":"https:\/\/api.w.org\/{rel}","templated":true}]}}