{"id":36289,"date":"2026-07-14T10:30:00","date_gmt":"2026-07-14T08:30:00","guid":{"rendered":"https:\/\/euapp01.newsmemory.com\/lamarseillaise\/news\/?p=36289"},"modified":"2026-07-20T07:27:35","modified_gmt":"2026-07-20T05:27:35","slug":"a-bagnols-la-nouvelle-maire-rn-sen-prend-aux-centres-sociaux","status":"publish","type":"post","link":"https:\/\/euapp01.newsmemory.com\/lamarseillaise\/news\/2026\/07\/14\/a-bagnols-la-nouvelle-maire-rn-sen-prend-aux-centres-sociaux\/","title":{"rendered":"\u00c0 Bagnols, la nouvelle maire RN s\u2019en prend aux centres sociaux"},"content":{"rendered":"<div class=\"paragraph\">\n<p>L\u2019association se savait dans le collimateur de la nouvelle maire Pascale Bordes. Apr\u00e8s l\u2019annonce d\u2019une coupe d\u2019environ 40% dans le budget des associations, Mosa\u00efque en C\u00e8ze s\u2019attendait justement \u00e0 voir sa subvention r\u00e9duite d\u2019environ 80 000 euros. Mais jamais elle n\u2019aurait pens\u00e9 que la nouvelle \u00e9quipe irait jusqu\u2019\u00e0 supprimer l\u2019int\u00e9gralit\u00e9 de la subvention d\u2019une association dont l\u2019action est pourtant reconnue sur le territoire bagnolais depuis 1992.<\/p>\n<p>\u00ab\u00a0<i>Nous g\u00e9rons deux centres sociaux qui ont pour objectif l\u2019animation de la vie sociale sur un territoire, c\u2019est-\u00e0-dire de lutter contre toutes les formes d\u2019isolement et d\u2019exclusion<\/i>\u00a0\u00bb, explique Vincent Poutier, le pr\u00e9sident de l\u2019association qui s\u2019appuie sur 18\u00a0salari\u00e9s. \u00ab\u00a0<i>Nous avons 600<\/i><i>\u00a0<\/i><i>familles qui adh\u00e8rent \u00e0 Mosa\u00efque en C\u00e8ze, c\u2019est-\u00e0-dire entre 1<\/i><i>\u00a0<\/i><i>200 et 1<\/i><i>\u00a0<\/i><i>500<\/i><i>\u00a0<\/i><i>personnes. C\u2019est 8<\/i><i>\u00a0<\/i><i>000<\/i><i>\u00a0<\/i><i>personnes accueillies sur une ann\u00e9e. Nous organisons environ un millier d\u2019animations par an, soit 3 ou 4<\/i><i>\u00a0<\/i><i>activit\u00e9s par jour comme nous sommes ferm\u00e9s le dimanche.<\/i><i>\u00a0<\/i><i>\u00bb<\/i> Apr\u00e8s le vote de la suppression de cette subvention lors du conseil municipal du 25\u00a0juin, les sympathisants RN pr\u00e9sents ont applaudi cette d\u00e9cision&#8230;<\/p>\n<\/p><\/div>\n<div class=\"intext\"> Un avenir incertain\n              <\/div>\n<div class=\"paragraph\">\n<p>\u00c0 la suite de l\u2019\u00e9lection municipale de mars dernier, Vincent Poutier avait tent\u00e9 de rencontrer la majorit\u00e9 pour pr\u00e9senter les actions de l\u2019association et essayer de la convaincre de son importance sur le territoire. Mais aucun dialogue n\u2019a pu s\u2019installer alors que deux \u00e9lus de la majorit\u00e9 ont, de fait, un si\u00e8ge \u00e0 l\u2019Assembl\u00e9e g\u00e9n\u00e9rale de l\u2019association. \u00ab\u00a0<i>Sous pr\u00e9texte qu\u2019on g\u00e9rait mal et que la Ville \u00e9tait au bord de la cessation de paiement alors qu\u2019il y a un compte administratif positif d\u20191,9<\/i><i>\u00a0<\/i><i>million d\u2019euros, on nous annonce qu\u2019on n\u2019aura pas de subvention en 2026. On ne peut pas dire que les rapports sont mauvais, il n\u2019y en a pas. C\u2019est une d\u00e9cision violente car nous n\u2019avons aucun am\u00e9nagement possible et que cela concerne l\u2019ann\u00e9e en cours. Qu\u2019il n\u2019y ait m\u00eame pas de dialogue, je trouve que c\u2019est extr\u00eamement difficile \u00e0 vivre parce que c\u2019est un vrai m\u00e9pris et \u00e7a emp\u00eache de pouvoir se projeter sur l\u2019avenir<\/i>\u00a0\u00bb, pr\u00e9cise Vincent Poutier.<\/p>\n<p>Pour l\u2019heure, l\u2019association peine \u00e0 r\u00e9ellement \u00e9valuer toutes les cons\u00e9quences de cette d\u00e9cision mais elle s\u2019attend \u00e0 r\u00e9duire la voilure l\u2019an prochain. Cette aide de la mairie repr\u00e9sente en effet 45% des subventions per\u00e7ues par Mosa\u00efque en C\u00e8ze. C\u2019est 20% du budget total de l\u2019association. \u00ab\u00a0<i>Moins 20% dans le budget, ce n\u2019est pas moins 20% d\u2019activit\u00e9s parce que lorsqu\u2019on lance une activit\u00e9, il y a des cofinancements de plusieurs acteurs et la subvention municipale permettait justement de compl\u00e9ter pour lancer une activit\u00e9. C\u2019est-\u00e0-dire qu\u2019aujourd\u2019hui, les 20% d\u2019argent en moins, \u00e7a remet en cause pratiquement 30 \u00e0 35% de nos projets<\/i>\u00a0\u00bb, explique Vincent Poutier.<\/p>\n<p>Les \u00e9quipes de l\u2019association sont donc \u00e0 pied d\u2019\u0153uvre pour analyser projet par projet, comment ils peuvent sauver le plus d\u2019activit\u00e9s possibles. L\u2019association devrait communiquer en septembre pour d\u00e9tailler les cons\u00e9quences concr\u00e8tes de l\u2019absence de subvention communale. Au-del\u00e0 des activit\u00e9s, elle devra \u00e9galement supprimer des postes pour retrouver l\u2019\u00e9quilibre budg\u00e9taire. D\u2019autant que les autres collectivit\u00e9s ne souhaitent pas rallonger leur aide tant pour des raisons financi\u00e8res que politiques. \u00ab\u00a0<i>Cette ann\u00e9e va \u00eatre difficile parce qu\u2019on a d\u00e9j\u00e0 engag\u00e9 des choses depuis janvier et qu\u2019on sait d\u00e9sormais qu\u2019on n\u2019aura pas les financements pour. On va finir l\u2019ann\u00e9e dans le rouge<\/i>\u00a0\u00bb, s\u2019inqui\u00e8te le pr\u00e9sident de l\u2019association qui esp\u00e8re d\u00e9sormais recevoir du soutien de la population locale.<\/p>\n<p>\u00ab\u00a0<i>Ind\u00e9pendamment du RN, parce que le mouvement associatif est attaqu\u00e9 par les gouvernants actuels, je r\u00e9fl\u00e9chis actuellement avec un certain nombre de gens, pour se mobiliser et d\u00e9fendre le mouvement associatif en sachant que c\u2019est un travail de longue haleine et qu\u2019il ne va pas payer tout de suite<\/i>\u00a0\u00bb, conclut Vincent Poutier.<\/p>\n<\/p><\/div>\n","protected":false},"excerpt":{"rendered":"L&rsquo;association se savait dans le collimateur de la nouvelle maire Pascale Bordes. Apr&egrave;s l&rsquo;annonce d&rsquo;une coupe d&rsquo;environ 40% dans le budget des associations, Mosa&iuml;que en C&egrave;ze s&rsquo;attendait justement &#8230;","protected":false},"author":1,"featured_media":36290,"comment_status":"open","ping_status":"open","sticky":false,"template":"","format":"standard","meta":{"footnotes":""},"categories":[3926,3925,330],"tags":[247,168,2369,501,441,238,6060,1553,3896,191,439,194,916,223],"news-destination":[3944],"news-source":[475],"is_homepage":[],"ta_other":[],"class_list":["post-36289","post","type-post","status-publish","format-standard","has-post-thumbnail","hentry","category-accueil-merge","category-accueil-third","category-politique","tag-247","tag-association","tag-bagnols-sur-ceze","tag-centre-social","tag-extreme-droite","tag-gard","tag-liberte-associative","tag-lien-social","tag-pascale-bordes","tag-politique","tag-rn","tag-social","tag-subventions","tag-vie-associative","news-destination-homepage","news-source-website"],"_links":{"self":[{"href":"https:\/\/euapp01.newsmemory.com\/lamarseillaise\/news\/wp-json\/wp\/v2\/posts\/36289","targetHints":{"allow":["GET"]}}],"collection":[{"href":"https:\/\/euapp01.newsmemory.com\/lamarseillaise\/news\/wp-json\/wp\/v2\/posts"}],"about":[{"href":"https:\/\/euapp01.newsmemory.com\/lamarseillaise\/news\/wp-json\/wp\/v2\/types\/post"}],"author":[{"embeddable":true,"href":"https:\/\/euapp01.newsmemory.com\/lamarseillaise\/news\/wp-json\/wp\/v2\/users\/1"}],"replies":[{"embeddable":true,"href":"https:\/\/euapp01.newsmemory.com\/lamarseillaise\/news\/wp-json\/wp\/v2\/comments?post=36289"}],"version-history":[{"count":1,"href":"https:\/\/euapp01.newsmemory.com\/lamarseillaise\/news\/wp-json\/wp\/v2\/posts\/36289\/revisions"}],"predecessor-version":[{"id":36291,"href":"https:\/\/euapp01.newsmemory.com\/lamarseillaise\/news\/wp-json\/wp\/v2\/posts\/36289\/revisions\/36291"}],"wp:featuredmedia":[{"embeddable":true,"href":"https:\/\/euapp01.newsmemory.com\/lamarseillaise\/news\/wp-json\/wp\/v2\/media\/36290"}],"wp:attachment":[{"href":"https:\/\/euapp01.newsmemory.com\/lamarseillaise\/news\/wp-json\/wp\/v2\/media?parent=36289"}],"wp:term":[{"taxonomy":"category","embeddable":true,"href":"https:\/\/euapp01.newsmemory.com\/lamarseillaise\/news\/wp-json\/wp\/v2\/categories?post=36289"},{"taxonomy":"post_tag","embeddable":true,"href":"https:\/\/euapp01.newsmemory.com\/lamarseillaise\/news\/wp-json\/wp\/v2\/tags?post=36289"},{"taxonomy":"news-destination","embeddable":true,"href":"https:\/\/euapp01.newsmemory.com\/lamarseillaise\/news\/wp-json\/wp\/v2\/news-destination?post=36289"},{"taxonomy":"news-source","embeddable":true,"href":"https:\/\/euapp01.newsmemory.com\/lamarseillaise\/news\/wp-json\/wp\/v2\/news-source?post=36289"},{"taxonomy":"is_homepage","embeddable":true,"href":"https:\/\/euapp01.newsmemory.com\/lamarseillaise\/news\/wp-json\/wp\/v2\/is_homepage?post=36289"},{"taxonomy":"ta_other","embeddable":true,"href":"https:\/\/euapp01.newsmemory.com\/lamarseillaise\/news\/wp-json\/wp\/v2\/ta_other?post=36289"}],"curies":[{"name":"wp","href":"https:\/\/api.w.org\/{rel}","templated":true}]}}