{"id":36286,"date":"2026-07-14T15:20:00","date_gmt":"2026-07-14T13:20:00","guid":{"rendered":"https:\/\/euapp01.newsmemory.com\/lamarseillaise\/news\/?p=36286"},"modified":"2026-07-20T07:27:35","modified_gmt":"2026-07-20T05:27:35","slug":"le-spectacle-de-rue-sinvite-a-lodeve-avec-resurgence","status":"publish","type":"post","link":"https:\/\/euapp01.newsmemory.com\/lamarseillaise\/news\/2026\/07\/14\/le-spectacle-de-rue-sinvite-a-lodeve-avec-resurgence\/","title":{"rendered":"Le spectacle de rue s\u2019invite \u00e0 Lod\u00e8ve avec R\u00e9surgence"},"content":{"rendered":"<div class=\"paragraph\">\n<p>Cirque, musique, danse, th\u00e9\u00e2tre. Une pluralit\u00e9 d\u2019arts sera repr\u00e9sent\u00e9e au festival R\u00e9surgence, qui se d\u00e9roulera \u00e0 Lod\u00e8ve, du 16 au 19\u00a0juillet. Une diversit\u00e9 artistique mise en avant par les organisateurs. <i>\u00ab<\/i><i>\u00a0<\/i><i>On essaye que chacun puisse trouver des spectacles qui l\u2019attirent en fonction de ses go\u00fbts<\/i><i>\u00a0<\/i><i>\u00bb<\/i>, fait valoir Franck Loyat, directeur du p\u00f4le culture du Lod\u00e9vois Larzac, communaut\u00e9 de communes qui organise la manifestation. Une mani\u00e8re que chacun puisse trouver chaussure \u00e0 son pied tout en mettant en lumi\u00e8re des artistes \u00e9mergents. Car ici, pas de t\u00eate d\u2019affiche. <i>\u00ab<\/i><i>\u00a0<\/i><i>On a fait le choix d\u2019axer le festival sur la d\u00e9couverte et la cr\u00e9ation artistique afin de stimuler la curiosit\u00e9 du public<\/i><i>\u00a0<\/i><i>\u00bb<\/i>, poursuit Franck Loyat.<\/p>\n<p>Une t\u00e2che \u00e0 laquelle s\u2019attelleront les 22\u00a0compagnies qui donneront une quarantaine de repr\u00e9sentations &#8211; auxquelles s\u2019ajoutent une vingtaine du \u00ab\u00a0off\u00a0\u00bb du festival, une carte blanche donn\u00e9e aux associations locales -dans les 17\u00a0lieux publics de la ville (places, \u00e9coles, parcs, etc.). Ainsi, premier rendez-vous est donn\u00e9 le 16\u00a0juillet, \u00e0 20h30 \u00e0 l\u2019h\u00f4tel de ville pour \u00ab\u00a0Le mariage forc\u00e9\u00a0\u00bb, de la compagnie 800 litres de paille. <i>\u00ab<\/i><i>\u00a0<\/i><i>Cette pi\u00e8ce de Moli\u00e8re est revisit\u00e9e reposant sur l\u2019\u00e9nergie, la fougue des artistes<\/i><i>\u00a0<\/i><i>\u00bb<\/i>, note Franck Loyat. C\u00f4t\u00e9 circassien, la compagnie Hors surface pr\u00e9sentera Home, <i>\u00ab<\/i><i>\u00a0<\/i><i>une histoire mettant en sc\u00e8ne un acrobate faisant du fil au-dessus d\u2019un trampoline.<\/i><i>\u00a0<\/i><i>\u00bb <\/i>(18 et 19\u00a0juillet \u00e0 18h, au parc municipal).<\/p>\n<p>Les artistes ne sont pas les seuls acteurs du festival. En effet, le public est appel\u00e9 \u00e0 monter sur les planches. \u00c0 l\u2019instar de la pi\u00e8ce Jours de la compagnie Kiroul (19\/07, 10h, au parking du parc municipal). <i>\u00ab<\/i><i>\u00a0<\/i><i>C\u2019est un spectacle \u00e9trange sur la joie de vivre dans toutes les situations. Les artistes ont trouv\u00e9 une dizaine de volontaires qui d\u00e9barqueront avant le spectacle sans savoir \u00e0 quelle sauce ils seront mang\u00e9s<\/i><i>\u00a0<\/i><i>\u00bb<\/i>, pr\u00e9cise le directeur culturel.<\/p>\n<p>Si les journ\u00e9es sont d\u00e9di\u00e9es aux spectacles, les soir\u00e9es s\u2019animent en laissant la place aux concerts avec notamment le groupe Deli Teli qui revisite le la\u00efko, musique populaire grecque des ann\u00e9es 50 (18\/07, 23h) ou encore la fanfare Corn\u00e9lius (19\/07, 23h). En somme, la recette d\u2019un festival r\u00e9ussi.<\/p>\n<\/p><\/div>\n<div class=\"paragraph\">\n<p><i>Programme complet \u00e0 retrouver sur<\/i><i>\u00a0<\/i><i>: <a rel=\"nofollow\" href=\"https:\/\/www.festival-resurgence.fr\/\">festival-resurgence.fr<\/a>.<\/i><\/p>\n<\/p><\/div>\n","protected":false},"excerpt":{"rendered":"Cirque, musique, danse, th&eacute;&acirc;tre. Une pluralit&eacute; d&rsquo;arts sera repr&eacute;sent&eacute;e au festival R&eacute;surgence, qui se d&eacute;roulera &agrave; Lod&egrave;ve, du 16 au 19&nbsp;juillet. Une diversit&eacute; artistique &#8230;","protected":false},"author":1,"featured_media":36287,"comment_status":"open","ping_status":"open","sticky":false,"template":"","format":"standard","meta":{"footnotes":""},"categories":[3926,3925,32],"tags":[2345,400,397,239,3358,6089,325,284,529,1241],"news-destination":[3944],"news-source":[475],"is_homepage":[],"ta_other":[],"class_list":["post-36286","post","type-post","status-publish","format-standard","has-post-thumbnail","hentry","category-accueil-merge","category-accueil-third","category-culture","tag-cirque","tag-concerts","tag-festivals","tag-herault","tag-lodeve","tag-lodevois","tag-musique","tag-occitanie","tag-spectacle","tag-theatre","news-destination-homepage","news-source-website"],"_links":{"self":[{"href":"https:\/\/euapp01.newsmemory.com\/lamarseillaise\/news\/wp-json\/wp\/v2\/posts\/36286","targetHints":{"allow":["GET"]}}],"collection":[{"href":"https:\/\/euapp01.newsmemory.com\/lamarseillaise\/news\/wp-json\/wp\/v2\/posts"}],"about":[{"href":"https:\/\/euapp01.newsmemory.com\/lamarseillaise\/news\/wp-json\/wp\/v2\/types\/post"}],"author":[{"embeddable":true,"href":"https:\/\/euapp01.newsmemory.com\/lamarseillaise\/news\/wp-json\/wp\/v2\/users\/1"}],"replies":[{"embeddable":true,"href":"https:\/\/euapp01.newsmemory.com\/lamarseillaise\/news\/wp-json\/wp\/v2\/comments?post=36286"}],"version-history":[{"count":3,"href":"https:\/\/euapp01.newsmemory.com\/lamarseillaise\/news\/wp-json\/wp\/v2\/posts\/36286\/revisions"}],"predecessor-version":[{"id":36298,"href":"https:\/\/euapp01.newsmemory.com\/lamarseillaise\/news\/wp-json\/wp\/v2\/posts\/36286\/revisions\/36298"}],"wp:featuredmedia":[{"embeddable":true,"href":"https:\/\/euapp01.newsmemory.com\/lamarseillaise\/news\/wp-json\/wp\/v2\/media\/36287"}],"wp:attachment":[{"href":"https:\/\/euapp01.newsmemory.com\/lamarseillaise\/news\/wp-json\/wp\/v2\/media?parent=36286"}],"wp:term":[{"taxonomy":"category","embeddable":true,"href":"https:\/\/euapp01.newsmemory.com\/lamarseillaise\/news\/wp-json\/wp\/v2\/categories?post=36286"},{"taxonomy":"post_tag","embeddable":true,"href":"https:\/\/euapp01.newsmemory.com\/lamarseillaise\/news\/wp-json\/wp\/v2\/tags?post=36286"},{"taxonomy":"news-destination","embeddable":true,"href":"https:\/\/euapp01.newsmemory.com\/lamarseillaise\/news\/wp-json\/wp\/v2\/news-destination?post=36286"},{"taxonomy":"news-source","embeddable":true,"href":"https:\/\/euapp01.newsmemory.com\/lamarseillaise\/news\/wp-json\/wp\/v2\/news-source?post=36286"},{"taxonomy":"is_homepage","embeddable":true,"href":"https:\/\/euapp01.newsmemory.com\/lamarseillaise\/news\/wp-json\/wp\/v2\/is_homepage?post=36286"},{"taxonomy":"ta_other","embeddable":true,"href":"https:\/\/euapp01.newsmemory.com\/lamarseillaise\/news\/wp-json\/wp\/v2\/ta_other?post=36286"}],"curies":[{"name":"wp","href":"https:\/\/api.w.org\/{rel}","templated":true}]}}