{"id":36279,"date":"2026-07-11T14:41:00","date_gmt":"2026-07-11T12:41:00","guid":{"rendered":"https:\/\/euapp01.newsmemory.com\/lamarseillaise\/news\/?p=36279"},"modified":"2026-07-13T13:28:19","modified_gmt":"2026-07-13T11:28:19","slug":"guerre-despagne-la-solidarite-internationale-au-depart-de-marseille","status":"publish","type":"post","link":"https:\/\/euapp01.newsmemory.com\/lamarseillaise\/news\/2026\/07\/11\/guerre-despagne-la-solidarite-internationale-au-depart-de-marseille\/","title":{"rendered":"[Guerre d\u2019Espagne] La solidarit\u00e9 internationale au d\u00e9part de Marseille"},"content":{"rendered":"<div class=\"paragraph\">\n<p>Le premier contingent, 800 volontaires internationaux, fit la travers\u00e9e jusqu\u2019\u00e0 Alicante au d\u00e9part de Marseille le 10 octobre 1936 \u00e0 bord du \u00ab\u00a0Ciudad de Barcelona\u00a0\u00bb, navire r\u00e9quisitionn\u00e9 par le gouvernement r\u00e9publicain d\u00e8s le d\u00e9but de la guerre et qui fut l\u2019un des moyens de passage pour les volontaires \u00e9trangers se rendant en Espagne.<\/p>\n<p>Dans son livre sur le bataillon \u00ab\u00a0Commune de Paris\u00a0\u00bb, le brigadiste fran\u00e7ais Pierre Rebi\u00e8re fait le r\u00e9cit de ce premier voyage du bateau\u00a0: \u00ab\u00a0Nous sommes \u00e0 pr\u00e9sent 800 sur ce bateau et nous levons l\u2019ancre le soir m\u00eame. Les ouvriers et surtout les dockers qui ont travaill\u00e9 tout ce dimanche gratuitement pour charger le bateau de vivres, voudraient manifester au moment du d\u00e9part (&#8230;) Une \u00ab\u00a0Internationale\u00a0\u00bb monte puissante dans la nuit venant du quai. De nombreux volontaires vont vers l\u2019arri\u00e8re du bateau pour voir encore Marseille qui dispara\u00eet de plus en plus. Beaucoup songent que c\u2019est sans doute la derni\u00e8re fois qu\u2019ils voient la France. Alors, et alors plus sinc\u00e8rement, comme on se sent amoureux de son pays et combien on est fier des sacrifices pour que la terre qui vous a vu grandir, qui referme les parents et les a\u00efeux, o\u00f9 restent les amis, la famille, ne soit pas d\u00e9chir\u00e9e par ceux-l\u00e0 m\u00eame qui rendent la vie si dure aux peuples dans tous les pays. La derni\u00e8re nuit sera inqui\u00e9tante car on passe vers les Bal\u00e9ares, on a interdit la lumi\u00e8re\u00a0\u00bb. Le \u00ab\u00a0Ciudad de Barcelona\u00a0\u00bb atteindra Alicante le 13 octobre<\/p>\n<p>D\u2019autres bateaux effectu\u00e8rent des travers\u00e9es. Les d\u00e9parts avaient lieu dans le plus grand secret et de nuit. Le PCF, le Secours Rouge International, les syndicats CGT de marins et dockers marseillais organisaient ces travers\u00e9es en sachant que des sous-marins italiens en M\u00e9diterran\u00e9e surveillaient les va et viens des navires de la R\u00e9publique espagnole.<\/p>\n<p>Le \u00ab\u00a0Ciudad de Barcelona\u00a0\u00bb lors d\u2019une travers\u00e9e sera coul\u00e9 au large de Malgrat de Mar le 29 mai 1937, un village c\u00f4tier \u00e0 60\u00a0kilom\u00e8tres au Nord de Barcelone. Ce fut son dernier voyage, il transportait plus de 300 brigadistes embarqu\u00e9s \u00e0 Marseille. il y avait \u00e0 bord\u00a0: des Fran\u00e7ais, des Am\u00e9ricains, des Canadiens, des Anglais, des Allemands, des Italiens&#8230; 46 \u00e0 65 brigadistes p\u00e9rirent noy\u00e9s, pus de 100 autres passagers et membres d\u2019\u00e9quipages disparus. 130 surv\u00e9curent gr\u00e2ce \u00e0 l\u2019intervention rapide des p\u00eacheurs de Malgrat.<\/p>\n<\/p><\/div>\n","protected":false},"excerpt":{"rendered":"Le premier contingent, 800 volontaires internationaux, fit la travers&eacute;e jusqu&rsquo;&agrave; Alicante au d&eacute;part de Marseille le 10 octobre 1936 &agrave; bord du &laquo;&nbsp;Ciudad de Barcelona&nbsp;&raquo;, navire &#8230;","protected":false},"author":1,"featured_media":36280,"comment_status":"open","ping_status":"open","sticky":false,"template":"","format":"standard","meta":{"footnotes":""},"categories":[20],"tags":[10,1220,6088,280,16,920,2938,988,2001],"news-destination":[],"news-source":[475],"is_homepage":[],"ta_other":[],"class_list":["post-36279","post","type-post","status-publish","format-standard","has-post-thumbnail","hentry","category-societe","tag-bouches-du-rhone","tag-espagne","tag-guerre-despagne","tag-histoire","tag-marseille","tag-memoire","tag-recit","tag-week-end","tag-weekend","news-source-website"],"_links":{"self":[{"href":"https:\/\/euapp01.newsmemory.com\/lamarseillaise\/news\/wp-json\/wp\/v2\/posts\/36279","targetHints":{"allow":["GET"]}}],"collection":[{"href":"https:\/\/euapp01.newsmemory.com\/lamarseillaise\/news\/wp-json\/wp\/v2\/posts"}],"about":[{"href":"https:\/\/euapp01.newsmemory.com\/lamarseillaise\/news\/wp-json\/wp\/v2\/types\/post"}],"author":[{"embeddable":true,"href":"https:\/\/euapp01.newsmemory.com\/lamarseillaise\/news\/wp-json\/wp\/v2\/users\/1"}],"replies":[{"embeddable":true,"href":"https:\/\/euapp01.newsmemory.com\/lamarseillaise\/news\/wp-json\/wp\/v2\/comments?post=36279"}],"version-history":[{"count":1,"href":"https:\/\/euapp01.newsmemory.com\/lamarseillaise\/news\/wp-json\/wp\/v2\/posts\/36279\/revisions"}],"predecessor-version":[{"id":36281,"href":"https:\/\/euapp01.newsmemory.com\/lamarseillaise\/news\/wp-json\/wp\/v2\/posts\/36279\/revisions\/36281"}],"wp:featuredmedia":[{"embeddable":true,"href":"https:\/\/euapp01.newsmemory.com\/lamarseillaise\/news\/wp-json\/wp\/v2\/media\/36280"}],"wp:attachment":[{"href":"https:\/\/euapp01.newsmemory.com\/lamarseillaise\/news\/wp-json\/wp\/v2\/media?parent=36279"}],"wp:term":[{"taxonomy":"category","embeddable":true,"href":"https:\/\/euapp01.newsmemory.com\/lamarseillaise\/news\/wp-json\/wp\/v2\/categories?post=36279"},{"taxonomy":"post_tag","embeddable":true,"href":"https:\/\/euapp01.newsmemory.com\/lamarseillaise\/news\/wp-json\/wp\/v2\/tags?post=36279"},{"taxonomy":"news-destination","embeddable":true,"href":"https:\/\/euapp01.newsmemory.com\/lamarseillaise\/news\/wp-json\/wp\/v2\/news-destination?post=36279"},{"taxonomy":"news-source","embeddable":true,"href":"https:\/\/euapp01.newsmemory.com\/lamarseillaise\/news\/wp-json\/wp\/v2\/news-source?post=36279"},{"taxonomy":"is_homepage","embeddable":true,"href":"https:\/\/euapp01.newsmemory.com\/lamarseillaise\/news\/wp-json\/wp\/v2\/is_homepage?post=36279"},{"taxonomy":"ta_other","embeddable":true,"href":"https:\/\/euapp01.newsmemory.com\/lamarseillaise\/news\/wp-json\/wp\/v2\/ta_other?post=36279"}],"curies":[{"name":"wp","href":"https:\/\/api.w.org\/{rel}","templated":true}]}}