{"id":36273,"date":"2026-07-13T10:36:00","date_gmt":"2026-07-13T08:36:00","guid":{"rendered":"https:\/\/euapp01.newsmemory.com\/lamarseillaise\/news\/?p=36273"},"modified":"2026-07-13T11:17:09","modified_gmt":"2026-07-13T09:17:09","slug":"cest-lete-karaoke-geant-a-flayosc","status":"publish","type":"post","link":"https:\/\/euapp01.newsmemory.com\/lamarseillaise\/news\/2026\/07\/13\/cest-lete-karaoke-geant-a-flayosc\/","title":{"rendered":"[C\u2019est l\u2019\u00e9t\u00e9] Karaok\u00e9 g\u00e9ant \u00e0 Flayosc"},"content":{"rendered":"<div class=\"paragraph\">\n<p>Ce lundi \u00e0 partir de 20h30 vous \u00eates attendu sur la place de la R\u00e9publique pour un moment festif et convivial avec le karaok\u00e9 g\u00e9ant de Flayosc. Et le moins que l\u2019on puisse dire c\u2019est qu\u2019il y aura tous les tubes pour toutes les g\u00e9n\u00e9rations\u00a0!<\/p>\n<\/p><\/div>\n","protected":false},"excerpt":{"rendered":"Ce lundi &agrave; partir de 20h30 vous &ecirc;tes attendu sur la place de la R&eacute;publique pour un moment festif et convivial avec le karaok&eacute; g&eacute;ant de Flayosc. Et le moins que l&rsquo;on puisse dire c&rsquo;est qu&rsquo;il y aura &#8230;","protected":false},"author":1,"featured_media":36274,"comment_status":"open","ping_status":"open","sticky":false,"template":"","format":"standard","meta":{"footnotes":""},"categories":[32],"tags":[6085,1341,466,6087,325,31],"news-destination":[],"news-source":[475],"is_homepage":[],"ta_other":[],"class_list":["post-36273","post","type-post","status-publish","format-standard","has-post-thumbnail","hentry","category-culture","tag-cest-lete","tag-convivialite","tag-fete","tag-flayosc","tag-musique","tag-var","news-source-website"],"_links":{"self":[{"href":"https:\/\/euapp01.newsmemory.com\/lamarseillaise\/news\/wp-json\/wp\/v2\/posts\/36273","targetHints":{"allow":["GET"]}}],"collection":[{"href":"https:\/\/euapp01.newsmemory.com\/lamarseillaise\/news\/wp-json\/wp\/v2\/posts"}],"about":[{"href":"https:\/\/euapp01.newsmemory.com\/lamarseillaise\/news\/wp-json\/wp\/v2\/types\/post"}],"author":[{"embeddable":true,"href":"https:\/\/euapp01.newsmemory.com\/lamarseillaise\/news\/wp-json\/wp\/v2\/users\/1"}],"replies":[{"embeddable":true,"href":"https:\/\/euapp01.newsmemory.com\/lamarseillaise\/news\/wp-json\/wp\/v2\/comments?post=36273"}],"version-history":[{"count":1,"href":"https:\/\/euapp01.newsmemory.com\/lamarseillaise\/news\/wp-json\/wp\/v2\/posts\/36273\/revisions"}],"predecessor-version":[{"id":36275,"href":"https:\/\/euapp01.newsmemory.com\/lamarseillaise\/news\/wp-json\/wp\/v2\/posts\/36273\/revisions\/36275"}],"wp:featuredmedia":[{"embeddable":true,"href":"https:\/\/euapp01.newsmemory.com\/lamarseillaise\/news\/wp-json\/wp\/v2\/media\/36274"}],"wp:attachment":[{"href":"https:\/\/euapp01.newsmemory.com\/lamarseillaise\/news\/wp-json\/wp\/v2\/media?parent=36273"}],"wp:term":[{"taxonomy":"category","embeddable":true,"href":"https:\/\/euapp01.newsmemory.com\/lamarseillaise\/news\/wp-json\/wp\/v2\/categories?post=36273"},{"taxonomy":"post_tag","embeddable":true,"href":"https:\/\/euapp01.newsmemory.com\/lamarseillaise\/news\/wp-json\/wp\/v2\/tags?post=36273"},{"taxonomy":"news-destination","embeddable":true,"href":"https:\/\/euapp01.newsmemory.com\/lamarseillaise\/news\/wp-json\/wp\/v2\/news-destination?post=36273"},{"taxonomy":"news-source","embeddable":true,"href":"https:\/\/euapp01.newsmemory.com\/lamarseillaise\/news\/wp-json\/wp\/v2\/news-source?post=36273"},{"taxonomy":"is_homepage","embeddable":true,"href":"https:\/\/euapp01.newsmemory.com\/lamarseillaise\/news\/wp-json\/wp\/v2\/is_homepage?post=36273"},{"taxonomy":"ta_other","embeddable":true,"href":"https:\/\/euapp01.newsmemory.com\/lamarseillaise\/news\/wp-json\/wp\/v2\/ta_other?post=36273"}],"curies":[{"name":"wp","href":"https:\/\/api.w.org\/{rel}","templated":true}]}}