{"id":36270,"date":"2026-07-13T10:53:00","date_gmt":"2026-07-13T08:53:00","guid":{"rendered":"https:\/\/euapp01.newsmemory.com\/lamarseillaise\/news\/?p=36270"},"modified":"2026-07-20T07:27:36","modified_gmt":"2026-07-20T05:27:36","slug":"a-montpellier-lassociation-les-ziconofages-lance-un-cri-dalerte","status":"publish","type":"post","link":"https:\/\/euapp01.newsmemory.com\/lamarseillaise\/news\/2026\/07\/13\/a-montpellier-lassociation-les-ziconofages-lance-un-cri-dalerte\/","title":{"rendered":"\u00c0 Montpellier, l\u2019association Les Ziconofages lance un cri d\u2019alerte"},"content":{"rendered":"<div class=\"paragraph\">\n<p>Depuis 25 ans, les Ziconofages, association d\u2019\u00e9ducation populaire implant\u00e9e essentiellement \u00e0 Montpellier, propose <i>\u00ab<\/i><i>\u00a0<\/i><i>\u00e0 des publics en situation de pr\u00e9carit\u00e9 ou issus des quartiers populaires de prendre la parole \u00e0 travers l\u2019outil vid\u00e9o et de cor\u00e9aliser des films. Nous apportons notre savoir-faire audiovisuel et eux, leur expertise d\u2019usage du territoire<\/i><i>\u00a0<\/i><i>\u00bb,<\/i> explique Pascal Biston, coordinateur de l\u2019association. Les films sont ensuite diffus\u00e9s dans des m\u00e9diath\u00e8ques, des cin\u00e9mas ou des lieux partenaires. \u00c0 titre d\u2019exemple, cette ann\u00e9e, une vingtaine d\u2019ateliers ont permis de r\u00e9aliser des films sur les questions de sant\u00e9 et de pr\u00e9carit\u00e9, qui ont \u00e9t\u00e9 projet\u00e9s r\u00e9cemment au Gazette caf\u00e9. Les Ziconofages ont \u00e9galement un travail en cours sur les violences faites aux femmes, \u00e0 la fois sur le territoire de Montpellier et sur celui du Clermontais-Lod\u00e9vois. <i>\u00ab<\/i><i>\u00a0<\/i><i>L\u2019id\u00e9e est aussi de d\u00e9construire les pr\u00e9jug\u00e9s sur les gens pauvres. On subit tous les images, mais les gens des quartiers populaires encore plus. C\u2019est pour \u00e7a qu\u2019on propose, avec ces films, d\u2019inverser les r\u00f4les pour qu\u2019ils cr\u00e9ent leurs propres images et leurs propres paroles<\/i><i>\u00a0<\/i><i>\u00bb,<\/i> insiste Pascal Biston.<\/p>\n<\/p><\/div>\n<div class=\"intext\"> \u00ab\u00a0L\u2019\u00e9tat se d\u00e9sengage<br \/>\n               <br \/>jour apr\u00e8s jour\u00a0\u00bb\n              <\/div>\n<div class=\"paragraph\">\n<p>Un travail de terrain au plus pr\u00e8s de l\u2019humain qui pourrait bien dispara\u00eetre faute de moyens.<i> \u00ab<\/i><i>\u00a0<\/i><i>Comme beaucoup de structures associatives du social et du culturel, les politiques publiques se d\u00e9sengagent de ce champ de l\u2019action sociale et culturelle<\/i><i>\u00a0<\/i><i>\u00bb,<\/i> d\u00e9nonce le coordinateur de cette petite association locale, qui compte deux salari\u00e9s, une vingtaine de b\u00e9n\u00e9voles et une centaine d\u2019adh\u00e9rents.<i><\/i><\/p>\n<p><i>\u00ab<\/i><i>\u00a0<\/i><i>Nous avons perdu petit \u00e0 petit des aides pr\u00e9cieuses qui nous permettaient de mener des actions dans de bonnes conditions<\/i><i>\u00a0<\/i><i>\u00bb<\/i>, poursuit-il. <i>\u00ab<\/i><i>\u00a0<\/i><i>De 3 salari\u00e9s, nous sommes pass\u00e9s \u00e0 2 car nous avons perdu un poste adulte-relais en 2021 (financ\u00e9 par l\u2019\u00c9tat)<\/i><i>\u00a0<\/i><i>; en 2024, on a subi une baisse de 33% de notre principale subvention, allou\u00e9e par le D\u00e9partement de l\u2019H\u00e9rault, du fait des contraintes budg\u00e9taires de la collectivit\u00e9<\/i><i>\u00a0<\/i><i>; et nous venons d\u2019apprendre la suppression de 2<\/i><i>\u00a0<\/i><i>subventions de la DDETS (direction d\u00e9partementale de la coh\u00e9sion sociale) pour un montant de 5<\/i><i>\u00a0<\/i><i>000<\/i><i>\u00a0<\/i><i>euros sur nos stages vid\u00e9o jeunes<\/i><i>\u00a0<\/i><i>\u00bb<\/i>, liste Pascal Biston. <i>\u00ab<\/i><i>\u00a0<\/i><i>Sur un budget de 70<\/i><i>\u00a0<\/i><i>000<\/i><i>\u00a0<\/i><i>euros, c\u2019est consid\u00e9rable. Sachant que ma coll\u00e8gue salari\u00e9e et mois ne travaillons qu\u2019\u00e0 70%, sinon on fermerait l\u2019association<\/i><i>\u00a0<\/i><i>\u00bb<\/i>, souligne-t-il.<\/p>\n<p>Ce d\u00e9sengagement est surtout le fait de l\u2019\u00c9tat, qui a \u00e9galement r\u00e9duit la somme allou\u00e9e dans le cadre du fonds de d\u00e9veloppement de la vie associative, pass\u00e9e de 5\u00a0000 euros \u00e0 1\u00a0000 euros l\u2019an dernier. <i>\u00ab<\/i><i>\u00a0<\/i><i>Et cette ann\u00e9e, on ne sait pas ce qui nous attend&#8230;<\/i><i>\u00a0<\/i><i>\u00bb<\/i> La Ville de Montpellier, elle, maintient sa subvention annuelle (5\u00a0000\u00a0euros) et le D\u00e9partement a consenti cette ann\u00e9e une petite rallonge de cr\u00e9dits en lien avec le sujet sur les violences faites aux femmes.<\/p>\n<p><i>\u00ab<\/i><i>\u00a0<\/i><i>On est repr\u00e9sentatif de ce qu\u2019il se passe dans le monde associatif<\/i><i>\u00a0<\/i><i>\u00bb,<\/i> estime Pascal Biston. Une r\u00e9union entre plusieurs associations de La Mosson a d\u2019ailleurs eu lieu au mois de mai pour \u00e9voquer ces probl\u00e9matiques des coupes budg\u00e9taires qui se multiplient et des restrictions financi\u00e8res, notamment nationales. <i>\u00ab<\/i><i>\u00a0<\/i><i>L\u2019<\/i><i><span class=\"mln_uppercase_mln\">\u00e9<\/span><\/i><i>tat choisit de mettre sans probl\u00e8me de l\u2019argent pour pourchasser quelques teufeurs, financer les industries d\u2019armement, mais se d\u00e9sengage jour apr\u00e8s jour sur l\u2019\u00e9ducation, le social et le culturel, qui viennent en appui aux populations les plus vuln\u00e9rables, aidant \u00e0 la coh\u00e9sion sociale, \u00e0 la lutte contre les in\u00e9galit\u00e9s et au vivre ensemble<\/i><i>\u00a0<\/i><i>\u00bb,<\/i> d\u00e9nonce le repr\u00e9sentant des Ziconofages. <i>\u00ab<\/i><i>\u00a0<\/i><i>On a l\u2019impression qu\u2019on a une politique de droite voire d\u2019extr\u00eame droite quand on voit les choix qui sont faits. C\u2019est un peu reprendre les id\u00e9es des villes qui ont bascul\u00e9 RN et qui coupent les budgets \u00e0 beaucoup de structures associatives qui font de l\u2019\u00e9ducation populaire, comme nous.<\/i><i>\u00a0<\/i><i>\u00bb<\/i><\/p>\n<\/p><\/div>\n","protected":false},"excerpt":{"rendered":"Depuis 25 ans, les Ziconofages, association d&rsquo;&eacute;ducation populaire implant&eacute;e essentiellement &agrave; Montpellier, propose &laquo;&nbsp;&agrave; des publics en situation de pr&eacute;carit&eacute; ou issus des quartiers populaires &#8230;","protected":false},"author":1,"featured_media":36271,"comment_status":"open","ping_status":"open","sticky":false,"template":"","format":"standard","meta":{"footnotes":""},"categories":[3926,3925,20],"tags":[1380,138,822,883,239,290,240,284],"news-destination":[3944],"news-source":[475],"is_homepage":[],"ta_other":[],"class_list":["post-36270","post","type-post","status-publish","format-standard","has-post-thumbnail","hentry","category-accueil-merge","category-accueil-third","category-societe","tag-action-sociale","tag-associations","tag-coupes-budgetaires","tag-education-populaire","tag-herault","tag-inegalites","tag-montpellier","tag-occitanie","news-destination-homepage","news-source-website"],"_links":{"self":[{"href":"https:\/\/euapp01.newsmemory.com\/lamarseillaise\/news\/wp-json\/wp\/v2\/posts\/36270","targetHints":{"allow":["GET"]}}],"collection":[{"href":"https:\/\/euapp01.newsmemory.com\/lamarseillaise\/news\/wp-json\/wp\/v2\/posts"}],"about":[{"href":"https:\/\/euapp01.newsmemory.com\/lamarseillaise\/news\/wp-json\/wp\/v2\/types\/post"}],"author":[{"embeddable":true,"href":"https:\/\/euapp01.newsmemory.com\/lamarseillaise\/news\/wp-json\/wp\/v2\/users\/1"}],"replies":[{"embeddable":true,"href":"https:\/\/euapp01.newsmemory.com\/lamarseillaise\/news\/wp-json\/wp\/v2\/comments?post=36270"}],"version-history":[{"count":1,"href":"https:\/\/euapp01.newsmemory.com\/lamarseillaise\/news\/wp-json\/wp\/v2\/posts\/36270\/revisions"}],"predecessor-version":[{"id":36272,"href":"https:\/\/euapp01.newsmemory.com\/lamarseillaise\/news\/wp-json\/wp\/v2\/posts\/36270\/revisions\/36272"}],"wp:featuredmedia":[{"embeddable":true,"href":"https:\/\/euapp01.newsmemory.com\/lamarseillaise\/news\/wp-json\/wp\/v2\/media\/36271"}],"wp:attachment":[{"href":"https:\/\/euapp01.newsmemory.com\/lamarseillaise\/news\/wp-json\/wp\/v2\/media?parent=36270"}],"wp:term":[{"taxonomy":"category","embeddable":true,"href":"https:\/\/euapp01.newsmemory.com\/lamarseillaise\/news\/wp-json\/wp\/v2\/categories?post=36270"},{"taxonomy":"post_tag","embeddable":true,"href":"https:\/\/euapp01.newsmemory.com\/lamarseillaise\/news\/wp-json\/wp\/v2\/tags?post=36270"},{"taxonomy":"news-destination","embeddable":true,"href":"https:\/\/euapp01.newsmemory.com\/lamarseillaise\/news\/wp-json\/wp\/v2\/news-destination?post=36270"},{"taxonomy":"news-source","embeddable":true,"href":"https:\/\/euapp01.newsmemory.com\/lamarseillaise\/news\/wp-json\/wp\/v2\/news-source?post=36270"},{"taxonomy":"is_homepage","embeddable":true,"href":"https:\/\/euapp01.newsmemory.com\/lamarseillaise\/news\/wp-json\/wp\/v2\/is_homepage?post=36270"},{"taxonomy":"ta_other","embeddable":true,"href":"https:\/\/euapp01.newsmemory.com\/lamarseillaise\/news\/wp-json\/wp\/v2\/ta_other?post=36270"}],"curies":[{"name":"wp","href":"https:\/\/api.w.org\/{rel}","templated":true}]}}