{"id":36267,"date":"2026-07-13T10:55:00","date_gmt":"2026-07-13T08:55:00","guid":{"rendered":"https:\/\/euapp01.newsmemory.com\/lamarseillaise\/news\/?p=36267"},"modified":"2026-07-20T07:27:35","modified_gmt":"2026-07-20T05:27:35","slug":"la-mairie-de-lodeve-ferme-ses-portes-au-festival-les-fourmilieres","status":"publish","type":"post","link":"https:\/\/euapp01.newsmemory.com\/lamarseillaise\/news\/2026\/07\/13\/la-mairie-de-lodeve-ferme-ses-portes-au-festival-les-fourmilieres\/","title":{"rendered":"La mairie de Lod\u00e8ve ferme ses portes au festival les Fourmili\u00e8res"},"content":{"rendered":"<div class=\"paragraph\">\n<p>Le festival les Fourmili\u00e8res, organis\u00e9 dans plusieurs villes d\u2019Occitanie du 25\u00a0septembre au 10\u00a0octobre, devra revoir sa copie \u00e0 Lod\u00e8ve. Cette manifestation antifasciste et antiraciste r\u00e9unit associations, artistes, conf\u00e9rences, ateliers et d\u00e9bats autour de la lutte contre l\u2019extr\u00eame droite et les discriminations. La nouvelle municipalit\u00e9 de droite a refus\u00e9 de mettre \u00e0 disposition les salles demand\u00e9es par le collectif, estimant que l\u2019\u00e9v\u00e9nement est \u00ab\u00a0<i>trop politis\u00e9<\/i>\u00a0\u00bb.<\/p>\n<\/p><\/div>\n<div class=\"intext\"> Une atteinte aux libert\u00e9s\n              <\/div>\n<div class=\"paragraph\">\n<p>Les organisateurs pointent du doigt \u00ab\u00a0<i>un maire qui se <br \/>dit apolitique, mais qui s\u2019affiche avec la d\u00e9put\u00e9e du Rassemblement national Manon Bouquin<\/i><i>\u00a0<\/i>\u00bb. Une vision apolitique \u00e0 g\u00e9om\u00e9trie variable dont les cons\u00e9quences sont d\u00e9nonc\u00e9es par les organisateurs\u00a0: \u00ab\u00a0<i>C\u2019est une attaque aux libert\u00e9s fondamentales<\/i><i>\u00a0<\/i><i>!<\/i><i>\u00a0<\/i><i>\u00bb<\/i><\/p>\n<p>Le collectif<i> <\/i>rappelle qu\u2019<i>\u00ab<\/i><i>\u00a0<\/i><i>en France, on ne peut interdire une manifestation pour des raisons politiques sans porter atteinte \u00e0 la d\u00e9mocratie qui a pour principe premier la garantie des libert\u00e9s fondamentales<\/i><i>\u00a0<\/i><i>\u00bb.<\/i><\/p>\n<p>Si les \u00e9v\u00e9nements pr\u00e9vus \u00e0 Lod\u00e8ve seront finalement accueillis dans des lieux priv\u00e9s ou dans des communes voisines, les organisateurs regrettent <i>\u00ab<\/i><i>\u00a0<\/i><i>que la nouvelle municipalit\u00e9 de Lod\u00e8ve, cens\u00e9e concourir au bien de toutes et tous, ait fait le choix de ne pas soutenir ces id\u00e9aux<\/i><i>\u00a0<\/i><i>\u00bb. <\/i>Le collectif annonce par ailleurs se r\u00e9server<i> \u00ab<\/i><i>\u00a0<\/i><i>le droit d\u2019attaquer cette d\u00e9cision au tribunal administratif parce que \u00e7a commence \u00e0 \u00eatre un peu du proto fascisme, avec une censure politique, nous sentons les choses venir<\/i><i>\u00a0<\/i><i>\u00bb.<\/i><\/p>\n<\/p><\/div>\n","protected":false},"excerpt":{"rendered":"Le festival les Fourmili&egrave;res, organis&eacute; dans plusieurs villes d&rsquo;Occitanie du 25&nbsp;septembre au 10&nbsp;octobre, devra revoir sa copie &agrave; Lod&egrave;ve. Cette manifestation antifasciste et antiraciste r&eacute;unit &#8230;","protected":false},"author":1,"featured_media":36268,"comment_status":"open","ping_status":"open","sticky":false,"template":"","format":"standard","meta":{"footnotes":""},"categories":[3926,3925,330,20],"tags":[1928,329,239,6060,5790,3358,284],"news-destination":[3944],"news-source":[475],"is_homepage":[],"ta_other":[],"class_list":["post-36267","post","type-post","status-publish","format-standard","has-post-thumbnail","hentry","category-accueil-merge","category-accueil-third","category-politique","category-societe","tag-antifascisme","tag-festival","tag-herault","tag-liberte-associative","tag-libertes-publiques","tag-lodeve","tag-occitanie","news-destination-homepage","news-source-website"],"_links":{"self":[{"href":"https:\/\/euapp01.newsmemory.com\/lamarseillaise\/news\/wp-json\/wp\/v2\/posts\/36267","targetHints":{"allow":["GET"]}}],"collection":[{"href":"https:\/\/euapp01.newsmemory.com\/lamarseillaise\/news\/wp-json\/wp\/v2\/posts"}],"about":[{"href":"https:\/\/euapp01.newsmemory.com\/lamarseillaise\/news\/wp-json\/wp\/v2\/types\/post"}],"author":[{"embeddable":true,"href":"https:\/\/euapp01.newsmemory.com\/lamarseillaise\/news\/wp-json\/wp\/v2\/users\/1"}],"replies":[{"embeddable":true,"href":"https:\/\/euapp01.newsmemory.com\/lamarseillaise\/news\/wp-json\/wp\/v2\/comments?post=36267"}],"version-history":[{"count":1,"href":"https:\/\/euapp01.newsmemory.com\/lamarseillaise\/news\/wp-json\/wp\/v2\/posts\/36267\/revisions"}],"predecessor-version":[{"id":36269,"href":"https:\/\/euapp01.newsmemory.com\/lamarseillaise\/news\/wp-json\/wp\/v2\/posts\/36267\/revisions\/36269"}],"wp:featuredmedia":[{"embeddable":true,"href":"https:\/\/euapp01.newsmemory.com\/lamarseillaise\/news\/wp-json\/wp\/v2\/media\/36268"}],"wp:attachment":[{"href":"https:\/\/euapp01.newsmemory.com\/lamarseillaise\/news\/wp-json\/wp\/v2\/media?parent=36267"}],"wp:term":[{"taxonomy":"category","embeddable":true,"href":"https:\/\/euapp01.newsmemory.com\/lamarseillaise\/news\/wp-json\/wp\/v2\/categories?post=36267"},{"taxonomy":"post_tag","embeddable":true,"href":"https:\/\/euapp01.newsmemory.com\/lamarseillaise\/news\/wp-json\/wp\/v2\/tags?post=36267"},{"taxonomy":"news-destination","embeddable":true,"href":"https:\/\/euapp01.newsmemory.com\/lamarseillaise\/news\/wp-json\/wp\/v2\/news-destination?post=36267"},{"taxonomy":"news-source","embeddable":true,"href":"https:\/\/euapp01.newsmemory.com\/lamarseillaise\/news\/wp-json\/wp\/v2\/news-source?post=36267"},{"taxonomy":"is_homepage","embeddable":true,"href":"https:\/\/euapp01.newsmemory.com\/lamarseillaise\/news\/wp-json\/wp\/v2\/is_homepage?post=36267"},{"taxonomy":"ta_other","embeddable":true,"href":"https:\/\/euapp01.newsmemory.com\/lamarseillaise\/news\/wp-json\/wp\/v2\/ta_other?post=36267"}],"curies":[{"name":"wp","href":"https:\/\/api.w.org\/{rel}","templated":true}]}}