{"id":36261,"date":"2026-07-13T10:22:00","date_gmt":"2026-07-13T08:22:00","guid":{"rendered":"https:\/\/euapp01.newsmemory.com\/lamarseillaise\/news\/?p=36261"},"modified":"2026-07-13T10:50:52","modified_gmt":"2026-07-13T08:50:52","slug":"cest-lete-observation-du-ciel-a-chateau-ville-vieille","status":"publish","type":"post","link":"https:\/\/euapp01.newsmemory.com\/lamarseillaise\/news\/2026\/07\/13\/cest-lete-observation-du-ciel-a-chateau-ville-vieille\/","title":{"rendered":"[C\u2019est l\u2019\u00e9t\u00e9] Observation du ciel \u00e0 Ch\u00e2teau-Ville-Vieille"},"content":{"rendered":"<div class=\"paragraph\">\n<p>Le Fort de ch\u00e2teau Queyras ouvre ses portes pour proposer au public de d\u00e9couvrir le ciel \u00e0 l\u2019\u0153il nu aux c\u00f4t\u00e9s de Jeff Graphy, photographe sp\u00e9cialis\u00e9 dans les paysages nocturnes. L\u2019occasion d\u2019apprendre \u00e0 rep\u00e9rer les constellations mais aussi la voie lact\u00e9e.<\/p>\n<p><i>20 euros pour les adultes et 12 euros pour les enfants<\/i><\/p>\n<\/p><\/div>\n","protected":false},"excerpt":{"rendered":"Le Fort de ch&acirc;teau Queyras ouvre ses portes pour proposer au public de d&eacute;couvrir le ciel &agrave; l&rsquo;&oelig;il nu aux c&ocirc;t&eacute;s de Jeff Graphy, photographe sp&eacute;cialis&eacute; dans les paysages nocturnes. &#8230;","protected":false},"author":1,"featured_media":36262,"comment_status":"open","ping_status":"open","sticky":false,"template":"","format":"standard","meta":{"footnotes":""},"categories":[20],"tags":[4768,6085,225,3391],"news-destination":[],"news-source":[475],"is_homepage":[],"ta_other":[],"class_list":["post-36261","post","type-post","status-publish","format-standard","has-post-thumbnail","hentry","category-societe","tag-alpes","tag-cest-lete","tag-ciel","tag-nuit","news-source-website"],"_links":{"self":[{"href":"https:\/\/euapp01.newsmemory.com\/lamarseillaise\/news\/wp-json\/wp\/v2\/posts\/36261","targetHints":{"allow":["GET"]}}],"collection":[{"href":"https:\/\/euapp01.newsmemory.com\/lamarseillaise\/news\/wp-json\/wp\/v2\/posts"}],"about":[{"href":"https:\/\/euapp01.newsmemory.com\/lamarseillaise\/news\/wp-json\/wp\/v2\/types\/post"}],"author":[{"embeddable":true,"href":"https:\/\/euapp01.newsmemory.com\/lamarseillaise\/news\/wp-json\/wp\/v2\/users\/1"}],"replies":[{"embeddable":true,"href":"https:\/\/euapp01.newsmemory.com\/lamarseillaise\/news\/wp-json\/wp\/v2\/comments?post=36261"}],"version-history":[{"count":1,"href":"https:\/\/euapp01.newsmemory.com\/lamarseillaise\/news\/wp-json\/wp\/v2\/posts\/36261\/revisions"}],"predecessor-version":[{"id":36263,"href":"https:\/\/euapp01.newsmemory.com\/lamarseillaise\/news\/wp-json\/wp\/v2\/posts\/36261\/revisions\/36263"}],"wp:featuredmedia":[{"embeddable":true,"href":"https:\/\/euapp01.newsmemory.com\/lamarseillaise\/news\/wp-json\/wp\/v2\/media\/36262"}],"wp:attachment":[{"href":"https:\/\/euapp01.newsmemory.com\/lamarseillaise\/news\/wp-json\/wp\/v2\/media?parent=36261"}],"wp:term":[{"taxonomy":"category","embeddable":true,"href":"https:\/\/euapp01.newsmemory.com\/lamarseillaise\/news\/wp-json\/wp\/v2\/categories?post=36261"},{"taxonomy":"post_tag","embeddable":true,"href":"https:\/\/euapp01.newsmemory.com\/lamarseillaise\/news\/wp-json\/wp\/v2\/tags?post=36261"},{"taxonomy":"news-destination","embeddable":true,"href":"https:\/\/euapp01.newsmemory.com\/lamarseillaise\/news\/wp-json\/wp\/v2\/news-destination?post=36261"},{"taxonomy":"news-source","embeddable":true,"href":"https:\/\/euapp01.newsmemory.com\/lamarseillaise\/news\/wp-json\/wp\/v2\/news-source?post=36261"},{"taxonomy":"is_homepage","embeddable":true,"href":"https:\/\/euapp01.newsmemory.com\/lamarseillaise\/news\/wp-json\/wp\/v2\/is_homepage?post=36261"},{"taxonomy":"ta_other","embeddable":true,"href":"https:\/\/euapp01.newsmemory.com\/lamarseillaise\/news\/wp-json\/wp\/v2\/ta_other?post=36261"}],"curies":[{"name":"wp","href":"https:\/\/api.w.org\/{rel}","templated":true}]}}