{"id":36254,"date":"2026-07-13T10:03:00","date_gmt":"2026-07-13T08:03:00","guid":{"rendered":"https:\/\/euapp01.newsmemory.com\/lamarseillaise\/news\/?p=36254"},"modified":"2026-07-13T10:27:49","modified_gmt":"2026-07-13T08:27:49","slug":"cest-lete-lecture-lettre-de-francfort-dedith-bruck","status":"publish","type":"post","link":"https:\/\/euapp01.newsmemory.com\/lamarseillaise\/news\/2026\/07\/13\/cest-lete-lecture-lettre-de-francfort-dedith-bruck\/","title":{"rendered":"[C\u2019est l\u2019\u00e9t\u00e9] Lecture : \u00abLettre de Francfort\u00bb, d\u2019Edith Bruck"},"content":{"rendered":"<div class=\"paragraph\">\n<p>Si elle survit avec sa s\u0153ur, leurs parents comptent parmi les victimes de l\u2019holocauste. Install\u00e9e en Italie, elle \u00e9pouse le r\u00e9alisateur Nelo Risi et adopte la langue italienne. Dans le pr\u00e9sent ouvrage, pr\u00e9fac\u00e9 et traduit par Ren\u00e9 de Ceccatty, elle tente d\u2019obtenir l\u2019indemnisation \u00e0 laquelle les d\u00e9port\u00e9s avaient droit, \u00e0 condition d\u2019en prouver le bien-fond\u00e9. S\u2019ensuit l\u2019absurdit\u00e9 d\u2019une machine administrative, digne d\u2019un roman de Kafka.<\/p>\n<\/p><\/div>\n<div class=\"paragraph\">\n<p><i>\u00c9ditions Rivages, 20<\/i><i>\u00a0<\/i><i>euros<\/i><\/p>\n<\/p><\/div>\n","protected":false},"excerpt":{"rendered":"Si elle survit avec sa s&oelig;ur, leurs parents comptent parmi les victimes de l&rsquo;holocauste. Install&eacute;e en Italie, elle &eacute;pouse le r&eacute;alisateur Nelo Risi et adopte la langue italienne. Dans le pr&eacute;sent ouvrage, &#8230;","protected":false},"author":1,"featured_media":36255,"comment_status":"open","ping_status":"open","sticky":false,"template":"","format":"standard","meta":{"footnotes":""},"categories":[32],"tags":[1229,6085,572,1293,1958],"news-destination":[],"news-source":[475],"is_homepage":[],"ta_other":[],"class_list":["post-36254","post","type-post","status-publish","format-standard","has-post-thumbnail","hentry","category-culture","tag-biographie","tag-cest-lete","tag-france","tag-lecture","tag-litterature","news-source-website"],"_links":{"self":[{"href":"https:\/\/euapp01.newsmemory.com\/lamarseillaise\/news\/wp-json\/wp\/v2\/posts\/36254","targetHints":{"allow":["GET"]}}],"collection":[{"href":"https:\/\/euapp01.newsmemory.com\/lamarseillaise\/news\/wp-json\/wp\/v2\/posts"}],"about":[{"href":"https:\/\/euapp01.newsmemory.com\/lamarseillaise\/news\/wp-json\/wp\/v2\/types\/post"}],"author":[{"embeddable":true,"href":"https:\/\/euapp01.newsmemory.com\/lamarseillaise\/news\/wp-json\/wp\/v2\/users\/1"}],"replies":[{"embeddable":true,"href":"https:\/\/euapp01.newsmemory.com\/lamarseillaise\/news\/wp-json\/wp\/v2\/comments?post=36254"}],"version-history":[{"count":1,"href":"https:\/\/euapp01.newsmemory.com\/lamarseillaise\/news\/wp-json\/wp\/v2\/posts\/36254\/revisions"}],"predecessor-version":[{"id":36256,"href":"https:\/\/euapp01.newsmemory.com\/lamarseillaise\/news\/wp-json\/wp\/v2\/posts\/36254\/revisions\/36256"}],"wp:featuredmedia":[{"embeddable":true,"href":"https:\/\/euapp01.newsmemory.com\/lamarseillaise\/news\/wp-json\/wp\/v2\/media\/36255"}],"wp:attachment":[{"href":"https:\/\/euapp01.newsmemory.com\/lamarseillaise\/news\/wp-json\/wp\/v2\/media?parent=36254"}],"wp:term":[{"taxonomy":"category","embeddable":true,"href":"https:\/\/euapp01.newsmemory.com\/lamarseillaise\/news\/wp-json\/wp\/v2\/categories?post=36254"},{"taxonomy":"post_tag","embeddable":true,"href":"https:\/\/euapp01.newsmemory.com\/lamarseillaise\/news\/wp-json\/wp\/v2\/tags?post=36254"},{"taxonomy":"news-destination","embeddable":true,"href":"https:\/\/euapp01.newsmemory.com\/lamarseillaise\/news\/wp-json\/wp\/v2\/news-destination?post=36254"},{"taxonomy":"news-source","embeddable":true,"href":"https:\/\/euapp01.newsmemory.com\/lamarseillaise\/news\/wp-json\/wp\/v2\/news-source?post=36254"},{"taxonomy":"is_homepage","embeddable":true,"href":"https:\/\/euapp01.newsmemory.com\/lamarseillaise\/news\/wp-json\/wp\/v2\/is_homepage?post=36254"},{"taxonomy":"ta_other","embeddable":true,"href":"https:\/\/euapp01.newsmemory.com\/lamarseillaise\/news\/wp-json\/wp\/v2\/ta_other?post=36254"}],"curies":[{"name":"wp","href":"https:\/\/api.w.org\/{rel}","templated":true}]}}