{"id":36251,"date":"2026-07-13T09:55:00","date_gmt":"2026-07-13T07:55:00","guid":{"rendered":"https:\/\/euapp01.newsmemory.com\/lamarseillaise\/news\/?p=36251"},"modified":"2026-07-13T10:27:49","modified_gmt":"2026-07-13T08:27:49","slug":"cest-lete-la-plage-de-ferrieres-au-centre-ville-de-martigues","status":"publish","type":"post","link":"https:\/\/euapp01.newsmemory.com\/lamarseillaise\/news\/2026\/07\/13\/cest-lete-la-plage-de-ferrieres-au-centre-ville-de-martigues\/","title":{"rendered":"[C\u2019est l\u2019\u00e9t\u00e9] La plage de Ferri\u00e8res au centre-ville de Martigues"},"content":{"rendered":"<div class=\"paragraph\">\n<p>Plusieurs paillotes proposent \u00e9galement buvette et restauration en journ\u00e9e et soir\u00e9e. La nouveaut\u00e9 de cette ann\u00e9e est l\u2019installation d\u2019un village sportif \u00ab\u00a0<i>les pieds dans l\u2019eau<\/i>\u00a0\u00bb anim\u00e9 par la Ville de Martigues et proposant des activit\u00e9s sportives gratuites de 11h30 \u00e0 14h30 jusqu\u2019au 13\u00a0ao\u00fbt. Des \u00e9ducateurs dipl\u00f4m\u00e9s proposeront paddle, water-polo, ou encore du kayak, pr\u00e9c\u00e9d\u00e9s de 9h \u00e0 10h30 de l\u2019aquagym et du Pilates.<\/p>\n<\/p><\/div>\n","protected":false},"excerpt":{"rendered":"Plusieurs paillotes proposent &eacute;galement buvette et restauration en journ&eacute;e et soir&eacute;e. La nouveaut&eacute; de cette ann&eacute;e est l&rsquo;installation d&rsquo;un village sportif &laquo;&nbsp;les pieds dans &#8230;","protected":false},"author":1,"featured_media":36252,"comment_status":"open","ping_status":"open","sticky":false,"template":"","format":"standard","meta":{"footnotes":""},"categories":[20],"tags":[100,2873,10,6085,336,1083,2464,63,3694,180,18],"news-destination":[],"news-source":[475],"is_homepage":[],"ta_other":[],"class_list":["post-36251","post","type-post","status-publish","format-standard","has-post-thumbnail","hentry","category-societe","tag-activites","tag-activites-de-loisirs","tag-bouches-du-rhone","tag-cest-lete","tag-ete","tag-gratuit","tag-gratuite","tag-martigues","tag-plage","tag-restauration","tag-sports","news-source-website"],"_links":{"self":[{"href":"https:\/\/euapp01.newsmemory.com\/lamarseillaise\/news\/wp-json\/wp\/v2\/posts\/36251","targetHints":{"allow":["GET"]}}],"collection":[{"href":"https:\/\/euapp01.newsmemory.com\/lamarseillaise\/news\/wp-json\/wp\/v2\/posts"}],"about":[{"href":"https:\/\/euapp01.newsmemory.com\/lamarseillaise\/news\/wp-json\/wp\/v2\/types\/post"}],"author":[{"embeddable":true,"href":"https:\/\/euapp01.newsmemory.com\/lamarseillaise\/news\/wp-json\/wp\/v2\/users\/1"}],"replies":[{"embeddable":true,"href":"https:\/\/euapp01.newsmemory.com\/lamarseillaise\/news\/wp-json\/wp\/v2\/comments?post=36251"}],"version-history":[{"count":1,"href":"https:\/\/euapp01.newsmemory.com\/lamarseillaise\/news\/wp-json\/wp\/v2\/posts\/36251\/revisions"}],"predecessor-version":[{"id":36253,"href":"https:\/\/euapp01.newsmemory.com\/lamarseillaise\/news\/wp-json\/wp\/v2\/posts\/36251\/revisions\/36253"}],"wp:featuredmedia":[{"embeddable":true,"href":"https:\/\/euapp01.newsmemory.com\/lamarseillaise\/news\/wp-json\/wp\/v2\/media\/36252"}],"wp:attachment":[{"href":"https:\/\/euapp01.newsmemory.com\/lamarseillaise\/news\/wp-json\/wp\/v2\/media?parent=36251"}],"wp:term":[{"taxonomy":"category","embeddable":true,"href":"https:\/\/euapp01.newsmemory.com\/lamarseillaise\/news\/wp-json\/wp\/v2\/categories?post=36251"},{"taxonomy":"post_tag","embeddable":true,"href":"https:\/\/euapp01.newsmemory.com\/lamarseillaise\/news\/wp-json\/wp\/v2\/tags?post=36251"},{"taxonomy":"news-destination","embeddable":true,"href":"https:\/\/euapp01.newsmemory.com\/lamarseillaise\/news\/wp-json\/wp\/v2\/news-destination?post=36251"},{"taxonomy":"news-source","embeddable":true,"href":"https:\/\/euapp01.newsmemory.com\/lamarseillaise\/news\/wp-json\/wp\/v2\/news-source?post=36251"},{"taxonomy":"is_homepage","embeddable":true,"href":"https:\/\/euapp01.newsmemory.com\/lamarseillaise\/news\/wp-json\/wp\/v2\/is_homepage?post=36251"},{"taxonomy":"ta_other","embeddable":true,"href":"https:\/\/euapp01.newsmemory.com\/lamarseillaise\/news\/wp-json\/wp\/v2\/ta_other?post=36251"}],"curies":[{"name":"wp","href":"https:\/\/api.w.org\/{rel}","templated":true}]}}