{"id":36248,"date":"2026-07-13T09:31:00","date_gmt":"2026-07-13T07:31:00","guid":{"rendered":"https:\/\/euapp01.newsmemory.com\/lamarseillaise\/news\/?p=36248"},"modified":"2026-07-13T10:11:48","modified_gmt":"2026-07-13T08:11:48","slug":"cest-lete-musiques-dun-monde-en-mouvement-a-arles","status":"publish","type":"post","link":"https:\/\/euapp01.newsmemory.com\/lamarseillaise\/news\/2026\/07\/13\/cest-lete-musiques-dun-monde-en-mouvement-a-arles\/","title":{"rendered":"[C\u2019est l\u2019\u00e9t\u00e9] \u00ab Musiques d\u2019un monde en mouvement \u00bb \u00e0 Arles"},"content":{"rendered":"<div class=\"paragraph\">\n<p>\u00ab <i>D<\/i><i>epuis 30 ans, Les Suds \u00e0 Arles invitent des artistes d\u2019ici et d\u2019ailleurs, tous porteurs de traditions qui nous \u00e9clairent autant sur le chemin des origines que sur ceux qui se dessinent devant nous<\/i>\u00a0\u00bb, rappelle St\u00e9phane Krasniewski, directeur de ce festival qui entend \u00ab\u00a0<i>accueillir les musiques d\u2019un monde en mouvement<\/i>\u00a0\u00bb du lundi\u00a013 au dimanche 19\u00a0juillet dans diff\u00e9rents lieux de la ville. Rien donc de plus normal \u00e0 ce que son programme fasse \u00e9cho aux \u00ab\u00a0<i>peuples en lutte, plus particuli\u00e8rement au courage des femmes<\/i>\u00a0\u00bb, pr\u00e9cise-t-il, pointant <i>Pour l\u2019Iran<\/i>, cr\u00e9ation de Shadi Fathi, reine du set\u00e2r, ce luth persan \u00e0 petit ventre et manche long, et de la chanteuse Mahsa Vahdat, \u00e0 voir le 18\u00a0juillet aux Alyscamps.<\/p>\n<\/p><\/div>\n<div class=\"intext\"> \u00ab\u00a0Diversit\u00e9\u00a0\u00bb\n              <\/div>\n<div class=\"paragraph\">\n<p>\u00c0 l\u2019occasion de l\u2019exposition \u00ab\u00a0Le passage de V\u00e9nus\u00a0\u00bb, le Mus\u00e9e d\u00e9partemental Arles antique accueillera, lui, lors de la soir\u00e9e d\u2019ouverture,<i> Immortelles<\/i>, o\u00f9 Cl\u00e9mence Gabrielidis conjugue les esprits de la po\u00e9tesse antique Sappho et de la chanteuse de rebetiko, r\u00e9sistante grecque et f\u00e9ministe des ann\u00e9es 1940 Sotiria B\u00e9llou. Dans le cadre de la \u00ab\u00a0Saison M\u00e9diterran\u00e9e\u00a0\u00bb, le Th\u00e9\u00e2tre antique abritera mercredi une r\u00e9interpr\u00e9tation par Cam\u00e9lia Jordan et Sofiane Saidi des <i>Medahates<\/i>, tradition de chants sacr\u00e9s de femmes de l\u2019Ouest alg\u00e9rien. Les Suds \u00e0 Arles, une \u00ab\u00a0<i>promesse de diversit\u00e9<\/i>\u00a0\u00bb des musiques du monde, de Jordi Savall, \u00ab\u00a0<i>ma\u00eetre de la musique baroque<\/i>\u00a0\u00bb \u00e0 la \u00ab\u00a0<i>rappeuse franco-camerounaise incandescente<\/i><i>\u00a0<\/i>\u00bb Uzi Freyja, en passant par \u00ab\u00a0<i>le rock \u00e9thiopien<\/i>\u00a0\u00bb d\u2019Et\u00e9n\u00e8sh Wassi\u00e9 ou le hip-hop sans fronti\u00e8res de Ga\u00ebl Faye.<\/p>\n<p><i><a rel=\"nofollow noopener noreferrer\" href=\"https:\/\/www.suds-arles.com\/\" target=\"_blank\">suds-arles.com<\/a><\/i><\/p>\n<\/p><\/div>\n","protected":false},"excerpt":{"rendered":"&laquo; Depuis 30 ans, Les Suds &agrave; Arles invitent des artistes d&rsquo;ici et d&rsquo;ailleurs, tous porteurs de traditions qui nous &eacute;clairent autant sur le chemin des origines que sur ceux qui se dessinent devant nous&nbsp;&raquo;, &#8230;","protected":false},"author":1,"featured_media":36249,"comment_status":"open","ping_status":"open","sticky":false,"template":"","format":"standard","meta":{"footnotes":""},"categories":[32],"tags":[1234,10,3273,6085,329,325],"news-destination":[],"news-source":[475],"is_homepage":[],"ta_other":[],"class_list":["post-36248","post","type-post","status-publish","format-standard","has-post-thumbnail","hentry","category-culture","tag-arles","tag-bouches-du-rhone","tag-bresil","tag-cest-lete","tag-festival","tag-musique","news-source-website"],"_links":{"self":[{"href":"https:\/\/euapp01.newsmemory.com\/lamarseillaise\/news\/wp-json\/wp\/v2\/posts\/36248","targetHints":{"allow":["GET"]}}],"collection":[{"href":"https:\/\/euapp01.newsmemory.com\/lamarseillaise\/news\/wp-json\/wp\/v2\/posts"}],"about":[{"href":"https:\/\/euapp01.newsmemory.com\/lamarseillaise\/news\/wp-json\/wp\/v2\/types\/post"}],"author":[{"embeddable":true,"href":"https:\/\/euapp01.newsmemory.com\/lamarseillaise\/news\/wp-json\/wp\/v2\/users\/1"}],"replies":[{"embeddable":true,"href":"https:\/\/euapp01.newsmemory.com\/lamarseillaise\/news\/wp-json\/wp\/v2\/comments?post=36248"}],"version-history":[{"count":1,"href":"https:\/\/euapp01.newsmemory.com\/lamarseillaise\/news\/wp-json\/wp\/v2\/posts\/36248\/revisions"}],"predecessor-version":[{"id":36250,"href":"https:\/\/euapp01.newsmemory.com\/lamarseillaise\/news\/wp-json\/wp\/v2\/posts\/36248\/revisions\/36250"}],"wp:featuredmedia":[{"embeddable":true,"href":"https:\/\/euapp01.newsmemory.com\/lamarseillaise\/news\/wp-json\/wp\/v2\/media\/36249"}],"wp:attachment":[{"href":"https:\/\/euapp01.newsmemory.com\/lamarseillaise\/news\/wp-json\/wp\/v2\/media?parent=36248"}],"wp:term":[{"taxonomy":"category","embeddable":true,"href":"https:\/\/euapp01.newsmemory.com\/lamarseillaise\/news\/wp-json\/wp\/v2\/categories?post=36248"},{"taxonomy":"post_tag","embeddable":true,"href":"https:\/\/euapp01.newsmemory.com\/lamarseillaise\/news\/wp-json\/wp\/v2\/tags?post=36248"},{"taxonomy":"news-destination","embeddable":true,"href":"https:\/\/euapp01.newsmemory.com\/lamarseillaise\/news\/wp-json\/wp\/v2\/news-destination?post=36248"},{"taxonomy":"news-source","embeddable":true,"href":"https:\/\/euapp01.newsmemory.com\/lamarseillaise\/news\/wp-json\/wp\/v2\/news-source?post=36248"},{"taxonomy":"is_homepage","embeddable":true,"href":"https:\/\/euapp01.newsmemory.com\/lamarseillaise\/news\/wp-json\/wp\/v2\/is_homepage?post=36248"},{"taxonomy":"ta_other","embeddable":true,"href":"https:\/\/euapp01.newsmemory.com\/lamarseillaise\/news\/wp-json\/wp\/v2\/ta_other?post=36248"}],"curies":[{"name":"wp","href":"https:\/\/api.w.org\/{rel}","templated":true}]}}