{"id":36245,"date":"2026-07-13T09:33:00","date_gmt":"2026-07-13T07:33:00","guid":{"rendered":"https:\/\/euapp01.newsmemory.com\/lamarseillaise\/news\/?p=36245"},"modified":"2026-07-13T10:11:48","modified_gmt":"2026-07-13T08:11:48","slug":"festival-daix-sublimes-portes","status":"publish","type":"post","link":"https:\/\/euapp01.newsmemory.com\/lamarseillaise\/news\/2026\/07\/13\/festival-daix-sublimes-portes\/","title":{"rendered":"Festival d\u2019Aix : sublimes portes&nbsp;!"},"content":{"rendered":"<div class=\"paragraph\">\n<p>Un prologue parl\u00e9 interroge : \u00ab\u00a0<i>Il \u00e9tait une fois&#8230; Est-ce au-dehors ou au-dedans, la sc\u00e8ne est-elle \u00e0 l\u2019int\u00e9rieur ou \u00e0 l\u2019ext\u00e9rieur ?<\/i> \u00bb Il enjoint le public \u00e0 ouvrir les yeux comme on ouvre un rideau de sc\u00e8ne et de les garder grands ouverts. S\u2019il existe un op\u00e9ra que la version concert sert au mieux c\u2019est bien <i>Le Ch\u00e2teau de Barbe-Bleue<\/i> de B\u00e9la Bart\u00f3k. Klaus M\u00e4kel\u00e4, l\u2019Orchestre de Paris et les deux solistes, le baryton canadien Gerald Finley et la mezzo-soprano am\u00e9ricaine, Judith Irene Roberts, ont laiss\u00e9 samedi, au Grand Th\u00e9\u00e2tre de Provence, le public du Festival d\u2019Aix pantois.<\/p>\n<p>Bart\u00f3k et son librettiste B\u00e9la Bal\u00e1zs concentrent l\u2019action sur les deux protagonistes et maintiennent ainsi une tension dramatique de chaque instant. Klaus M\u00e4kel\u00e4 est le ma\u00eetre de cette palette orchestrale d\u2019une richesse inou\u00efe. Bis repetita, apr\u00e8s le Triomphe de <i>La Femme sans ombre<\/i>, pour cette partition que Zoltan Kodaly, compatriote de Bart\u00f3k, qualifia de \u00ab\u00a0<i>volcan musical<\/i>\u00a0\u00bb, le jeune chef finlandais en d\u00e9ploie avec une science musicale d\u2019une \u00e9tonnante maturit\u00e9, l\u2019\u00e9toffe d\u2019une incomparable diversit\u00e9 tonale, scintillante, iridescente avec un raffinement d\u2019orchestre renversant. Les mart\u00e8lements de la cinqui\u00e8me porte, les soupirs angoiss\u00e9s de la sixi\u00e8me emportent l\u2019auditeur dans un flot d\u2019\u00e9motions harassant. Gerald Finley et Judith Irene Roberts ont le m\u00e9rite de passer cette rampe sonore puissante sans jamais perdre un iota du sens profond exprim\u00e9 par le livret.<\/p>\n<\/p><\/div>\n<div class=\"intext\"> Chef-d\u2019\u0153uvre concis\n              <\/div>\n<div class=\"paragraph\">\n<p>Le ch\u00e2teau du conte n\u2019est autre que Barbe-Bleue lui-m\u00eame. Chaque porte que Judith veut ouvrir, avec une cruelle obstination, est une part secr\u00e8te de l\u2019\u00e2me de cet homme qui se livre tout entier \u00e0 la femme qu\u2019il aime. \u00ab\u00a0<i>Pourquoi veux-tu ouvrir ces portes ? Parce que je t\u2019aime<\/i>\u00a0\u00bb, r\u00e9pond-elle. Aimer c\u2019est d\u00e9vorer l\u2019autre. La chambre des tortures suinte des souffrances de l\u2019enfance.<\/p>\n<p>Suivent les chambres du pouvoir et des richesses accumul\u00e9es, celle du jardin merveilleux, \u00e2me de l\u2019artiste. La cinqui\u00e8me porte que Judith ouvre sur un cri d\u2019admiration ou de terreur voit s\u2019ouvrir \u00e0 elle tout un empire. Le lac de la sixi\u00e8me porte est rempli des larmes de Barbe-Bleue. Et la septi\u00e8me chambre enfin, garde les femmes vivantes comme on garde en m\u00e9moire les amours pass\u00e9es sans vouloir totalement y renoncer. Judith les rejoint. Barbe-Bleue retourne \u00e0 son obscurit\u00e9 et sa solitude, au moment m\u00eame o\u00f9 il croit atteindre la f\u00e9licit\u00e9.<\/p>\n<p>Mais comme le souligne Georges Bataille, l\u2019instant de la pl\u00e9nitude est aussi celui o\u00f9 appara\u00eet la conscience de sa fin. La joie souveraine est li\u00e9e \u00e0 l\u2019angoisse parce qu\u2019elle ne peut durer. Eros et Thanatos se partagent le c\u0153ur de l\u2019homme, celui, sans doute de Bart\u00f3k, compositeur de l\u2019angoisse, s\u2019il en fut. C\u2019est \u00e0 juste titre que Piort Kaminki parle d\u2019un chemin de croix vers la catastrophe finale. <i>Le Ch\u00e2teau de Barbe-Bleue<\/i> est un chef-d\u2019\u0153uvre concis (une heure de musique), une de ces \u0153uvres qui ne peuvent laisser indiff\u00e9rent. Elle \u00e9tait servie \u00e0 Aix par des interpr\u00e8tes hors pair. Un immense moment de musique !<\/p>\n<\/p><\/div>\n","protected":false},"excerpt":{"rendered":"Un prologue parl&eacute; interroge : &laquo;&nbsp;Il &eacute;tait une fois&#8230; Est-ce au-dehors ou au-dedans, la sc&egrave;ne est-elle &agrave; l&rsquo;int&eacute;rieur ou &agrave; l&rsquo;ext&eacute;rieur ? &raquo; Il enjoint le public &agrave; &#8230;","protected":false},"author":1,"featured_media":36246,"comment_status":"open","ping_status":"open","sticky":false,"template":"","format":"standard","meta":{"footnotes":""},"categories":[32],"tags":[556,10,6085,2455,34,4352,3045],"news-destination":[],"news-source":[475],"is_homepage":[],"ta_other":[],"class_list":["post-36245","post","type-post","status-publish","format-standard","has-post-thumbnail","hentry","category-culture","tag-aix-en-provence","tag-bouches-du-rhone","tag-cest-lete","tag-chef-doeuvre","tag-concert","tag-festival-daix","tag-orchestre","news-source-website"],"_links":{"self":[{"href":"https:\/\/euapp01.newsmemory.com\/lamarseillaise\/news\/wp-json\/wp\/v2\/posts\/36245","targetHints":{"allow":["GET"]}}],"collection":[{"href":"https:\/\/euapp01.newsmemory.com\/lamarseillaise\/news\/wp-json\/wp\/v2\/posts"}],"about":[{"href":"https:\/\/euapp01.newsmemory.com\/lamarseillaise\/news\/wp-json\/wp\/v2\/types\/post"}],"author":[{"embeddable":true,"href":"https:\/\/euapp01.newsmemory.com\/lamarseillaise\/news\/wp-json\/wp\/v2\/users\/1"}],"replies":[{"embeddable":true,"href":"https:\/\/euapp01.newsmemory.com\/lamarseillaise\/news\/wp-json\/wp\/v2\/comments?post=36245"}],"version-history":[{"count":1,"href":"https:\/\/euapp01.newsmemory.com\/lamarseillaise\/news\/wp-json\/wp\/v2\/posts\/36245\/revisions"}],"predecessor-version":[{"id":36247,"href":"https:\/\/euapp01.newsmemory.com\/lamarseillaise\/news\/wp-json\/wp\/v2\/posts\/36245\/revisions\/36247"}],"wp:featuredmedia":[{"embeddable":true,"href":"https:\/\/euapp01.newsmemory.com\/lamarseillaise\/news\/wp-json\/wp\/v2\/media\/36246"}],"wp:attachment":[{"href":"https:\/\/euapp01.newsmemory.com\/lamarseillaise\/news\/wp-json\/wp\/v2\/media?parent=36245"}],"wp:term":[{"taxonomy":"category","embeddable":true,"href":"https:\/\/euapp01.newsmemory.com\/lamarseillaise\/news\/wp-json\/wp\/v2\/categories?post=36245"},{"taxonomy":"post_tag","embeddable":true,"href":"https:\/\/euapp01.newsmemory.com\/lamarseillaise\/news\/wp-json\/wp\/v2\/tags?post=36245"},{"taxonomy":"news-destination","embeddable":true,"href":"https:\/\/euapp01.newsmemory.com\/lamarseillaise\/news\/wp-json\/wp\/v2\/news-destination?post=36245"},{"taxonomy":"news-source","embeddable":true,"href":"https:\/\/euapp01.newsmemory.com\/lamarseillaise\/news\/wp-json\/wp\/v2\/news-source?post=36245"},{"taxonomy":"is_homepage","embeddable":true,"href":"https:\/\/euapp01.newsmemory.com\/lamarseillaise\/news\/wp-json\/wp\/v2\/is_homepage?post=36245"},{"taxonomy":"ta_other","embeddable":true,"href":"https:\/\/euapp01.newsmemory.com\/lamarseillaise\/news\/wp-json\/wp\/v2\/ta_other?post=36245"}],"curies":[{"name":"wp","href":"https:\/\/api.w.org\/{rel}","templated":true}]}}