{"id":36242,"date":"2026-07-13T09:37:00","date_gmt":"2026-07-13T07:37:00","guid":{"rendered":"https:\/\/euapp01.newsmemory.com\/lamarseillaise\/news\/?p=36242"},"modified":"2026-07-20T07:27:36","modified_gmt":"2026-07-20T05:27:36","slug":"entretien-eric-navarro-le-public-est-acteur-du-spectacle","status":"publish","type":"post","link":"https:\/\/euapp01.newsmemory.com\/lamarseillaise\/news\/2026\/07\/13\/entretien-eric-navarro-le-public-est-acteur-du-spectacle\/","title":{"rendered":"[Entretien] \u00c9ric Navarro&nbsp;: \u00ab Le public est acteur du spectacle&nbsp;\u00bb"},"content":{"rendered":"<div class=\"paragraph\">\n<p><b>L<\/b><b>a Marseillaise :<\/b><b> Quelle est l\u2019id\u00e9e derri\u00e8re le groupe Jukebox Connexion ?<\/b><\/p>\n<p>\u00c9ric Navarro : On a appel\u00e9 le groupe ainsi en r\u00e9f\u00e9rence \u00e0 cet appareil dans lequel on mettait une pi\u00e8ce pour choisir un morceau. Le jukebox, pour nous, c\u2019est un QR code qu\u2019on dispose partout sur le lieu o\u00f9 on joue, et les gens peuvent le scanner pour avoir acc\u00e8s \u00e0 toutes les listes d\u2019une trentaine de titres que le groupe peut jouer. En fonction des votes par chanson, on va r\u00e9\u00e9quilibrer, r\u00e9organiser la soir\u00e9e.<\/p>\n<p><b>Pourquoi avoir imagin\u00e9 ce concept<\/b><b>\u00a0<\/b><b>?<\/b><\/p>\n<p>E.N. : La relation au public est essentielle, parce que la f\u00eate est l\u00e0, parce que le public se ressemble. Donc \u00e7a a toujours \u00e9t\u00e9 important pour moi, d\u2019\u00e9couter quelles \u00e9taient les demandes du public et de faire en sorte qu\u2019il soit aussi un acteur du spectacle.<\/p>\n<p><b>Quel est le style musical du groupe<\/b><b>\u00a0<\/b><b>?<\/b><\/p>\n<p>E.N. : On va plut\u00f4t se diriger vers les ann\u00e9es 70, 80 et 90, avec beaucoup de chansons fran\u00e7aises. Le point commun entre toutes ces chansons, c\u2019est qu\u2019elles sont positives. Parce qu\u2019on consid\u00e8re qu\u2019aujourd\u2019hui, la musique est f\u00e9d\u00e9ratrice et que certaines chansons sont des symboles. Elles relient autant les jeunes que les plus \u00e2g\u00e9s, mais aussi toutes les personnes socialement parlant. On a un public familial, et pourtant des jeunes qui, d\u2019habitude, n\u2019\u00e9coutent que du rap sont venus nous voir en disant : \u00ab\u00a0<i>On s\u2019est \u00e9clat\u00e9.<\/i>\u00a0\u00bb<\/p>\n<p><b>Vous avez d\u00e9j\u00e0 particip\u00e9 \u00e0 la Tourn\u00e9e d\u2019\u00e9t\u00e9 l\u2019ann\u00e9e derni\u00e8re. Pourquoi \u00eatre revenu ?<\/b><\/p>\n<p>E.N. : L\u2019ann\u00e9e derni\u00e8re, c\u2019\u00e9tait un vrai bonheur de faire la Tourn\u00e9e d\u2019\u00e9t\u00e9. Ce que j\u2019ai aim\u00e9, c\u2019est justement qu\u2019\u00e0 travers La Marseillaise, il y a des valeurs de tol\u00e9rance et de confiance qui sont port\u00e9es, et c\u2019est aussi ce que nous avons essay\u00e9 de v\u00e9hiculer dans notre prestation. Par exemple, dans toutes les communes o\u00f9 on s\u2019est retrouv\u00e9, il y avait un public qui \u00e9tait tr\u00e8s \u00e9clectique. Et pourtant, sur une chanson qui est <i>Le Temps des fleurs<\/i> de Dalida, tout le monde s\u2019est pris la main et tout le monde a chant\u00e9 ensemble.<\/p>\n<p><b>Y a-t-il des nouveaut\u00e9s dans le spectacle ?<\/b><\/p>\n<p>E.N. : Sp\u00e9cialement pour La Marseillaise, nous allons inaugurer \u00e0 Rousset un \u00e9cran g\u00e9ant. Pour toutes les chansons fran\u00e7aises, on va donc pouvoir diffuser les paroles au public et cr\u00e9er un karaok\u00e9 g\u00e9ant en live avec le groupe.<\/p>\n<\/p><\/div>\n","protected":false},"excerpt":{"rendered":"La Marseillaise : Quelle est l&rsquo;id&eacute;e derri&egrave;re le groupe Jukebox Connexion ?","protected":false},"author":1,"featured_media":36243,"comment_status":"open","ping_status":"open","sticky":false,"template":"","format":"standard","meta":{"footnotes":""},"categories":[3926,3925,32],"tags":[10,6085,343,1138,325,3324,529,1279],"news-destination":[3944],"news-source":[475],"is_homepage":[],"ta_other":[],"class_list":["post-36242","post","type-post","status-publish","format-standard","has-post-thumbnail","hentry","category-accueil-merge","category-accueil-third","category-culture","tag-bouches-du-rhone","tag-cest-lete","tag-entretien","tag-festivites","tag-musique","tag-rousset","tag-spectacle","tag-tournee-dete-la-marseillaise","news-destination-homepage","news-source-website"],"_links":{"self":[{"href":"https:\/\/euapp01.newsmemory.com\/lamarseillaise\/news\/wp-json\/wp\/v2\/posts\/36242","targetHints":{"allow":["GET"]}}],"collection":[{"href":"https:\/\/euapp01.newsmemory.com\/lamarseillaise\/news\/wp-json\/wp\/v2\/posts"}],"about":[{"href":"https:\/\/euapp01.newsmemory.com\/lamarseillaise\/news\/wp-json\/wp\/v2\/types\/post"}],"author":[{"embeddable":true,"href":"https:\/\/euapp01.newsmemory.com\/lamarseillaise\/news\/wp-json\/wp\/v2\/users\/1"}],"replies":[{"embeddable":true,"href":"https:\/\/euapp01.newsmemory.com\/lamarseillaise\/news\/wp-json\/wp\/v2\/comments?post=36242"}],"version-history":[{"count":1,"href":"https:\/\/euapp01.newsmemory.com\/lamarseillaise\/news\/wp-json\/wp\/v2\/posts\/36242\/revisions"}],"predecessor-version":[{"id":36244,"href":"https:\/\/euapp01.newsmemory.com\/lamarseillaise\/news\/wp-json\/wp\/v2\/posts\/36242\/revisions\/36244"}],"wp:featuredmedia":[{"embeddable":true,"href":"https:\/\/euapp01.newsmemory.com\/lamarseillaise\/news\/wp-json\/wp\/v2\/media\/36243"}],"wp:attachment":[{"href":"https:\/\/euapp01.newsmemory.com\/lamarseillaise\/news\/wp-json\/wp\/v2\/media?parent=36242"}],"wp:term":[{"taxonomy":"category","embeddable":true,"href":"https:\/\/euapp01.newsmemory.com\/lamarseillaise\/news\/wp-json\/wp\/v2\/categories?post=36242"},{"taxonomy":"post_tag","embeddable":true,"href":"https:\/\/euapp01.newsmemory.com\/lamarseillaise\/news\/wp-json\/wp\/v2\/tags?post=36242"},{"taxonomy":"news-destination","embeddable":true,"href":"https:\/\/euapp01.newsmemory.com\/lamarseillaise\/news\/wp-json\/wp\/v2\/news-destination?post=36242"},{"taxonomy":"news-source","embeddable":true,"href":"https:\/\/euapp01.newsmemory.com\/lamarseillaise\/news\/wp-json\/wp\/v2\/news-source?post=36242"},{"taxonomy":"is_homepage","embeddable":true,"href":"https:\/\/euapp01.newsmemory.com\/lamarseillaise\/news\/wp-json\/wp\/v2\/is_homepage?post=36242"},{"taxonomy":"ta_other","embeddable":true,"href":"https:\/\/euapp01.newsmemory.com\/lamarseillaise\/news\/wp-json\/wp\/v2\/ta_other?post=36242"}],"curies":[{"name":"wp","href":"https:\/\/api.w.org\/{rel}","templated":true}]}}