{"id":36239,"date":"2026-07-13T09:38:00","date_gmt":"2026-07-13T07:38:00","guid":{"rendered":"https:\/\/euapp01.newsmemory.com\/lamarseillaise\/news\/?p=36239"},"modified":"2026-07-13T10:11:48","modified_gmt":"2026-07-13T08:11:48","slug":"avignon-off-un-grand-souffle-de-vie","status":"publish","type":"post","link":"https:\/\/euapp01.newsmemory.com\/lamarseillaise\/news\/2026\/07\/13\/avignon-off-un-grand-souffle-de-vie\/","title":{"rendered":"Avignon off : un grand souffle de vie"},"content":{"rendered":"<div class=\"paragraph\">\n<p>Comment G\u00e9rald Sibleyras a-t-il pu \u00e0 42 ans, cr\u00e9er des personnages \u00e2g\u00e9s plus vrais que nature\u00a0? <i>Le Vent des Peupliers<\/i> a \u00e9t\u00e9 cr\u00e9\u00e9e en 2003. Sibleyras n\u2019en \u00e9tait qu\u2019\u00e0 ses d\u00e9buts d\u2019auteur solo. Depuis il a encha\u00een\u00e9 pi\u00e8ce sur pi\u00e8ce, succ\u00e8s apr\u00e8s succ\u00e8s. <i>Le vent des peupliers<\/i> a \u00e9t\u00e9 adapt\u00e9e par Tom Stoppard en 2005.<\/p>\n<p>Le titre anglais Heroes en d\u00e9peint tr\u00e8s justement cette com\u00e9die douce-am\u00e8re o\u00f9 nos trois a\u00een\u00e9s, anciens militaires, sont des h\u00e9ros de la vie, des grands enfants dont le temps, ce destructeur sournois, n\u2019a pas rid\u00e9 les d\u00e9sirs, les pulsions ou les passions. Un chien en b\u00e9ton, surveille les trois complices : Gustave le r\u00e2leur, Ren\u00e9 le gentil \u00e0 la patte folle et Fernand sujet \u00e0 de fr\u00e9quents \u00e9vanouissements. Ces trois mousquetaires chenus fomentent un plan d\u2019excursion tels des ados scouts ivres de libert\u00e9 et d\u2019obstacles \u00e0 abattre. Chaque d\u00e9tail est discut\u00e9, approuv\u00e9 ou refus\u00e9\u00a0: le temps passe plus vite lorsqu\u2019on s\u2019est fix\u00e9 un but.<\/p>\n<p>Pour interpr\u00e9ter cette photographie vivante entre pr\u00e9sent et pass\u00e9, il fallait des com\u00e9diens chevronn\u00e9s, rompus aux pi\u00e8ges du th\u00e9\u00e2tre intimiste. Bernard Belin les a trouv\u00e9s et les a dirig\u00e9s avec une tendre affection. Dans un d\u00e9cor minimaliste, rassurant, il insuffle \u00e0 la repr\u00e9sentation une force (celle de ces retrait\u00e9s r\u00eaveurs) et une po\u00e9sie qui respectent leur pass\u00e9, leurs souvenirs m\u00eame guerriers.<\/p>\n<p>Nous sommes en 1959 et la guerre n\u2019a pas encore cicatris\u00e9 toutes les blessures. Bougon, r\u00e2leur, Christophe Ch\u00eane-Caillet eau injecte dans le personnage de Gustave, une tendresse retenue, une peur inavou\u00e9e sous une apparente fanfaronnerie. Patrice Chartier-Crouzet est un Ferdinand \u00e0 l\u2019optimisme ind\u00e9boulonnable donc forc\u00e9ment sympathique. Quant \u00e0 Alain Fabre, il restitue \u00e0 merveille les incoh\u00e9rences, la parano\u00efa parfois d\u2019un Ren\u00e9 que fragilise un morceau d\u2019obus fich\u00e9 dans son cr\u00e2ne. Tous trois, nourris d\u2019une exp\u00e9rience riche de vie et de th\u00e9\u00e2tre, embarquent le spectateur dans leur voyage immobile, l\u2019imbriquent dans leurs r\u00eaves, leurs tentatives de se moquer des lourdeurs du temps sur leurs \u00e9paules.<\/p>\n<p>Avec eux on rit beaucoup, un rire bienveillant qui fait du bien. Comme eux nous aimerions bien regarder le balancement des peupliers, au loin. Ces peupliers qui, autrefois pour les druides, symbolisaient le vieil \u00e2ge de l\u2019homme en raison de leurs feuilles blanches. Mais le peuplier \u00e9tait surtout porteur d\u2019espoir et de promesse de r\u00e9g\u00e9n\u00e9rescence. Comme cette pi\u00e8ce qui m\u00e9riterait largement d\u2019\u00eatre \u00e0 l\u2019affiche d\u2019un th\u00e9\u00e2tre parisien.<\/p>\n<\/p><\/div>\n<div class=\"paragraph\">\n<p><i>\u00ab<\/i><i>\u00a0<\/i><i>Le vent des peupliers<\/i><i>\u00a0<\/i><i>\u00bb, tous les jours sauf le mercredi \u00e0 18h45 au Cadencia<\/i><\/p>\n<\/p><\/div>\n","protected":false},"excerpt":{"rendered":"Comment G&eacute;rald Sibleyras a-t-il pu &agrave; 42 ans, cr&eacute;er des personnages &acirc;g&eacute;s plus vrais que nature&nbsp;? Le Vent des Peupliers a &eacute;t&eacute; cr&eacute;&eacute;e en 2003. Sibleyras n&rsquo;en &eacute;tait &#8230;","protected":false},"author":1,"featured_media":36240,"comment_status":"open","ping_status":"open","sticky":false,"template":"","format":"standard","meta":{"footnotes":""},"categories":[32],"tags":[174,186,529,188,1241,171],"news-destination":[],"news-source":[475],"is_homepage":[],"ta_other":[],"class_list":["post-36239","post","type-post","status-publish","format-standard","has-post-thumbnail","hentry","category-culture","tag-avignon","tag-festival-davignon-off","tag-spectacle","tag-spectacle-vivant","tag-theatre","tag-vaucluse","news-source-website"],"_links":{"self":[{"href":"https:\/\/euapp01.newsmemory.com\/lamarseillaise\/news\/wp-json\/wp\/v2\/posts\/36239","targetHints":{"allow":["GET"]}}],"collection":[{"href":"https:\/\/euapp01.newsmemory.com\/lamarseillaise\/news\/wp-json\/wp\/v2\/posts"}],"about":[{"href":"https:\/\/euapp01.newsmemory.com\/lamarseillaise\/news\/wp-json\/wp\/v2\/types\/post"}],"author":[{"embeddable":true,"href":"https:\/\/euapp01.newsmemory.com\/lamarseillaise\/news\/wp-json\/wp\/v2\/users\/1"}],"replies":[{"embeddable":true,"href":"https:\/\/euapp01.newsmemory.com\/lamarseillaise\/news\/wp-json\/wp\/v2\/comments?post=36239"}],"version-history":[{"count":1,"href":"https:\/\/euapp01.newsmemory.com\/lamarseillaise\/news\/wp-json\/wp\/v2\/posts\/36239\/revisions"}],"predecessor-version":[{"id":36241,"href":"https:\/\/euapp01.newsmemory.com\/lamarseillaise\/news\/wp-json\/wp\/v2\/posts\/36239\/revisions\/36241"}],"wp:featuredmedia":[{"embeddable":true,"href":"https:\/\/euapp01.newsmemory.com\/lamarseillaise\/news\/wp-json\/wp\/v2\/media\/36240"}],"wp:attachment":[{"href":"https:\/\/euapp01.newsmemory.com\/lamarseillaise\/news\/wp-json\/wp\/v2\/media?parent=36239"}],"wp:term":[{"taxonomy":"category","embeddable":true,"href":"https:\/\/euapp01.newsmemory.com\/lamarseillaise\/news\/wp-json\/wp\/v2\/categories?post=36239"},{"taxonomy":"post_tag","embeddable":true,"href":"https:\/\/euapp01.newsmemory.com\/lamarseillaise\/news\/wp-json\/wp\/v2\/tags?post=36239"},{"taxonomy":"news-destination","embeddable":true,"href":"https:\/\/euapp01.newsmemory.com\/lamarseillaise\/news\/wp-json\/wp\/v2\/news-destination?post=36239"},{"taxonomy":"news-source","embeddable":true,"href":"https:\/\/euapp01.newsmemory.com\/lamarseillaise\/news\/wp-json\/wp\/v2\/news-source?post=36239"},{"taxonomy":"is_homepage","embeddable":true,"href":"https:\/\/euapp01.newsmemory.com\/lamarseillaise\/news\/wp-json\/wp\/v2\/is_homepage?post=36239"},{"taxonomy":"ta_other","embeddable":true,"href":"https:\/\/euapp01.newsmemory.com\/lamarseillaise\/news\/wp-json\/wp\/v2\/ta_other?post=36239"}],"curies":[{"name":"wp","href":"https:\/\/api.w.org\/{rel}","templated":true}]}}