{"id":36230,"date":"2026-07-13T09:28:00","date_gmt":"2026-07-13T07:28:00","guid":{"rendered":"https:\/\/euapp01.newsmemory.com\/lamarseillaise\/news\/?p=36230"},"modified":"2026-07-20T07:27:36","modified_gmt":"2026-07-20T05:27:36","slug":"en-famille","status":"publish","type":"post","link":"https:\/\/euapp01.newsmemory.com\/lamarseillaise\/news\/2026\/07\/13\/en-famille\/","title":{"rendered":"[C\u2019est l\u2019\u00e9t\u00e9] En balade au jardin \u00e0 papillons de La Celle"},"content":{"rendered":"<div class=\"paragraph\">\n<p>Plus de 110 esp\u00e8ces diff\u00e9rentes de papillons peuplent le jardin qui leur est destin\u00e9 au sein du domaine viticole de l\u2019Escarelle et cr\u00e9\u00e9 en 2016 en collaboration avec la Ligue de Protection des Oiseaux (LPO). \u00ab<i>\u00a0<\/i><i>Le propri\u00e9taire souhaitait faire un inventaire de la biodiversit\u00e9 sur son domaine pour pouvoir la pr\u00e9server c\u2019est comme \u00e7a que le lieu a vu le jour<\/i>\u00a0\u00bb, explique Line Conforti, animatrice nature au sein de la LPO Paca. C\u2019est elle qui sera votre guide pour cette balade \u00e0 la d\u00e9couverte de ces insectes pr\u00e9sents sur plus de 2\u00a0500 m\u00b2. \u00ab\u00a0S<i>ur le jardin nous avons plant\u00e9 uniquement des esp\u00e8ces locales pour attirer des papillons locaux. Ici ils trouvent tout ce dont ils ont besoin selon les diff\u00e9rents cycles de leur vie<\/i><i>\u00a0<\/i>\u00bb, poursuit-elle. \u00ab<i>\u00a0<\/i><i>Pendant la visite on d\u00e9couvre les cycles de vie, on apprend \u00e0 faire la diff\u00e9rence entre les papillons de jour et de nuit mais aussi on rappelle l\u2019importance de leurs ailes qui sont tr\u00e8s fragiles.<\/i>\u00a0\u00bb<\/p>\n<\/p><\/div>\n","protected":false},"excerpt":{"rendered":"Plus de 110 esp&egrave;ces diff&eacute;rentes de papillons peuplent le jardin qui leur est destin&eacute; au sein du domaine viticole de l&rsquo;Escarelle et cr&eacute;&eacute; en 2016 en collaboration avec la Ligue de Protection des Oiseaux (LPO). &#8230;","protected":false},"author":1,"featured_media":36231,"comment_status":"open","ping_status":"open","sticky":false,"template":"","format":"standard","meta":{"footnotes":""},"categories":[3926,3925,333,20],"tags":[84,6085,5478,367,1652,31,61,167],"news-destination":[3944],"news-source":[475],"is_homepage":[],"ta_other":[],"class_list":["post-36230","post","type-post","status-publish","format-standard","has-post-thumbnail","hentry","category-accueil-merge","category-accueil-third","category-environnement","category-societe","tag-biodiversite","tag-cest-lete","tag-la-celle","tag-lpo","tag-papillons","tag-var","tag-visite","tag-visites","news-destination-homepage","news-source-website"],"_links":{"self":[{"href":"https:\/\/euapp01.newsmemory.com\/lamarseillaise\/news\/wp-json\/wp\/v2\/posts\/36230","targetHints":{"allow":["GET"]}}],"collection":[{"href":"https:\/\/euapp01.newsmemory.com\/lamarseillaise\/news\/wp-json\/wp\/v2\/posts"}],"about":[{"href":"https:\/\/euapp01.newsmemory.com\/lamarseillaise\/news\/wp-json\/wp\/v2\/types\/post"}],"author":[{"embeddable":true,"href":"https:\/\/euapp01.newsmemory.com\/lamarseillaise\/news\/wp-json\/wp\/v2\/users\/1"}],"replies":[{"embeddable":true,"href":"https:\/\/euapp01.newsmemory.com\/lamarseillaise\/news\/wp-json\/wp\/v2\/comments?post=36230"}],"version-history":[{"count":2,"href":"https:\/\/euapp01.newsmemory.com\/lamarseillaise\/news\/wp-json\/wp\/v2\/posts\/36230\/revisions"}],"predecessor-version":[{"id":36257,"href":"https:\/\/euapp01.newsmemory.com\/lamarseillaise\/news\/wp-json\/wp\/v2\/posts\/36230\/revisions\/36257"}],"wp:featuredmedia":[{"embeddable":true,"href":"https:\/\/euapp01.newsmemory.com\/lamarseillaise\/news\/wp-json\/wp\/v2\/media\/36231"}],"wp:attachment":[{"href":"https:\/\/euapp01.newsmemory.com\/lamarseillaise\/news\/wp-json\/wp\/v2\/media?parent=36230"}],"wp:term":[{"taxonomy":"category","embeddable":true,"href":"https:\/\/euapp01.newsmemory.com\/lamarseillaise\/news\/wp-json\/wp\/v2\/categories?post=36230"},{"taxonomy":"post_tag","embeddable":true,"href":"https:\/\/euapp01.newsmemory.com\/lamarseillaise\/news\/wp-json\/wp\/v2\/tags?post=36230"},{"taxonomy":"news-destination","embeddable":true,"href":"https:\/\/euapp01.newsmemory.com\/lamarseillaise\/news\/wp-json\/wp\/v2\/news-destination?post=36230"},{"taxonomy":"news-source","embeddable":true,"href":"https:\/\/euapp01.newsmemory.com\/lamarseillaise\/news\/wp-json\/wp\/v2\/news-source?post=36230"},{"taxonomy":"is_homepage","embeddable":true,"href":"https:\/\/euapp01.newsmemory.com\/lamarseillaise\/news\/wp-json\/wp\/v2\/is_homepage?post=36230"},{"taxonomy":"ta_other","embeddable":true,"href":"https:\/\/euapp01.newsmemory.com\/lamarseillaise\/news\/wp-json\/wp\/v2\/ta_other?post=36230"}],"curies":[{"name":"wp","href":"https:\/\/api.w.org\/{rel}","templated":true}]}}