{"id":36224,"date":"2026-07-13T08:14:00","date_gmt":"2026-07-13T06:14:00","guid":{"rendered":"https:\/\/euapp01.newsmemory.com\/lamarseillaise\/news\/?p=36224"},"modified":"2026-07-20T11:35:42","modified_gmt":"2026-07-20T09:35:42","slug":"les-acteurs-de-la-mer-unis-pour-de-nouveaux-projets-a-la-ciotat","status":"publish","type":"post","link":"https:\/\/euapp01.newsmemory.com\/lamarseillaise\/news\/2026\/07\/13\/les-acteurs-de-la-mer-unis-pour-de-nouveaux-projets-a-la-ciotat\/","title":{"rendered":"Les acteurs de la mer unis pour de nouveaux projets \u00e0 La Ciotat"},"content":{"rendered":"<div class=\"paragraph\">\n<p>\u00ab <i>A<\/i><i>vec la cr\u00e9ation de ce Comit\u00e9 citoyen de la mer, la Ville r\u00e9affirme sa volont\u00e9 de faire de son patrimoine maritime un bien commun vivant, partag\u00e9 et tourn\u00e9 vers l\u2019avenir.<\/i>\u00a0\u00bb C\u2019est en tout cas l\u2019ambition rapport\u00e9e par la Ville apr\u00e8s l\u2019officialisation jeudi 9\u00a0juillet de la cr\u00e9ation du comit\u00e9. Celui-ci est pr\u00e9sid\u00e9 par l\u2019adjoint (LR) Richard Molines, d\u00e9l\u00e9gu\u00e9 aux affaires maritimes et portuaires, assist\u00e9 notamment de Marc Mannoni, vice-pr\u00e9sident du comit\u00e9 et pr\u00e9sident du club de plong\u00e9e, ainsi que de Pierre Boissery, expert mer \u00e0 l\u2019Agence de l\u2019eau M\u00e9diterran\u00e9e.<\/p>\n<\/p><\/div>\n<div class=\"intext\"> Des projets \u00e0 d\u00e9couvrir<br \/>\n               <br \/>\u00e0 l\u2019automne\n              <\/div>\n<div class=\"paragraph\">\n<p>Ce comit\u00e9 citoyen m\u00e9lange associations et acteurs du territoire, pour \u00ab <i>favorisant l\u2019\u00e9mergence et le d\u00e9veloppement de projets li\u00e9s \u00e0 la mer<\/i>\u00a0\u00bb selon la Ville, parmi lesquels figurent la Prud\u2019homie de p\u00eache, les Calfats de l\u2019Escalet, le Neptune Club ou encore la Soci\u00e9t\u00e9 nautique. En premi\u00e8res pistes de r\u00e9flexions, la municipalit\u00e9 \u00e9voque la cr\u00e9ation d\u2019une \u00ab\u00a0<i>maison de la mer, de la p\u00eache et de la plong\u00e9e<\/i>\u00a0\u00bb, \u00ab\u00a0<i>un projet de mus\u00e9e sous-marin<\/i>\u00a0\u00bb ou encore \u00ab\u00a0<i>l\u2019organisation d\u2019une f\u00eate annuelle d\u00e9di\u00e9e \u00e0 la mer<\/i>\u00a0\u00bb. Des id\u00e9es appel\u00e9es \u00e0 muer en projets, qui seront pr\u00e9sent\u00e9s \u00e0 l\u2019automne, \u00ab\u00a0<i>\u00e0 l\u2019occasion d\u2019une Soir\u00e9e de la mer au cours de laquelle seront pr\u00e9sent\u00e9s les premiers projets appel\u00e9s \u00e0 \u00eatre d\u00e9velopp\u00e9s en 2027<\/i>\u00a0\u00bb d\u2019apr\u00e8s la Ville.<\/p>\n<p>La d\u00e9marche se veut participative. \u00ab\u00a0<i>L\u2019ensemble des associations nautiques est invit\u00e9 \u00e0 rejoindre la d\u00e9marche, aux c\u00f4t\u00e9s des acteurs \u00e9conomiques majeurs du territoire, tels que La<\/i><i>\u00a0<\/i><i>Ciotat Shipyards et La Ciotat Entreprendre<\/i><i>\u00a0<\/i>\u00bb toujours selon la Ville.<\/p>\n<\/p><\/div>\n","protected":false},"excerpt":{"rendered":"&laquo; Avec la cr&eacute;ation de ce Comit&eacute; citoyen de la mer, la Ville r&eacute;affirme sa volont&eacute; de faire de son patrimoine maritime un bien commun vivant, partag&eacute; et tourn&eacute; vers l&rsquo;avenir.&nbsp;&raquo; &#8230;","protected":false},"author":1,"featured_media":36225,"comment_status":"open","ping_status":"open","sticky":false,"template":"","format":"standard","meta":{"footnotes":""},"categories":[20],"tags":[138,10,512,743,128,135,483,51,137],"news-destination":[],"news-source":[475],"is_homepage":[],"ta_other":[],"class_list":["post-36224","post","type-post","status-publish","format-standard","has-post-thumbnail","hentry","category-societe","tag-associations","tag-bouches-du-rhone","tag-comite","tag-la-ciotat","tag-mediterranee","tag-patrimoine-maritime","tag-projets","tag-societe","tag-territoire","news-source-website"],"_links":{"self":[{"href":"https:\/\/euapp01.newsmemory.com\/lamarseillaise\/news\/wp-json\/wp\/v2\/posts\/36224","targetHints":{"allow":["GET"]}}],"collection":[{"href":"https:\/\/euapp01.newsmemory.com\/lamarseillaise\/news\/wp-json\/wp\/v2\/posts"}],"about":[{"href":"https:\/\/euapp01.newsmemory.com\/lamarseillaise\/news\/wp-json\/wp\/v2\/types\/post"}],"author":[{"embeddable":true,"href":"https:\/\/euapp01.newsmemory.com\/lamarseillaise\/news\/wp-json\/wp\/v2\/users\/1"}],"replies":[{"embeddable":true,"href":"https:\/\/euapp01.newsmemory.com\/lamarseillaise\/news\/wp-json\/wp\/v2\/comments?post=36224"}],"version-history":[{"count":1,"href":"https:\/\/euapp01.newsmemory.com\/lamarseillaise\/news\/wp-json\/wp\/v2\/posts\/36224\/revisions"}],"predecessor-version":[{"id":36226,"href":"https:\/\/euapp01.newsmemory.com\/lamarseillaise\/news\/wp-json\/wp\/v2\/posts\/36224\/revisions\/36226"}],"wp:featuredmedia":[{"embeddable":true,"href":"https:\/\/euapp01.newsmemory.com\/lamarseillaise\/news\/wp-json\/wp\/v2\/media\/36225"}],"wp:attachment":[{"href":"https:\/\/euapp01.newsmemory.com\/lamarseillaise\/news\/wp-json\/wp\/v2\/media?parent=36224"}],"wp:term":[{"taxonomy":"category","embeddable":true,"href":"https:\/\/euapp01.newsmemory.com\/lamarseillaise\/news\/wp-json\/wp\/v2\/categories?post=36224"},{"taxonomy":"post_tag","embeddable":true,"href":"https:\/\/euapp01.newsmemory.com\/lamarseillaise\/news\/wp-json\/wp\/v2\/tags?post=36224"},{"taxonomy":"news-destination","embeddable":true,"href":"https:\/\/euapp01.newsmemory.com\/lamarseillaise\/news\/wp-json\/wp\/v2\/news-destination?post=36224"},{"taxonomy":"news-source","embeddable":true,"href":"https:\/\/euapp01.newsmemory.com\/lamarseillaise\/news\/wp-json\/wp\/v2\/news-source?post=36224"},{"taxonomy":"is_homepage","embeddable":true,"href":"https:\/\/euapp01.newsmemory.com\/lamarseillaise\/news\/wp-json\/wp\/v2\/is_homepage?post=36224"},{"taxonomy":"ta_other","embeddable":true,"href":"https:\/\/euapp01.newsmemory.com\/lamarseillaise\/news\/wp-json\/wp\/v2\/ta_other?post=36224"}],"curies":[{"name":"wp","href":"https:\/\/api.w.org\/{rel}","templated":true}]}}