{"id":36218,"date":"2026-07-13T08:20:00","date_gmt":"2026-07-13T06:20:00","guid":{"rendered":"https:\/\/euapp01.newsmemory.com\/lamarseillaise\/news\/?p=36218"},"modified":"2026-07-13T10:11:40","modified_gmt":"2026-07-13T08:11:40","slug":"a-marseille-une-tournee-pour-celebrer-les-conges-payes","status":"publish","type":"post","link":"https:\/\/euapp01.newsmemory.com\/lamarseillaise\/news\/2026\/07\/13\/a-marseille-une-tournee-pour-celebrer-les-conges-payes\/","title":{"rendered":"\u00c0 Marseille, une tourn\u00e9e pour c\u00e9l\u00e9brer les cong\u00e9s pay\u00e9s"},"content":{"rendered":"<div class=\"paragraph\">\n<p>Depuis le 22\u00a0juin et jusqu\u2019en novembre, une camionnette festive sillonne la France pour aller \u00e0 la rencontre des territoires, des structures et des publics qui font vivre cet h\u00e9ritage au quotidien. Les Marseillais ont b\u00e9n\u00e9fici\u00e9 de deux dates au Panier(2<sup>e<\/sup>) et au centre social de Campagne l\u2019\u00c9v\u00eaque (15<sup>e<\/sup>). \u00c0 chaque \u00e9tape, l\u2019Eskale se d\u00e9plie comme une guinguette itin\u00e9rante : tables, guirlandes, exposition, t\u00e9moignages, \u00e9changes autour des acquis sociaux du Front Populaire, banquets citoyens, bals, &#8230;<\/p>\n<\/p><\/div>\n","protected":false},"excerpt":{"rendered":"Depuis le 22&nbsp;juin et jusqu&rsquo;en novembre, une camionnette festive sillonne la France pour aller &agrave; la rencontre des territoires, des structures et des publics qui font vivre cet h&eacute;ritage au quotidien. Les Marseillais ont &#8230;","protected":false},"author":1,"featured_media":36219,"comment_status":"open","ping_status":"open","sticky":false,"template":"","format":"standard","meta":{"footnotes":""},"categories":[20],"tags":[6081,6084,10,501,883,336,3111,16,1819,5977],"news-destination":[],"news-source":[475],"is_homepage":[],"ta_other":[],"class_list":["post-36218","post","type-post","status-publish","format-standard","has-post-thumbnail","hentry","category-societe","tag-bals-populaires","tag-banquet","tag-bouches-du-rhone","tag-centre-social","tag-education-populaire","tag-ete","tag-front-populaire","tag-marseille","tag-marseille-15e-arrondissement","tag-marseille-2e-arrondissement","news-source-website"],"_links":{"self":[{"href":"https:\/\/euapp01.newsmemory.com\/lamarseillaise\/news\/wp-json\/wp\/v2\/posts\/36218","targetHints":{"allow":["GET"]}}],"collection":[{"href":"https:\/\/euapp01.newsmemory.com\/lamarseillaise\/news\/wp-json\/wp\/v2\/posts"}],"about":[{"href":"https:\/\/euapp01.newsmemory.com\/lamarseillaise\/news\/wp-json\/wp\/v2\/types\/post"}],"author":[{"embeddable":true,"href":"https:\/\/euapp01.newsmemory.com\/lamarseillaise\/news\/wp-json\/wp\/v2\/users\/1"}],"replies":[{"embeddable":true,"href":"https:\/\/euapp01.newsmemory.com\/lamarseillaise\/news\/wp-json\/wp\/v2\/comments?post=36218"}],"version-history":[{"count":1,"href":"https:\/\/euapp01.newsmemory.com\/lamarseillaise\/news\/wp-json\/wp\/v2\/posts\/36218\/revisions"}],"predecessor-version":[{"id":36220,"href":"https:\/\/euapp01.newsmemory.com\/lamarseillaise\/news\/wp-json\/wp\/v2\/posts\/36218\/revisions\/36220"}],"wp:featuredmedia":[{"embeddable":true,"href":"https:\/\/euapp01.newsmemory.com\/lamarseillaise\/news\/wp-json\/wp\/v2\/media\/36219"}],"wp:attachment":[{"href":"https:\/\/euapp01.newsmemory.com\/lamarseillaise\/news\/wp-json\/wp\/v2\/media?parent=36218"}],"wp:term":[{"taxonomy":"category","embeddable":true,"href":"https:\/\/euapp01.newsmemory.com\/lamarseillaise\/news\/wp-json\/wp\/v2\/categories?post=36218"},{"taxonomy":"post_tag","embeddable":true,"href":"https:\/\/euapp01.newsmemory.com\/lamarseillaise\/news\/wp-json\/wp\/v2\/tags?post=36218"},{"taxonomy":"news-destination","embeddable":true,"href":"https:\/\/euapp01.newsmemory.com\/lamarseillaise\/news\/wp-json\/wp\/v2\/news-destination?post=36218"},{"taxonomy":"news-source","embeddable":true,"href":"https:\/\/euapp01.newsmemory.com\/lamarseillaise\/news\/wp-json\/wp\/v2\/news-source?post=36218"},{"taxonomy":"is_homepage","embeddable":true,"href":"https:\/\/euapp01.newsmemory.com\/lamarseillaise\/news\/wp-json\/wp\/v2\/is_homepage?post=36218"},{"taxonomy":"ta_other","embeddable":true,"href":"https:\/\/euapp01.newsmemory.com\/lamarseillaise\/news\/wp-json\/wp\/v2\/ta_other?post=36218"}],"curies":[{"name":"wp","href":"https:\/\/api.w.org\/{rel}","templated":true}]}}