{"id":36215,"date":"2026-07-13T08:22:00","date_gmt":"2026-07-13T06:22:00","guid":{"rendered":"https:\/\/euapp01.newsmemory.com\/lamarseillaise\/news\/?p=36215"},"modified":"2026-07-13T10:11:40","modified_gmt":"2026-07-13T08:11:40","slug":"mathys-zidee-du-ccas-de-pertuis-aux-champs-elysees","status":"publish","type":"post","link":"https:\/\/euapp01.newsmemory.com\/lamarseillaise\/news\/2026\/07\/13\/mathys-zidee-du-ccas-de-pertuis-aux-champs-elysees\/","title":{"rendered":"Mathys Zid\u00e9e, du CCAS de Pertuis aux Champs-\u00c9lys\u00e9es"},"content":{"rendered":"<div class=\"paragraph\">\n<p>Rendre sa grand-m\u00e8re fi\u00e8re. C\u2019est pour cette raison que Mathys Zid\u00e9e, 19\u00a0ans, d\u00e9filera sur les Champs-\u00c9lys\u00e9es le 14\u00a0juillet. \u00c0 l\u2019occasion de la F\u00eate nationale, il fera partie des dix volontaires en service civique qui marcheront avec les forces arm\u00e9es lors du tableau final.<\/p>\n<p>Avant de s\u2019engager, Mathys aspirait \u00e0 un tout autre avenir. Apr\u00e8s une enfance pass\u00e9e en r\u00e9gion parisienne, il est dipl\u00f4m\u00e9 d\u2019un bac professionnel en informatique. Il d\u00e9m\u00e9nage ensuite \u00e0 Pertuis, o\u00f9 il cr\u00e9e son agence de communication. \u00ab\u00a0<i>Mais celle-ci ne fonctionnait pas trop, et je voulais faire quelque chose qui avait du sens<\/i><i>\u00a0<\/i>\u00bb, se rem\u00e9more-t-il.<\/p>\n<\/p><\/div>\n<div class=\"intext\"> L\u2019exp\u00e9rience d\u2019une vie\n              <\/div>\n<div class=\"paragraph\">\n<p>Pour donner du sens \u00e0 sa vie, le jeune homme pense \u00e0 sa grand-m\u00e8re. \u00ab\u00a0<i>Elle habitait toujours en r\u00e9gion parisienne, j\u2019\u00e9tais loin d\u2019elle et je n\u2019avais plus trop de liens.<\/i><i>\u00a0<\/i>\u00bb Il d\u00e9cide alors de r\u00e9aliser un service civique de neuf mois dans le CCAS de Pertuis. \u00ab\u00a0<i>Je devais partager des moments de convivialit\u00e9 avec les seniors isol\u00e9s \u00e0 domicile.<\/i>\u00a0\u00bb Pour le volontaire, cette mission c\u2019\u00e9tait \u00ab\u00a0<i>la meilleure exp\u00e9rience de ma vie<\/i><i>\u00a0<\/i>\u00bb. Maturit\u00e9, autonomie ou encore patience, sont des qualit\u00e9s qu\u2019il a acquises lors de ces neuf mois.<\/p>\n<p>Mathys a pu recr\u00e9er le lien interg\u00e9n\u00e9rationnel qu\u2019il avait avec sa grand-m\u00e8re. Notamment avec Monsieur Ber\u00e7on, un senior qui vivait dans son garage. \u00ab\u00a0<i>Il \u00e9tait passionn\u00e9 de dessins. Alors j\u2019ai organis\u00e9 l\u2019exposition de ses tableaux dans les jardins du CCAS. Depuis, on s\u2019appelle tous les dimanches matin.<\/i>\u00a0\u00bb<\/p>\n<p>Apr\u00e8s la fin de son service civique, Mathys est devenu volontaire ambassadeur, pour poursuivre son engagement. Et quand la directrice g\u00e9n\u00e9rale lui a propos\u00e9 de faire le d\u00e9fil\u00e9, il a accept\u00e9 \u00ab\u00a0<i>\u00e0 la minute<\/i>\u00a0\u00bb. Le jeune homme se dit impatient de cette f\u00eate nationale. \u00ab\u00a0<i>Je penserai \u00e0 ma grand-m\u00e8re, je sais qu\u2019elle sera fi\u00e8re de moi.<\/i>\u00a0\u00bb<\/p>\n<p>En attendant, Mathys retourne r\u00e9p\u00e9ter sa marche au pas, place de la Concorde.<\/p>\n<\/p><\/div>\n","protected":false},"excerpt":{"rendered":"Rendre sa grand-m&egrave;re fi&egrave;re. C&rsquo;est pour cette raison que Mathys Zid&eacute;e, 19&nbsp;ans, d&eacute;filera sur les Champs-&Eacute;lys&eacute;es le 14&nbsp;juillet. &Agrave; l&rsquo;occasion de la F&ecirc;te nationale, il fera &#8230;","protected":false},"author":1,"featured_media":36216,"comment_status":"open","ping_status":"open","sticky":false,"template":"","format":"standard","meta":{"footnotes":""},"categories":[20],"tags":[4275,688,3302,3398,171],"news-destination":[],"news-source":[475],"is_homepage":[],"ta_other":[],"class_list":["post-36215","post","type-post","status-publish","format-standard","has-post-thumbnail","hentry","category-societe","tag-14-juillet","tag-defile","tag-pertuis","tag-service-civique","tag-vaucluse","news-source-website"],"_links":{"self":[{"href":"https:\/\/euapp01.newsmemory.com\/lamarseillaise\/news\/wp-json\/wp\/v2\/posts\/36215","targetHints":{"allow":["GET"]}}],"collection":[{"href":"https:\/\/euapp01.newsmemory.com\/lamarseillaise\/news\/wp-json\/wp\/v2\/posts"}],"about":[{"href":"https:\/\/euapp01.newsmemory.com\/lamarseillaise\/news\/wp-json\/wp\/v2\/types\/post"}],"author":[{"embeddable":true,"href":"https:\/\/euapp01.newsmemory.com\/lamarseillaise\/news\/wp-json\/wp\/v2\/users\/1"}],"replies":[{"embeddable":true,"href":"https:\/\/euapp01.newsmemory.com\/lamarseillaise\/news\/wp-json\/wp\/v2\/comments?post=36215"}],"version-history":[{"count":1,"href":"https:\/\/euapp01.newsmemory.com\/lamarseillaise\/news\/wp-json\/wp\/v2\/posts\/36215\/revisions"}],"predecessor-version":[{"id":36217,"href":"https:\/\/euapp01.newsmemory.com\/lamarseillaise\/news\/wp-json\/wp\/v2\/posts\/36215\/revisions\/36217"}],"wp:featuredmedia":[{"embeddable":true,"href":"https:\/\/euapp01.newsmemory.com\/lamarseillaise\/news\/wp-json\/wp\/v2\/media\/36216"}],"wp:attachment":[{"href":"https:\/\/euapp01.newsmemory.com\/lamarseillaise\/news\/wp-json\/wp\/v2\/media?parent=36215"}],"wp:term":[{"taxonomy":"category","embeddable":true,"href":"https:\/\/euapp01.newsmemory.com\/lamarseillaise\/news\/wp-json\/wp\/v2\/categories?post=36215"},{"taxonomy":"post_tag","embeddable":true,"href":"https:\/\/euapp01.newsmemory.com\/lamarseillaise\/news\/wp-json\/wp\/v2\/tags?post=36215"},{"taxonomy":"news-destination","embeddable":true,"href":"https:\/\/euapp01.newsmemory.com\/lamarseillaise\/news\/wp-json\/wp\/v2\/news-destination?post=36215"},{"taxonomy":"news-source","embeddable":true,"href":"https:\/\/euapp01.newsmemory.com\/lamarseillaise\/news\/wp-json\/wp\/v2\/news-source?post=36215"},{"taxonomy":"is_homepage","embeddable":true,"href":"https:\/\/euapp01.newsmemory.com\/lamarseillaise\/news\/wp-json\/wp\/v2\/is_homepage?post=36215"},{"taxonomy":"ta_other","embeddable":true,"href":"https:\/\/euapp01.newsmemory.com\/lamarseillaise\/news\/wp-json\/wp\/v2\/ta_other?post=36215"}],"curies":[{"name":"wp","href":"https:\/\/api.w.org\/{rel}","templated":true}]}}