{"id":36209,"date":"2026-07-14T11:29:00","date_gmt":"2026-07-14T09:29:00","guid":{"rendered":"https:\/\/euapp01.newsmemory.com\/lamarseillaise\/news\/?p=36209"},"modified":"2026-07-20T07:27:35","modified_gmt":"2026-07-20T05:27:35","slug":"les-rendez-vous-du-14-juillet-dans-le-sud","status":"publish","type":"post","link":"https:\/\/euapp01.newsmemory.com\/lamarseillaise\/news\/2026\/07\/14\/les-rendez-vous-du-14-juillet-dans-le-sud\/","title":{"rendered":"[14-juillet] Les rendez-vous dans le Sud"},"content":{"rendered":"<div class=\"paragraph\">\n<p><b><span class=\"mln_uppercase_mln\">Bouches-<br \/>du-Rh\u00f4ne<\/span><\/b><\/p>\n<\/p><\/div>\n<div class=\"intext\"> Marseille\n              <\/div>\n<div class=\"paragraph\">\n<p>Le feu d\u2019artifice a eu lieu exceptionnellement le lundi 13\u00a0juillet \u00e0 22h30. Le d\u00e9fil\u00e9 militaire du 14-Juillet d\u00e9butera \u00e0 17h sur le Vieux-Port. Il rejoindra l\u2019esplanade du J4 apr\u00e8s revue des troupes, remise de d\u00e9corations, spectacle a\u00e9rien et d\u00e9monstration de parachutistes.<\/p>\n<\/p><\/div>\n<div class=\"intext\"> Martigues\n              <\/div>\n<div class=\"paragraph\">\n<p>Le traditionnel d\u00e9fil\u00e9 militaire se fera le 14\u00a0juillet \u00e0 18h30 depuis la place des Martyrs. Suivra un ap\u00e9ritif offert \u00e0 la population et anim\u00e9 par la Fanfare de Martigues. Trois quartiers du centre-ville accueilleront des concerts de 21h \u00e0 minuit seront organis\u00e9s place Jean-Jaur\u00e8s, cours du 4-Septembre et place de la Lib\u00e9ration.<\/p>\n<\/p><\/div>\n<div class=\"intext\"> Port-de-Bouc\n              <\/div>\n<div class=\"paragraph\">\n<p>Si le d\u00e9fil\u00e9 avec fanfare et majorettes a \u00e9t\u00e9 annul\u00e9 pour cause de canicule, le d\u00e9p\u00f4t de gerbe au Monument aux morts de la L\u00e8que pr\u00e9vu le 14\u00a0juillet \u00e0 18h30 avec allocution du maire est maintenu. Un spectacle pyrotechnique offert par la ville est pr\u00e9vu \u00e0 22h30 mais pourrait \u00eatre report\u00e9.<\/p>\n<\/p><\/div>\n<div class=\"intext\"> Vitrolles\n              <\/div>\n<div class=\"paragraph\">\n<p>La journ\u00e9e du 14-Juillet s\u2019ouvrira \u00e0 18h sur le parvis de l\u2019h\u00f4tel de Ville pour la c\u00e9r\u00e9monie officielle. D\u00e8s 19h, la place de la Libert\u00e9 vibrera au rythme d\u2019un concert. Nouveaut\u00e9 de cette ann\u00e9e, une projection anim\u00e9e sur la fa\u00e7ade de la m\u00e9diath\u00e8que la Passerelle \u00e0 22h.<\/p>\n<\/p><\/div>\n<div class=\"intext\"> Istres\n              <\/div>\n<div class=\"paragraph\">\n<p>Comme chaque ann\u00e9e, la ville c\u00e9l\u00e8bre la f\u00eate nationale le 13\u00a0juillet. Rendez-vous sur l\u2019esplanade Charles-de-Gaulle \u00e0 19h30 pour une prise d\u2019armes, suivie d\u2019un d\u00e9fil\u00e9 militaire \u00e0 20h depuis le coll\u00e8ge Pasteur. Un bal populaire est pr\u00e9vu \u00e0 partir de 21h30 sur l\u2019esplanade Bernardin-Laugier.<\/p>\n<\/p><\/div>\n<div class=\"intext\"> Aix-en-Provence\n              <\/div>\n<div class=\"paragraph\">\n<p>Le bal se d\u00e9roulera sur le haut du cours Mirabeau le lundi 13\u00a0juillet de 18h \u00e0 1h, avec des concerts toute la nuit.<\/p>\n<\/p><\/div>\n<div class=\"intext\"> Gardanne\n              <\/div>\n<div class=\"paragraph\">\n<p>Le 14-Juillet s\u2019ouvrira \u00e0 17h30 par le d\u00e9fil\u00e9 des forces de s\u00e9curit\u00e9 civile, municipale et militaire depuis le boulevard Bon temps. La c\u00e9r\u00e9monie officielle se fera devant le monument aux morts, face \u00e0 l\u2019h\u00f4tel de Ville. C\u00f4t\u00e9 festivit\u00e9s, rendez-vous \u00e0 20h pour un spectacle assur\u00e9 par le groupe de vari\u00e9t\u00e9s Haute Tension Nouvelle G\u00e9n\u00e9ration.<\/p>\n<\/p><\/div>\n<div class=\"intext\"> Aubagne\n              <\/div>\n<div class=\"paragraph\">\n<p>Le bal aura lieu le mardi 14\u00a0juillet sur le cours Foch \u00e0 partir de 21h30 avec l\u2019orchestre Solaris.<\/p>\n<\/p><\/div>\n<div class=\"intext\"> La Ciotat\n              <\/div>\n<div class=\"paragraph\">\n<p>Le bal s\u2019est d\u00e9roul\u00e9 le lundi 13\u00a0juillet d\u00e8s 21h sur la place de l\u2019Escalet. Dans la soir\u00e9e, un feu d\u2019artifice tir\u00e9 \u00e0 22h30 depuis la mer, face au port de plaisance. Le mardi 14\u00a0juillet sera consacr\u00e9 au d\u00e9fil\u00e9 des sapeurs-pompiers d\u00e8s 9h30 sur le Port Vieux. Une remise de dipl\u00f4mes et d\u00e9corations est pr\u00e9vue \u00e0 10h30, avant le vin d\u2019honneur \u00e0 11h45, place \u00c9mile-Zola.<\/p>\n<p><b><span class=\"mln_uppercase_mln\">var<\/span><\/b><\/p>\n<\/p><\/div>\n<div class=\"intext\"> Toulon\n              <\/div>\n<div class=\"paragraph\">\n<p>Pour la deuxi\u00e8me ann\u00e9e cons\u00e9cutive, le d\u00e9fil\u00e9 militaire se d\u00e9roulera sur le boulevard de Strasbourg, au niveau du Mus\u00e9e d\u2019Art \u00e0 18h le 14\u00a0juillet. En soir\u00e9e, rendez-vous \u00e0 22h sur le Carr\u00e9 du port pour un spectacle de 1\u00a0000\u00a0drones et le traditionnel feu d\u2019artifice, avant de conclure sur avec le bal populaire, cours Louis Blanc.<\/p>\n<\/p><\/div>\n<div class=\"intext\"> Draguignan\n              <\/div>\n<div class=\"paragraph\">\n<p>Le d\u00e9fil\u00e9 est pr\u00e9vu lundi 13\u00a0juillet \u00e0 19h sur le boulevard Clemenceau. La soir\u00e9e du 14\u00a0juillet d\u00e9butera par un concert \u00e0 partir de 21h30 place Cassin.<\/p>\n<\/p><\/div>\n<div class=\"intext\"> Hy\u00e8res\n              <\/div>\n<div class=\"paragraph\">\n<p>La c\u00e9r\u00e9monie du 14-Juillet se tiendra place de la R\u00e9publique d\u00e8s 9h30 avec prises d\u2019armes, revue des troupes, d\u00e9corations et hymne national. La journ\u00e9e s\u2019ach\u00e8vera \u00e0 21h30, place Clemenceau, sur un concert en plein air gratuit du New Jazz Big. Le feu d\u2019artifice sera tir\u00e9 en mer \u00e0 22h30.<\/p>\n<\/p><\/div>\n<div class=\"intext\"> Brignoles\n              <\/div>\n<div class=\"paragraph\">\n<p>Le mardi 14\u00a0juillet, un d\u00e9fil\u00e9 motoris\u00e9 et le d\u00e9p\u00f4t de gerbes auront lieu d\u00e8s 10h sur la place Carami, avant une soir\u00e9e cabaret suivie d\u2019un DJ live.<\/p>\n<p><b><span class=\"mln_uppercase_mln\">vaucluse<\/span><\/b><\/p>\n<\/p><\/div>\n<div class=\"intext\"> Avignon\n              <\/div>\n<div class=\"paragraph\">\n<p>La c\u00e9r\u00e9monie de c\u00e9l\u00e9bration de la F\u00eate nationale se d\u00e9roulera le mardi 14\u00a0juillet \u00e0 10h30 devant l\u2019h\u00f4tel de Ville. \u00c0 11h, des Avignonnais seront mis \u00e0 l\u2019honneur dans la salle des f\u00eates de l\u2019h\u00f4tel de Ville, avant de partager un vin d\u2019honneur \u00e0 12h. Le bal se tiendra place de l\u2019Horloge de 21h \u00e0 1h du matin, anim\u00e9 par l\u2019orchestre MusicLive.<\/p>\n<\/p><\/div>\n<div class=\"intext\"> Apt\n              <\/div>\n<div class=\"paragraph\">\n<p>La soir\u00e9e du mardi 14\u00a0juillet d\u00e9butera d\u00e8s 19h sur le cours Lauze de Perret avec un spectacle musical et familial. Le feu d\u2019artifice sera tir\u00e9 \u00e0 23h.<\/p>\n<\/p><\/div>\n<div class=\"intext\"> Carpentras\n              <\/div>\n<div class=\"paragraph\">\n<p>Une soir\u00e9e musicale aura lieu le 14\u00a0juillet de 19h \u00e0 20h45 au square Champeville. Elle sera assur\u00e9e par le groupe de reprises The Pickles.<\/p>\n<p><b><span class=\"mln_uppercase_mln\">Alpes-de-Haute-Provence<\/span><\/b><\/p>\n<\/p><\/div>\n<div class=\"intext\"> Digne-les-Bains\n              <\/div>\n<div class=\"paragraph\">\n<p>Mardi 14\u00a0juillet, la c\u00e9r\u00e9monie officielle \u00e0 19h sera suivie d\u2019un d\u00e9fil\u00e9 de la place G\u00e9n\u00e9ral-de-Gaulle au boulevard Gassendi. La soir\u00e9e d\u00e9butera \u00e0 22h30 par un feu d\u2019artifice au Grand Pont et au boulodrome Claude-Ginier et se poursuivra par un bal place G\u00e9n\u00e9ral-de-Gaulle.<\/p>\n<\/p><\/div>\n<div class=\"intext\"> Sisteron\n              <\/div>\n<div class=\"paragraph\">\n<p>Le d\u00e9fil\u00e9 militaire est annul\u00e9 pour cause de canicule, mais le reste des festivit\u00e9s est maintenu. \u00c0 16h, des chars s\u2019\u00e9lanceront depuis l\u2019avenue Alsace Lorraine, avec Le Quadrille Sisteronais et La Fanfare du Boumas. La place de la Mairie accueillera \u00e0 17h la c\u00e9r\u00e9monie des honneurs rendue aux pompiers et \u00e0 21h le d\u00e9fil\u00e9 des chars allum\u00e9s. Le feu d\u2019artifice sera tir\u00e9 depuis la Citadelle, \u00e0 22h30.<\/p>\n<\/p><\/div>\n<div class=\"intext\"> Manosque\n              <\/div>\n<div class=\"paragraph\">\n<p>Les c\u00e9l\u00e9brations auront lieu le lundi 13\u00a0juillet. La soir\u00e9e d\u00e9butera \u00e0 19h par un ap\u00e9ro-concert rock au Parc de Drouille. Le feu d\u2019artifice sera tir\u00e9 \u00e0 22h, suivi du bal des pompiers.<\/p>\n<p><b><span class=\"mln_uppercase_mln\">Hautes-Alpes<\/span><\/b><\/p>\n<\/p><\/div>\n<div class=\"intext\"> Gap\n              <\/div>\n<div class=\"paragraph\">\n<p>Le bal et le feu d\u2019artifice sont report\u00e9s au mercredi 15\u00a0juillet. Le feu d\u2019artifice aura lieu au parc Bernard-Givaudan et sera suivi du bal anim\u00e9 par l\u2019orchestre G\u00e9rard Sinclair.<\/p>\n<\/p><\/div>\n","protected":false},"excerpt":{"rendered":"Bouches-du-Rh&ocirc;neLe feu d&rsquo;artifice a eu lieu exceptionnellement le lundi 13&nbsp;juillet &agrave; 22h30. Le d&eacute;fil&eacute; militaire du 14-Juillet d&eacute;butera &agrave; 17h sur le Vieux-Port. Il rejoindra l&rsquo;esplanade du J4 &#8230;","protected":false},"author":1,"featured_media":36283,"comment_status":"open","ping_status":"open","sticky":false,"template":"","format":"standard","meta":{"footnotes":""},"categories":[3926,3925,20],"tags":[4275,6081,2346,3613,688,1138,6080,38,222],"news-destination":[3944],"news-source":[475],"is_homepage":[],"ta_other":[],"class_list":["post-36209","post","type-post","status-publish","format-standard","has-post-thumbnail","hentry","category-accueil-merge","category-accueil-third","category-societe","tag-14-juillet","tag-bals-populaires","tag-ceremonie","tag-commemorations","tag-defile","tag-festivites","tag-feux-dartifice","tag-programme","tag-region-sud-paca","news-destination-homepage","news-source-website"],"_links":{"self":[{"href":"https:\/\/euapp01.newsmemory.com\/lamarseillaise\/news\/wp-json\/wp\/v2\/posts\/36209","targetHints":{"allow":["GET"]}}],"collection":[{"href":"https:\/\/euapp01.newsmemory.com\/lamarseillaise\/news\/wp-json\/wp\/v2\/posts"}],"about":[{"href":"https:\/\/euapp01.newsmemory.com\/lamarseillaise\/news\/wp-json\/wp\/v2\/types\/post"}],"author":[{"embeddable":true,"href":"https:\/\/euapp01.newsmemory.com\/lamarseillaise\/news\/wp-json\/wp\/v2\/users\/1"}],"replies":[{"embeddable":true,"href":"https:\/\/euapp01.newsmemory.com\/lamarseillaise\/news\/wp-json\/wp\/v2\/comments?post=36209"}],"version-history":[{"count":5,"href":"https:\/\/euapp01.newsmemory.com\/lamarseillaise\/news\/wp-json\/wp\/v2\/posts\/36209\/revisions"}],"predecessor-version":[{"id":36293,"href":"https:\/\/euapp01.newsmemory.com\/lamarseillaise\/news\/wp-json\/wp\/v2\/posts\/36209\/revisions\/36293"}],"wp:featuredmedia":[{"embeddable":true,"href":"https:\/\/euapp01.newsmemory.com\/lamarseillaise\/news\/wp-json\/wp\/v2\/media\/36283"}],"wp:attachment":[{"href":"https:\/\/euapp01.newsmemory.com\/lamarseillaise\/news\/wp-json\/wp\/v2\/media?parent=36209"}],"wp:term":[{"taxonomy":"category","embeddable":true,"href":"https:\/\/euapp01.newsmemory.com\/lamarseillaise\/news\/wp-json\/wp\/v2\/categories?post=36209"},{"taxonomy":"post_tag","embeddable":true,"href":"https:\/\/euapp01.newsmemory.com\/lamarseillaise\/news\/wp-json\/wp\/v2\/tags?post=36209"},{"taxonomy":"news-destination","embeddable":true,"href":"https:\/\/euapp01.newsmemory.com\/lamarseillaise\/news\/wp-json\/wp\/v2\/news-destination?post=36209"},{"taxonomy":"news-source","embeddable":true,"href":"https:\/\/euapp01.newsmemory.com\/lamarseillaise\/news\/wp-json\/wp\/v2\/news-source?post=36209"},{"taxonomy":"is_homepage","embeddable":true,"href":"https:\/\/euapp01.newsmemory.com\/lamarseillaise\/news\/wp-json\/wp\/v2\/is_homepage?post=36209"},{"taxonomy":"ta_other","embeddable":true,"href":"https:\/\/euapp01.newsmemory.com\/lamarseillaise\/news\/wp-json\/wp\/v2\/ta_other?post=36209"}],"curies":[{"name":"wp","href":"https:\/\/api.w.org\/{rel}","templated":true}]}}