{"id":36206,"date":"2026-07-14T08:41:00","date_gmt":"2026-07-14T06:41:00","guid":{"rendered":"https:\/\/euapp01.newsmemory.com\/lamarseillaise\/news\/?p=36206"},"modified":"2026-07-20T07:27:35","modified_gmt":"2026-07-20T05:27:35","slug":"plusieurs-feux-dartifice-annules-ou-repousses-par-securite","status":"publish","type":"post","link":"https:\/\/euapp01.newsmemory.com\/lamarseillaise\/news\/2026\/07\/14\/plusieurs-feux-dartifice-annules-ou-repousses-par-securite\/","title":{"rendered":"Plusieurs feux d\u2019artifice annul\u00e9s ou repouss\u00e9s par s\u00e9curit\u00e9"},"content":{"rendered":"<div class=\"paragraph\">\n<p>D\u00e9conseiller : le verbe utilis\u00e9 par le pr\u00e9fet des Bouches-du-Rh\u00f4ne, Jacques Witkowski pour s\u2019adresser aux maires du d\u00e9partement vendredi dernier concernant l\u2019organisation de feux d\u2019artifice le 14\u00a0juillet d\u00e9note un haussement de ton par rapport au premier courrier envoy\u00e9 le 3\u00a0juillet sur ce m\u00eame sujet. La troisi\u00e8me vague de canicule en moins de deux mois qui doit persister jusqu\u2019en milieu de semaine, fait craindre la propagation des incendies et a pouss\u00e9 l\u2019\u00c9tat et ses repr\u00e9sentants en r\u00e9gion \u00e0 intervenir pour limiter le nombre de feux d\u2019artifice. Dans le Vaucluse, le pr\u00e9fet Thierry Suquet a pris un arr\u00eat\u00e9 d\u00e8s le 10\u00a0juillet pour interdire les feux d\u2019artifice jusqu\u2019au 15\u00a0juillet. Dans le Var, l\u2019interdiction vise la seule utilisation \u00ab\u00a0des articles pyrotechniques pour les particuliers\u00a0\u00bb jusqu\u2019au 15\u00a0juillet inclus, comme dans les Bouches-du-Rh\u00f4ne d\u2019ailleurs, mais des villes ont d\u00e9j\u00e0 annonc\u00e9 l\u2019annulation comme Pignans et Vidauban.<\/p>\n<p>Dans les Bouches-du-Rh\u00f4ne, plusieurs villes ont d\u00e9j\u00e0 communiqu\u00e9 sur l\u2019annulation ou le report du feu d\u2019artifice : Martigues, Carry-le-Rouet, Saint-Victoret, Ch\u00e2teauneuf-les-Martigues, Fos-sur-Mer ou Salon-de-Provence \u00e0 l\u2019ouest du d\u00e9partement, Ceyreste, Cuges-les-Pins, La Penne-sur-Huveaune \u00e0 l\u2019est ou encore \u00c9guilles, Meyreuil, Aix-en-Provence&#8230; La liste ne cessait de s\u2019allonger dimanche. Gardanne doit communiquer ce lundi, le cabinet indiquant que la ville allait \u00ab\u00a0s<i>uivre les pr\u00e9conisations du pr\u00e9fet qui sont sages et bas\u00e9es sur du bon sens, les risques sont trop importants<\/i>\u00a0\u00bb. La Ciotat en revanche, o\u00f9 le feu doit \u00eatre tir\u00e9 depuis la mer, disait dimanche vouloir le maintenir. \u00c0 Marseille, la mairie a d\u00e9cid\u00e9 de le maintenir, affirmant que celui-ci est pr\u00e9vu sur le Vieux-Port et donc loin de toute zone bois\u00e9e et que \u00ab<i>\u00a0<\/i><i>le dispositif avait \u00e9t\u00e9 mis en place en concertation avec les marins-pompiers<\/i><i>\u00a0<\/i>\u00bb.<\/p>\n<p>Le pr\u00e9fet a demand\u00e9 aux mairies d\u00e9cidant de le maintenir de lui signifier officiellement et se r\u00e9serve le droit d\u2019interdire des festivit\u00e9s maintenues en fonction de l\u2019\u00e9volution de la m\u00e9t\u00e9o, des risques incendies et de l\u2019analyse des soldats du feu.<\/p>\n<\/p><\/div>\n","protected":false},"excerpt":{"rendered":"D&eacute;conseiller : le verbe utilis&eacute; par le pr&eacute;fet des Bouches-du-Rh&ocirc;ne, Jacques Witkowski pour s&rsquo;adresser aux maires du d&eacute;partement vendredi dernier concernant l&rsquo;organisation de feux d&rsquo;artifice le &#8230;","protected":false},"author":1,"featured_media":36207,"comment_status":"open","ping_status":"open","sticky":false,"template":"","format":"standard","meta":{"footnotes":""},"categories":[3926,3925,20],"tags":[4275,2086,10,372,3613,6080,1803,1567,111],"news-destination":[3944],"news-source":[475],"is_homepage":[],"ta_other":[],"class_list":["post-36206","post","type-post","status-publish","format-standard","has-post-thumbnail","hentry","category-accueil-merge","category-accueil-third","category-societe","tag-14-juillet","tag-annulation","tag-bouches-du-rhone","tag-canicule","tag-commemorations","tag-feux-dartifice","tag-interdiction","tag-prefet","tag-securite","news-destination-homepage","news-source-website"],"_links":{"self":[{"href":"https:\/\/euapp01.newsmemory.com\/lamarseillaise\/news\/wp-json\/wp\/v2\/posts\/36206","targetHints":{"allow":["GET"]}}],"collection":[{"href":"https:\/\/euapp01.newsmemory.com\/lamarseillaise\/news\/wp-json\/wp\/v2\/posts"}],"about":[{"href":"https:\/\/euapp01.newsmemory.com\/lamarseillaise\/news\/wp-json\/wp\/v2\/types\/post"}],"author":[{"embeddable":true,"href":"https:\/\/euapp01.newsmemory.com\/lamarseillaise\/news\/wp-json\/wp\/v2\/users\/1"}],"replies":[{"embeddable":true,"href":"https:\/\/euapp01.newsmemory.com\/lamarseillaise\/news\/wp-json\/wp\/v2\/comments?post=36206"}],"version-history":[{"count":1,"href":"https:\/\/euapp01.newsmemory.com\/lamarseillaise\/news\/wp-json\/wp\/v2\/posts\/36206\/revisions"}],"predecessor-version":[{"id":36208,"href":"https:\/\/euapp01.newsmemory.com\/lamarseillaise\/news\/wp-json\/wp\/v2\/posts\/36206\/revisions\/36208"}],"wp:featuredmedia":[{"embeddable":true,"href":"https:\/\/euapp01.newsmemory.com\/lamarseillaise\/news\/wp-json\/wp\/v2\/media\/36207"}],"wp:attachment":[{"href":"https:\/\/euapp01.newsmemory.com\/lamarseillaise\/news\/wp-json\/wp\/v2\/media?parent=36206"}],"wp:term":[{"taxonomy":"category","embeddable":true,"href":"https:\/\/euapp01.newsmemory.com\/lamarseillaise\/news\/wp-json\/wp\/v2\/categories?post=36206"},{"taxonomy":"post_tag","embeddable":true,"href":"https:\/\/euapp01.newsmemory.com\/lamarseillaise\/news\/wp-json\/wp\/v2\/tags?post=36206"},{"taxonomy":"news-destination","embeddable":true,"href":"https:\/\/euapp01.newsmemory.com\/lamarseillaise\/news\/wp-json\/wp\/v2\/news-destination?post=36206"},{"taxonomy":"news-source","embeddable":true,"href":"https:\/\/euapp01.newsmemory.com\/lamarseillaise\/news\/wp-json\/wp\/v2\/news-source?post=36206"},{"taxonomy":"is_homepage","embeddable":true,"href":"https:\/\/euapp01.newsmemory.com\/lamarseillaise\/news\/wp-json\/wp\/v2\/is_homepage?post=36206"},{"taxonomy":"ta_other","embeddable":true,"href":"https:\/\/euapp01.newsmemory.com\/lamarseillaise\/news\/wp-json\/wp\/v2\/ta_other?post=36206"}],"curies":[{"name":"wp","href":"https:\/\/api.w.org\/{rel}","templated":true}]}}