{"id":36203,"date":"2026-07-13T08:21:01","date_gmt":"2026-07-13T06:21:01","guid":{"rendered":"https:\/\/euapp01.newsmemory.com\/lamarseillaise\/news\/?p=36203"},"modified":"2026-07-20T06:59:43","modified_gmt":"2026-07-20T04:59:43","slug":"les-reservistes-dairbus-defilent-a-paris-ce-mardi","status":"publish","type":"post","link":"https:\/\/euapp01.newsmemory.com\/lamarseillaise\/news\/2026\/07\/13\/les-reservistes-dairbus-defilent-a-paris-ce-mardi\/","title":{"rendered":"Les r\u00e9servistes d\u2019Airbus d\u00e9filent \u00e0 Paris ce mardi"},"content":{"rendered":"<div class=\"paragraph\">\n<p>Le poing lev\u00e9, le chef Herv\u00e9 ordonne : \u00ab\u00a0<i>Rassemblement en colonnes par trois<\/i>\u00a0\u00bb. Aussit\u00f4t, les onze femmes et hommes en uniformes de la gendarmerie, de l\u2019arm\u00e9e de Terre, de l\u2019Air et de l\u2019Espace ou de la Marine se placent en formation, espac\u00e9s d\u2019un bras de long et de large chacun. Malgr\u00e9 la chaleur du lundi 29\u00a0juin, le circuit ombrag\u00e9 d\u2019une centaine de m\u00e8tres trouv\u00e9 au sein du site Airbus Helicopters de Marignane permet aux r\u00e9servistes de l\u2019entreprise de r\u00e9p\u00e9ter. Au pas cadenc\u00e9, ils avancent, au son du clairon d\u2019une petite enceinte de poche, les bras remontant jusqu\u2019aux \u00e9paules pour l\u2019occasion.<\/p>\n<p>La mise en situation n\u2019est pas anodine. Ce mardi 14\u00a0juillet, les 107 r\u00e9servistes d\u2019Airbus venus de toute la France d\u00e9fileront pour la premi\u00e8re fois \u00e0 Paris aux c\u00f4t\u00e9s de ceux de la SNCF. \u00ab\u00a0<i>Un peu plus d\u2019uniformit\u00e9 sur les doigts et les bras<\/i>\u00a0\u00bb demande le chef Herv\u00e9, officier de r\u00e9serve de l\u2019Arm\u00e9e de l\u2019Air et de l\u2019Espace depuis 19\u00a0ans et ing\u00e9nieur chez Airbus, \u00e0 la fin d\u2019une marche.<\/p>\n<\/p><\/div>\n<div class=\"intext\"> \u00ab\u00a0Un groupe de potes\u00a0\u00bb\n              <\/div>\n<div class=\"paragraph\">\n<p>Pour le chef, \u00ab\u00a0<i>pas de pression, l\u2019ensemble est au niveau, c\u2019est un peu laborieux au d\u00e9but mais maintenant \u00e7a va<\/i>\u00a0\u00bb \u00e0 force de r\u00e9p\u00e9tition chaque semaine\u00a0: \u00ab\u00a0<i>la convivialit\u00e9 entre coll\u00e8gues rend l\u2019exercice sympathique<\/i>\u00a0\u00bb. \u00ab\u00a0<i>On ne se connaissait pas et maintenant on est un groupe de potes<\/i>\u00a0\u00bb confirme Pierre, r\u00e9serviste depuis un an et demi dans la Marine.<\/p>\n<p>Sa coll\u00e8gue Audrey, ing\u00e9nieure et dans l\u2019arm\u00e9e de Terre, s\u2019est fait reprendre quelques fois mais reste dans la m\u00eame id\u00e9e. \u00ab\u00a0<i>\u00c7a se passe tr\u00e8s bien. Je me suis plus interrog\u00e9e sur le transport et le logement \u00e0 Paris que sur la marche<\/i>\u00a0\u00bb, admet-elle. \u00ab\u00a0<i>Depuis toute petite je me suis imagin\u00e9 d\u00e9filer. Je suis tr\u00e8s patriote, le d\u00e9fil\u00e9 fait la d\u00e9monstration de la puissance de la France<\/i>\u00a0\u00bb, \u00e9labore-t-elle. Un \u00ab\u00a0<i>honneur<\/i><i>\u00a0<\/i>\u00bb partag\u00e9 par son coll\u00e8gue Pierre, particuli\u00e8rement quand \u00ab\u00a0<i>dans ce moment historique, il faut repr\u00e9senter sa bo\u00eete, l\u2019Arm\u00e9e, mais aussi la Marine qui f\u00eate ses 400 ans cette ann\u00e9e<\/i>\u00a0\u00bb. \u00ab\u00a0<i>La moiti\u00e9 du march\u00e9 d\u2019Airbus est militaire, il faut maintenir ce lien avec l\u2019Arm\u00e9e<\/i>\u00a0\u00bb estime le jeune homme, fier de sa double casquette.<\/p>\n<\/p><\/div>\n","protected":false},"excerpt":{"rendered":"Le poing lev&eacute;, le chef Herv&eacute; ordonne : &laquo;&nbsp;Rassemblement en colonnes par trois&nbsp;&raquo;. Aussit&ocirc;t, les onze femmes et hommes en uniformes de la gendarmerie, de l&rsquo;arm&eacute;e de Terre, de l&rsquo;Air et de &#8230;","protected":false},"author":1,"featured_media":36204,"comment_status":"open","ping_status":"open","sticky":false,"template":"","format":"standard","meta":{"footnotes":""},"categories":[3926,3925,20],"tags":[4275,1350,10,572,1349,571,1034,4243,3547],"news-destination":[3944],"news-source":[475],"is_homepage":[],"ta_other":[],"class_list":["post-36203","post","type-post","status-publish","format-standard","has-post-thumbnail","hentry","category-accueil-merge","category-accueil-third","category-societe","tag-14-juillet","tag-airbus","tag-bouches-du-rhone","tag-france","tag-marignane","tag-paris","tag-reportage","tag-reservistes","tag-uniformes","news-destination-homepage","news-source-website"],"_links":{"self":[{"href":"https:\/\/euapp01.newsmemory.com\/lamarseillaise\/news\/wp-json\/wp\/v2\/posts\/36203","targetHints":{"allow":["GET"]}}],"collection":[{"href":"https:\/\/euapp01.newsmemory.com\/lamarseillaise\/news\/wp-json\/wp\/v2\/posts"}],"about":[{"href":"https:\/\/euapp01.newsmemory.com\/lamarseillaise\/news\/wp-json\/wp\/v2\/types\/post"}],"author":[{"embeddable":true,"href":"https:\/\/euapp01.newsmemory.com\/lamarseillaise\/news\/wp-json\/wp\/v2\/users\/1"}],"replies":[{"embeddable":true,"href":"https:\/\/euapp01.newsmemory.com\/lamarseillaise\/news\/wp-json\/wp\/v2\/comments?post=36203"}],"version-history":[{"count":1,"href":"https:\/\/euapp01.newsmemory.com\/lamarseillaise\/news\/wp-json\/wp\/v2\/posts\/36203\/revisions"}],"predecessor-version":[{"id":36205,"href":"https:\/\/euapp01.newsmemory.com\/lamarseillaise\/news\/wp-json\/wp\/v2\/posts\/36203\/revisions\/36205"}],"wp:featuredmedia":[{"embeddable":true,"href":"https:\/\/euapp01.newsmemory.com\/lamarseillaise\/news\/wp-json\/wp\/v2\/media\/36204"}],"wp:attachment":[{"href":"https:\/\/euapp01.newsmemory.com\/lamarseillaise\/news\/wp-json\/wp\/v2\/media?parent=36203"}],"wp:term":[{"taxonomy":"category","embeddable":true,"href":"https:\/\/euapp01.newsmemory.com\/lamarseillaise\/news\/wp-json\/wp\/v2\/categories?post=36203"},{"taxonomy":"post_tag","embeddable":true,"href":"https:\/\/euapp01.newsmemory.com\/lamarseillaise\/news\/wp-json\/wp\/v2\/tags?post=36203"},{"taxonomy":"news-destination","embeddable":true,"href":"https:\/\/euapp01.newsmemory.com\/lamarseillaise\/news\/wp-json\/wp\/v2\/news-destination?post=36203"},{"taxonomy":"news-source","embeddable":true,"href":"https:\/\/euapp01.newsmemory.com\/lamarseillaise\/news\/wp-json\/wp\/v2\/news-source?post=36203"},{"taxonomy":"is_homepage","embeddable":true,"href":"https:\/\/euapp01.newsmemory.com\/lamarseillaise\/news\/wp-json\/wp\/v2\/is_homepage?post=36203"},{"taxonomy":"ta_other","embeddable":true,"href":"https:\/\/euapp01.newsmemory.com\/lamarseillaise\/news\/wp-json\/wp\/v2\/ta_other?post=36203"}],"curies":[{"name":"wp","href":"https:\/\/api.w.org\/{rel}","templated":true}]}}