{"id":36197,"date":"2026-07-13T08:08:00","date_gmt":"2026-07-13T06:08:00","guid":{"rendered":"https:\/\/euapp01.newsmemory.com\/lamarseillaise\/news\/?p=36197"},"modified":"2026-07-13T10:11:40","modified_gmt":"2026-07-13T08:11:40","slug":"livre-de-condoleances-pour-christine-lagrange","status":"publish","type":"post","link":"https:\/\/euapp01.newsmemory.com\/lamarseillaise\/news\/2026\/07\/13\/livre-de-condoleances-pour-christine-lagrange\/","title":{"rendered":"Livre de condol\u00e9ances pour Christine Lagrange"},"content":{"rendered":"<div class=\"paragraph\">\n<p>L\u2019ancienne \u00e9lue (2008-2026) est d\u00e9c\u00e9d\u00e9e mardi des suites d\u2019un AVC. \u00ab\u00a0Toutes les Avignonnaises et tous les Avignonnais qui souhaitent lui rendre hommage pourront y laisser un message de soutien, de souvenir ou de recueillement\u00a0\u00bb, souligne la municipalit\u00e9. Par ailleurs, dans un communiqu\u00e9 Lucien Stanzione, premier f\u00e9d\u00e9ral du PS 84, remarque que \u00ab\u00a0tous les t\u00e9moignages que nous lisons aujourd\u2019hui indiquent que Christine a marqu\u00e9 profond\u00e9ment la vie politique avignonnaise et elle aura imprim\u00e9 sa marque pour l\u2019avenir\u00a0\u00bb. Le s\u00e9nateur retient deux moments avec elle : \u00ab\u00a0Tout d\u2019abord notre vie en commun au sein de la f\u00e9d\u00e9ration du PS de Vaucluse\u00a0: souvent complices, et aussi parfois pas toujours en accord\u00a0\u00bb mais aussi \u00ab\u00a0sa candidature aux \u00e9lections l\u00e9gislatives de juin\u00a02017, o\u00f9 Christine m\u2019avait fait l\u2019honneur de me proposer d\u2019\u00eatre son directeur de campagne\u00a0\u00bb.<\/p>\n<\/p><\/div>\n","protected":false},"excerpt":{"rendered":"L&rsquo;ancienne &eacute;lue (2008-2026) est d&eacute;c&eacute;d&eacute;e mardi des suites d&rsquo;un AVC. &laquo;&nbsp;Toutes les Avignonnaises et tous les Avignonnais qui souhaitent lui rendre hommage pourront y laisser un message de soutien, de &#8230;","protected":false},"author":1,"featured_media":36198,"comment_status":"open","ping_status":"open","sticky":false,"template":"","format":"standard","meta":{"footnotes":""},"categories":[20],"tags":[174,1189,2742,697,389,171,720],"news-destination":[],"news-source":[475],"is_homepage":[],"ta_other":[],"class_list":["post-36197","post","type-post","status-publish","format-standard","has-post-thumbnail","hentry","category-societe","tag-avignon","tag-deuil","tag-disparition","tag-elus","tag-hommage","tag-vaucluse","tag-ville","news-source-website"],"_links":{"self":[{"href":"https:\/\/euapp01.newsmemory.com\/lamarseillaise\/news\/wp-json\/wp\/v2\/posts\/36197","targetHints":{"allow":["GET"]}}],"collection":[{"href":"https:\/\/euapp01.newsmemory.com\/lamarseillaise\/news\/wp-json\/wp\/v2\/posts"}],"about":[{"href":"https:\/\/euapp01.newsmemory.com\/lamarseillaise\/news\/wp-json\/wp\/v2\/types\/post"}],"author":[{"embeddable":true,"href":"https:\/\/euapp01.newsmemory.com\/lamarseillaise\/news\/wp-json\/wp\/v2\/users\/1"}],"replies":[{"embeddable":true,"href":"https:\/\/euapp01.newsmemory.com\/lamarseillaise\/news\/wp-json\/wp\/v2\/comments?post=36197"}],"version-history":[{"count":1,"href":"https:\/\/euapp01.newsmemory.com\/lamarseillaise\/news\/wp-json\/wp\/v2\/posts\/36197\/revisions"}],"predecessor-version":[{"id":36199,"href":"https:\/\/euapp01.newsmemory.com\/lamarseillaise\/news\/wp-json\/wp\/v2\/posts\/36197\/revisions\/36199"}],"wp:featuredmedia":[{"embeddable":true,"href":"https:\/\/euapp01.newsmemory.com\/lamarseillaise\/news\/wp-json\/wp\/v2\/media\/36198"}],"wp:attachment":[{"href":"https:\/\/euapp01.newsmemory.com\/lamarseillaise\/news\/wp-json\/wp\/v2\/media?parent=36197"}],"wp:term":[{"taxonomy":"category","embeddable":true,"href":"https:\/\/euapp01.newsmemory.com\/lamarseillaise\/news\/wp-json\/wp\/v2\/categories?post=36197"},{"taxonomy":"post_tag","embeddable":true,"href":"https:\/\/euapp01.newsmemory.com\/lamarseillaise\/news\/wp-json\/wp\/v2\/tags?post=36197"},{"taxonomy":"news-destination","embeddable":true,"href":"https:\/\/euapp01.newsmemory.com\/lamarseillaise\/news\/wp-json\/wp\/v2\/news-destination?post=36197"},{"taxonomy":"news-source","embeddable":true,"href":"https:\/\/euapp01.newsmemory.com\/lamarseillaise\/news\/wp-json\/wp\/v2\/news-source?post=36197"},{"taxonomy":"is_homepage","embeddable":true,"href":"https:\/\/euapp01.newsmemory.com\/lamarseillaise\/news\/wp-json\/wp\/v2\/is_homepage?post=36197"},{"taxonomy":"ta_other","embeddable":true,"href":"https:\/\/euapp01.newsmemory.com\/lamarseillaise\/news\/wp-json\/wp\/v2\/ta_other?post=36197"}],"curies":[{"name":"wp","href":"https:\/\/api.w.org\/{rel}","templated":true}]}}