{"id":36194,"date":"2026-07-13T08:09:00","date_gmt":"2026-07-13T06:09:00","guid":{"rendered":"https:\/\/euapp01.newsmemory.com\/lamarseillaise\/news\/?p=36194"},"modified":"2026-07-13T10:11:40","modified_gmt":"2026-07-13T08:11:40","slug":"operation-de-sauvetage-reussie-pour-les-gendarmes-aux-arcs","status":"publish","type":"post","link":"https:\/\/euapp01.newsmemory.com\/lamarseillaise\/news\/2026\/07\/13\/operation-de-sauvetage-reussie-pour-les-gendarmes-aux-arcs\/","title":{"rendered":"Op\u00e9ration de sauvetage r\u00e9ussie pour les gendarmes aux Arcs"},"content":{"rendered":"<div class=\"paragraph\">\n<p>Alert\u00e9s pour la disparition inqui\u00e9tante d\u2019une personne ayant quitt\u00e9 son domicile de Taradeau avec des intentions suicidaires, les gendarmes des Arcs ont, en coordination avec les militaires du Peloton de surveillance et d\u2019intervention gendarmerie de Draguignan, ont rapidement pu recentrer les recherches sur le secteur du Plan-de-la-Tour et localiser le v\u00e9hicule, stationn\u00e9 en plein soleil, avec son occupant inconscient \u00e0 son bord. Celui-ci a \u00e9t\u00e9 imm\u00e9diatement pris en charge par les secours et \u00e9vacu\u00e9 par h\u00e9licopt\u00e8re vers le centre hospitalier de Fr\u00e9jus.<\/p>\n<\/p><\/div>\n","protected":false},"excerpt":{"rendered":"Alert&eacute;s pour la disparition inqui&eacute;tante d&rsquo;une personne ayant quitt&eacute; son domicile de Taradeau avec des intentions suicidaires, les gendarmes des Arcs ont, en coordination avec les militaires du Peloton de surveillance et &#8230;","protected":false},"author":1,"featured_media":36195,"comment_status":"open","ping_status":"open","sticky":false,"template":"","format":"standard","meta":{"footnotes":""},"categories":[20],"tags":[2742,1798,2237,6079,3135,111,31],"news-destination":[],"news-source":[475],"is_homepage":[],"ta_other":[],"class_list":["post-36194","post","type-post","status-publish","format-standard","has-post-thumbnail","hentry","category-societe","tag-disparition","tag-gendarmerie","tag-gendarmes","tag-les-arcs","tag-sauvetage","tag-securite","tag-var","news-source-website"],"_links":{"self":[{"href":"https:\/\/euapp01.newsmemory.com\/lamarseillaise\/news\/wp-json\/wp\/v2\/posts\/36194","targetHints":{"allow":["GET"]}}],"collection":[{"href":"https:\/\/euapp01.newsmemory.com\/lamarseillaise\/news\/wp-json\/wp\/v2\/posts"}],"about":[{"href":"https:\/\/euapp01.newsmemory.com\/lamarseillaise\/news\/wp-json\/wp\/v2\/types\/post"}],"author":[{"embeddable":true,"href":"https:\/\/euapp01.newsmemory.com\/lamarseillaise\/news\/wp-json\/wp\/v2\/users\/1"}],"replies":[{"embeddable":true,"href":"https:\/\/euapp01.newsmemory.com\/lamarseillaise\/news\/wp-json\/wp\/v2\/comments?post=36194"}],"version-history":[{"count":1,"href":"https:\/\/euapp01.newsmemory.com\/lamarseillaise\/news\/wp-json\/wp\/v2\/posts\/36194\/revisions"}],"predecessor-version":[{"id":36196,"href":"https:\/\/euapp01.newsmemory.com\/lamarseillaise\/news\/wp-json\/wp\/v2\/posts\/36194\/revisions\/36196"}],"wp:featuredmedia":[{"embeddable":true,"href":"https:\/\/euapp01.newsmemory.com\/lamarseillaise\/news\/wp-json\/wp\/v2\/media\/36195"}],"wp:attachment":[{"href":"https:\/\/euapp01.newsmemory.com\/lamarseillaise\/news\/wp-json\/wp\/v2\/media?parent=36194"}],"wp:term":[{"taxonomy":"category","embeddable":true,"href":"https:\/\/euapp01.newsmemory.com\/lamarseillaise\/news\/wp-json\/wp\/v2\/categories?post=36194"},{"taxonomy":"post_tag","embeddable":true,"href":"https:\/\/euapp01.newsmemory.com\/lamarseillaise\/news\/wp-json\/wp\/v2\/tags?post=36194"},{"taxonomy":"news-destination","embeddable":true,"href":"https:\/\/euapp01.newsmemory.com\/lamarseillaise\/news\/wp-json\/wp\/v2\/news-destination?post=36194"},{"taxonomy":"news-source","embeddable":true,"href":"https:\/\/euapp01.newsmemory.com\/lamarseillaise\/news\/wp-json\/wp\/v2\/news-source?post=36194"},{"taxonomy":"is_homepage","embeddable":true,"href":"https:\/\/euapp01.newsmemory.com\/lamarseillaise\/news\/wp-json\/wp\/v2\/is_homepage?post=36194"},{"taxonomy":"ta_other","embeddable":true,"href":"https:\/\/euapp01.newsmemory.com\/lamarseillaise\/news\/wp-json\/wp\/v2\/ta_other?post=36194"}],"curies":[{"name":"wp","href":"https:\/\/api.w.org\/{rel}","templated":true}]}}