{"id":36191,"date":"2026-07-13T07:54:00","date_gmt":"2026-07-13T05:54:00","guid":{"rendered":"https:\/\/euapp01.newsmemory.com\/lamarseillaise\/news\/?p=36191"},"modified":"2026-07-19T08:46:08","modified_gmt":"2026-07-19T06:46:08","slug":"sisteron-reste-commune-touristique-pour-cinq-ans","status":"publish","type":"post","link":"https:\/\/euapp01.newsmemory.com\/lamarseillaise\/news\/2026\/07\/13\/sisteron-reste-commune-touristique-pour-cinq-ans\/","title":{"rendered":"Sisteron reste \u00ab&nbsp;commune touristique&nbsp;\u00bb pour cinq ans"},"content":{"rendered":"<div class=\"paragraph\">\n<p>Sisteron, \u00ab\u00a0commune touristique\u00a0\u00bb pour cinq ann\u00e9es suppl\u00e9mentaires. La ville de 7\u00a0000\u00a0habitants, nich\u00e9e au c\u0153ur des Alpes-de-Haute-Provence, garde le statut obtenu en 2024. En effet, vendredi 3\u00a0juillet, l\u2019arr\u00eat\u00e9 pr\u00e9fectoral permettant \u00e0 la commune de jouir du nom de \u00ab\u00a0commune touristique\u00a0\u00bb a \u00e9t\u00e9 renouvel\u00e9.<\/p>\n<p>Une r\u00e9ussite dont se sont f\u00e9licit\u00e9 le maire, Jean-Pierre Templier (DVD) et son conseiller d\u00e9l\u00e9gu\u00e9 au tourisme Alain Angelvin. \u00ab\u00a0<i>C\u2019est la reconnaissance de l\u2019attractivit\u00e9 de Sisteron et du travail accompli par tous les acteurs du tourisme<\/i>\u00a0\u00bb, affirme le maire dans un communiqu\u00e9. Et de souligner le travail de \u00ab<i>\u00a0<\/i><i>l\u2019office de tourisme Sisteron Alpes Proven\u00e7ales et les services de la Ville<\/i>\u00a0\u00bb avant de poursuivre\u00a0: \u00ab\u00a0<i>Cela nous encourage \u00e0 poursuivre nos efforts<\/i><i>\u00a0<\/i><i>!<\/i><i>\u00a0<\/i>\u00bb<\/p>\n<p>Ce renouvellement confirme aussi \u00ab<i>\u00a0<\/i><i>le caract\u00e8re touristique majeur de Sisteron mais aussi la solide r\u00e9putation de la commune b\u00e9n\u00e9ficiant d\u2019une forte notori\u00e9t\u00e9 internationale et qui fait aussi partie des 100 plus beaux d\u00e9tours de France, label tr\u00e8s pris\u00e9 et reconnu<\/i><i>\u00a0<\/i>\u00bb<i>, <\/i>appr\u00e9cient les \u00e9lus.<\/p>\n<p>Surnomm\u00e9e la perle de Haute-Provence, la ville a d\u00fb remplir plusieurs crit\u00e8res afin d\u2019obtenir cette d\u00e9nomination dont celui d\u2019avoir un office de tourisme class\u00e9. Dans celui de Sisteron, on peut apercevoir un vestige arch\u00e9ologique\u00a0: les fondations d\u2019un ancien b\u00e2timent. La commune doit \u00e9galement offrir une capacit\u00e9 d\u2019h\u00e9bergement adapt\u00e9e \u00e0 une population non permanente, et organisatrice des animations touristiques r\u00e9guli\u00e8rement.<\/p>\n<\/p><\/div>\n<div class=\"intext\"> Une \u00e9tape\n              <\/div>\n<div class=\"paragraph\">\n<p>Pour autant, cette reconnaissance n\u2019est qu\u2019une \u00e9tape, certes strat\u00e9gique, vers le renouvellement du classement en station de tourisme obtenu en novembre\u00a02014 et qui en cours d\u2019instruction. Ce classement permet de b\u00e9n\u00e9ficier de droits et avantages sp\u00e9cifiques (urbanisme, fiscalit\u00e9, promotion&#8230;) et de renforcer l\u2019attractivit\u00e9 \u00e9conomique et l\u2019image de la Ville.<\/p>\n<\/p><\/div>\n","protected":false},"excerpt":{"rendered":"Sisteron, &laquo;&nbsp;commune touristique&nbsp;&raquo; pour cinq ann&eacute;es suppl&eacute;mentaires. La ville de 7&nbsp;000&nbsp;habitants, nich&eacute;e au c&oelig;ur des Alpes-de-Haute-Provence, garde le statut obtenu en 2024. En effet, &#8230;","protected":false},"author":1,"featured_media":36192,"comment_status":"open","ping_status":"open","sticky":false,"template":"","format":"standard","meta":{"footnotes":""},"categories":[3926,3925,338,20],"tags":[4768,4467,1277,1793,2101,3240,1662,97,159],"news-destination":[3944],"news-source":[475],"is_homepage":[],"ta_other":[],"class_list":["post-36191","post","type-post","status-publish","format-standard","has-post-thumbnail","hentry","category-accueil-merge","category-accueil-third","category-economie","category-societe","tag-alpes","tag-alpes-de-haute-provence","tag-animations","tag-archeologie","tag-attractivite","tag-classement","tag-office-de-tourisme","tag-patrimoine","tag-touristes","news-destination-homepage","news-source-website"],"_links":{"self":[{"href":"https:\/\/euapp01.newsmemory.com\/lamarseillaise\/news\/wp-json\/wp\/v2\/posts\/36191","targetHints":{"allow":["GET"]}}],"collection":[{"href":"https:\/\/euapp01.newsmemory.com\/lamarseillaise\/news\/wp-json\/wp\/v2\/posts"}],"about":[{"href":"https:\/\/euapp01.newsmemory.com\/lamarseillaise\/news\/wp-json\/wp\/v2\/types\/post"}],"author":[{"embeddable":true,"href":"https:\/\/euapp01.newsmemory.com\/lamarseillaise\/news\/wp-json\/wp\/v2\/users\/1"}],"replies":[{"embeddable":true,"href":"https:\/\/euapp01.newsmemory.com\/lamarseillaise\/news\/wp-json\/wp\/v2\/comments?post=36191"}],"version-history":[{"count":1,"href":"https:\/\/euapp01.newsmemory.com\/lamarseillaise\/news\/wp-json\/wp\/v2\/posts\/36191\/revisions"}],"predecessor-version":[{"id":36193,"href":"https:\/\/euapp01.newsmemory.com\/lamarseillaise\/news\/wp-json\/wp\/v2\/posts\/36191\/revisions\/36193"}],"wp:featuredmedia":[{"embeddable":true,"href":"https:\/\/euapp01.newsmemory.com\/lamarseillaise\/news\/wp-json\/wp\/v2\/media\/36192"}],"wp:attachment":[{"href":"https:\/\/euapp01.newsmemory.com\/lamarseillaise\/news\/wp-json\/wp\/v2\/media?parent=36191"}],"wp:term":[{"taxonomy":"category","embeddable":true,"href":"https:\/\/euapp01.newsmemory.com\/lamarseillaise\/news\/wp-json\/wp\/v2\/categories?post=36191"},{"taxonomy":"post_tag","embeddable":true,"href":"https:\/\/euapp01.newsmemory.com\/lamarseillaise\/news\/wp-json\/wp\/v2\/tags?post=36191"},{"taxonomy":"news-destination","embeddable":true,"href":"https:\/\/euapp01.newsmemory.com\/lamarseillaise\/news\/wp-json\/wp\/v2\/news-destination?post=36191"},{"taxonomy":"news-source","embeddable":true,"href":"https:\/\/euapp01.newsmemory.com\/lamarseillaise\/news\/wp-json\/wp\/v2\/news-source?post=36191"},{"taxonomy":"is_homepage","embeddable":true,"href":"https:\/\/euapp01.newsmemory.com\/lamarseillaise\/news\/wp-json\/wp\/v2\/is_homepage?post=36191"},{"taxonomy":"ta_other","embeddable":true,"href":"https:\/\/euapp01.newsmemory.com\/lamarseillaise\/news\/wp-json\/wp\/v2\/ta_other?post=36191"}],"curies":[{"name":"wp","href":"https:\/\/api.w.org\/{rel}","templated":true}]}}