{"id":36188,"date":"2026-07-13T07:57:00","date_gmt":"2026-07-13T05:57:00","guid":{"rendered":"https:\/\/euapp01.newsmemory.com\/lamarseillaise\/news\/?p=36188"},"modified":"2026-07-19T08:46:08","modified_gmt":"2026-07-19T06:46:08","slug":"tecelys-lex-dgs-du-grand-avignon-en-veut-au-prefet","status":"publish","type":"post","link":"https:\/\/euapp01.newsmemory.com\/lamarseillaise\/news\/2026\/07\/13\/tecelys-lex-dgs-du-grand-avignon-en-veut-au-prefet\/","title":{"rendered":"Tecelys : l\u2019ex-DGS du Grand Avignon en veut au pr\u00e9fet"},"content":{"rendered":"<div class=\"paragraph\">\n<p>La triple perquisition, men\u00e9e mardi par des policiers mandat\u00e9s par le parquet de Marseille, au sein du Grand Avignon, de la SPL Tecelys et du domicile de Jo\u00ebl Guin n\u2019est \u00e9videmment pas pass\u00e9e inaper\u00e7ue. <a rel=\"noopener noreferrer\" href=\"https:\/\/www.lamarseillaise.fr\/politique\/tecelys-perquisitions-au-grand-avignon-et-chez-joel-guin-BB20473714\" target=\"_blank\">R\u00e9v\u00e9l\u00e9e dans nos colonnes, l\u2019affaire vient, \u00e0 ce stade, conforter les alertes lanc\u00e9es par Alain Cluzet<\/a>. Alors directeur g\u00e9n\u00e9ral des services (DGS) du Grand Avignon, il avait <a rel=\"noopener noreferrer\" href=\"https:\/\/www.lamarseillaise.fr\/societe\/grand-avignon-le-gestionnaire-du-reseau-de-transports-dans-la-tourmente-DO16905754\" target=\"_blank\">quitt\u00e9 ses fonctions avec fracas en d\u00e9non\u00e7ant le fonctionnement chez Tecelys<\/a>.<\/p>\n<p>D\u00e9sormais retrait\u00e9, il a r\u00e9agi par un post sal\u00e9 sur le r\u00e9seau LinkedIn. \u00ab<i>\u00a0<\/i><i>On m\u2019a demand\u00e9 au Grand Avignon d\u2019ordonner tous les ans le paiement de plusieurs millions d\u2019euros de factures sans justificatifs s\u00e9rieux. J\u2019ai mis un certain temps pour comprendre que c\u2019\u00e9tait un syst\u00e8me mafieux tr\u00e8s bien huil\u00e9, aux multiples ramifications, qui fonctionnait depuis 15<\/i><i>\u00a0<\/i><i>ans avec des acteurs inamovibles<\/i>\u00a0\u00bb, d\u00e9crit-il. Face \u00e0 cette situation, il d\u00e9plore ne pas avoir \u00e9t\u00e9 soutenu par le pr\u00e9fet Thierry Suquet, \u00ab<i>\u00a0<\/i><i>rest\u00e9 sourd malgr\u00e9 les preuves transmises (ce n\u2019est pas lui qui restaurera l\u2019autorit\u00e9 de l\u2019\u00c9tat) puis saisi la CRC [chambre r\u00e9gionale des comptes] \u00e0 l\u2019aide d\u2019un dossier tr\u00e8s lourd<\/i><i>\u00a0<\/i>\u00bb. Les magistrats viennent de finaliser leur rapport provisoire.<\/p>\n<p>\u00ab\u00a0<i>C\u2019est pour moi un immense soulagement mais am\u00e8ne des questions : quand les DGS, d\u00e9sormais responsables p\u00e9nalement de la gestion des collectivit\u00e9s, seront-ils r\u00e9ellement soutenus pour exercer pleinement leurs missions de contr\u00f4le, sans \u00eatre vir\u00e9s ou devoir prendre la tangente<\/i><i>\u00a0<\/i><i>?<\/i>\u00a0\u00bb, analyse-t-il, avant de tirer, en conclusion, une nouvelle banderille sur le pr\u00e9fet\u00a0: \u00ab\u00a0<i>Et en corollaire, sur qui compter si le pr\u00e9fet lui-m\u00eame se refuse au contr\u00f4le de l\u00e9galit\u00e9 quand le sujet est sensible alors que sa direction des finances publiques est si prompte \u00e0 recaler une d\u00e9pense des collectivit\u00e9s parfois tr\u00e8s modeste pour d\u00e9faut d\u2019une pi\u00e8ce mineure<\/i><i>\u00a0<\/i><i>?<\/i>\u00a0\u00bb.<\/p>\n<\/p><\/div>\n","protected":false},"excerpt":{"rendered":"La triple perquisition, men&eacute;e mardi par des policiers mandat&eacute;s par le parquet de Marseille, au sein du Grand Avignon, de la SPL Tecelys et du domicile de Jo&euml;l Guin n&rsquo;est &eacute;videmment pas pass&eacute;e inaper&ccedil;ue. &#8230;","protected":false},"author":1,"featured_media":36189,"comment_status":"open","ping_status":"open","sticky":false,"template":"","format":"standard","meta":{"footnotes":""},"categories":[3926,3925,330,20],"tags":[495,174,591,1046,200,1541,2061,2141,1567,171],"news-destination":[3944],"news-source":[475],"is_homepage":[],"ta_other":[],"class_list":["post-36188","post","type-post","status-publish","format-standard","has-post-thumbnail","hentry","category-accueil-merge","category-accueil-third","category-politique","category-societe","tag-495","tag-avignon","tag-chambre-regionale-des-comptes","tag-finances-publiques","tag-justice","tag-magistrats","tag-parquet","tag-perquisition","tag-prefet","tag-vaucluse","news-destination-homepage","news-source-website"],"_links":{"self":[{"href":"https:\/\/euapp01.newsmemory.com\/lamarseillaise\/news\/wp-json\/wp\/v2\/posts\/36188","targetHints":{"allow":["GET"]}}],"collection":[{"href":"https:\/\/euapp01.newsmemory.com\/lamarseillaise\/news\/wp-json\/wp\/v2\/posts"}],"about":[{"href":"https:\/\/euapp01.newsmemory.com\/lamarseillaise\/news\/wp-json\/wp\/v2\/types\/post"}],"author":[{"embeddable":true,"href":"https:\/\/euapp01.newsmemory.com\/lamarseillaise\/news\/wp-json\/wp\/v2\/users\/1"}],"replies":[{"embeddable":true,"href":"https:\/\/euapp01.newsmemory.com\/lamarseillaise\/news\/wp-json\/wp\/v2\/comments?post=36188"}],"version-history":[{"count":1,"href":"https:\/\/euapp01.newsmemory.com\/lamarseillaise\/news\/wp-json\/wp\/v2\/posts\/36188\/revisions"}],"predecessor-version":[{"id":36190,"href":"https:\/\/euapp01.newsmemory.com\/lamarseillaise\/news\/wp-json\/wp\/v2\/posts\/36188\/revisions\/36190"}],"wp:featuredmedia":[{"embeddable":true,"href":"https:\/\/euapp01.newsmemory.com\/lamarseillaise\/news\/wp-json\/wp\/v2\/media\/36189"}],"wp:attachment":[{"href":"https:\/\/euapp01.newsmemory.com\/lamarseillaise\/news\/wp-json\/wp\/v2\/media?parent=36188"}],"wp:term":[{"taxonomy":"category","embeddable":true,"href":"https:\/\/euapp01.newsmemory.com\/lamarseillaise\/news\/wp-json\/wp\/v2\/categories?post=36188"},{"taxonomy":"post_tag","embeddable":true,"href":"https:\/\/euapp01.newsmemory.com\/lamarseillaise\/news\/wp-json\/wp\/v2\/tags?post=36188"},{"taxonomy":"news-destination","embeddable":true,"href":"https:\/\/euapp01.newsmemory.com\/lamarseillaise\/news\/wp-json\/wp\/v2\/news-destination?post=36188"},{"taxonomy":"news-source","embeddable":true,"href":"https:\/\/euapp01.newsmemory.com\/lamarseillaise\/news\/wp-json\/wp\/v2\/news-source?post=36188"},{"taxonomy":"is_homepage","embeddable":true,"href":"https:\/\/euapp01.newsmemory.com\/lamarseillaise\/news\/wp-json\/wp\/v2\/is_homepage?post=36188"},{"taxonomy":"ta_other","embeddable":true,"href":"https:\/\/euapp01.newsmemory.com\/lamarseillaise\/news\/wp-json\/wp\/v2\/ta_other?post=36188"}],"curies":[{"name":"wp","href":"https:\/\/api.w.org\/{rel}","templated":true}]}}