{"id":36186,"date":"2026-07-13T08:13:00","date_gmt":"2026-07-13T06:13:00","guid":{"rendered":"https:\/\/euapp01.newsmemory.com\/lamarseillaise\/news\/?p=36186"},"modified":"2026-07-19T20:47:09","modified_gmt":"2026-07-19T18:47:09","slug":"entretien-eric-besatti-attaquer-en-justice-est-un-classique-du-rn","status":"publish","type":"post","link":"https:\/\/euapp01.newsmemory.com\/lamarseillaise\/news\/2026\/07\/13\/entretien-eric-besatti-attaquer-en-justice-est-un-classique-du-rn\/","title":{"rendered":"[Entretien] \u00c9ric Besatti : \u00ab&nbsp;Attaquer en justice est un classique du RN&nbsp;\u00bb"},"content":{"rendered":"<div class=\"paragraph\">\n<p><b>La Marseillaise :<\/b><b> Quelle est votre r\u00e9action au d\u00e9bout\u00e9 en diffamation de la Ville de Beaucaire, du maire (RN) Nelson Chaudon et l\u2019ancien maire Julien Sanchez ?<\/b><\/p>\n<p>\u00c9ric Besatti : C\u2019est une petite victoire dans une grande bataille contre les tabous en d\u00e9mocratie. On aurait aim\u00e9 ne pas jouer ce match, que la mairie r\u00e9ponde et soit claire sur sa politique. Il est scandaleux que ceux qui ne respectent pas leurs obligations de transparence nous attaquent. Mais la vague de solidarit\u00e9 \u00e0 notre \u00e9gard leur donne tort.<\/p>\n<p><b>Sur le fond, qu\u2019est-ce qui vous a attir\u00e9 les foudres des \u00e9lus RN Julien Sanchez et Nelson Chaudon ?<\/b><\/p>\n<p>E.B. : Certaines communes ne publient pas leurs crit\u00e8res de pr\u00e9emption ou location de commerces, ni aucune liste de ceux b\u00e9n\u00e9ficiant d\u2019un \u00ab\u00a0<i>plan commerce ambition<\/i>\u00a0\u00bb, vot\u00e9 en 2021. Tous mes t\u00e9moignages font montre d\u2019une discrimination dont on a du mal \u00e0 comprendre la logique. La loi n\u2019est pas assez dure avec les mairies qui sont opaques. Ils se prennent des avertissements de la Commission d\u2019acc\u00e8s aux documents administratifs [Cada] et au bout de 2 mois ils sont oblig\u00e9s de fournir le document, sinon on doit aller au tribunal administratif avec des avocats. On a la m\u00eame opacit\u00e9 \u00e0 Arles. Ils nous renvoient toujours \u00e0 la Cada alors que les administrations doivent donner les documents aux citoyens qui le demandent. Mais on nous oppose souvent qu\u2019\u00ab\u00a0<i>on sait ce que vous allez \u00e9crire<\/i>\u00a0\u00bb. Les politiques devraient plut\u00f4t se dire qu\u2019un citoyen n\u2019est pas un ennemi et qu\u2019il a le doit d\u2019\u00eatre inform\u00e9. C\u2019est en cela que nous pr\u00e9f\u00e9rons la culture de la libre circulation des documents. La copublication d\u2019une enqu\u00eate avec Streetpress a pu jouer, car c\u2019est une r\u00e9daction antifasciste.<\/p>\n<p><b>Qu\u2019est-ce que cela traduit des agissements de l\u2019extr\u00eame droite ?<\/b><\/p>\n<p>E.B. : Attaquer en justice pour faire perdre du temps et de l\u2019argent est un classique du RN. \u00c7a a fait parler de nous et de notre travail, plus de gens nous suivent, m\u00eame si ce n\u2019est pas ce qui nous importait le plus. Cela montre que le RN \u00e0 Beaucaire ne veut pas que les gens s\u2019expriment sur les commerces. T\u00e9moigner est difficile et les rares \u00e0 l\u2019accepter le font \u00e0 visage couvert. C\u2019est un terrain tr\u00e8s difficile.<\/p>\n<p><b>Cette proc\u00e9dure judiciaire doit vous laisser une grosse ardoise&#8230;<\/b><\/p>\n<p>E.B. : Nous sommes condamn\u00e9s \u00e0 5\u00a0000\u00a0euros d\u2019amende en plus de 1\u00a0200\u00a0euros de frais d\u2019avocat. Si on veut nous aider, il suffit d\u2019aller sur le site, s\u2019inscrire, s\u2019abonner, donner&#8230; \u00c7a sera utilis\u00e9 pour l\u2019enqu\u00eate ou payer les frais d\u2019avocat.<\/p>\n<\/p><\/div>\n","protected":false},"excerpt":{"rendered":"La Marseillaise : Quelle est votre r&eacute;action au d&eacute;bout&eacute; en diffamation de la Ville de Beaucaire, du maire (RN) Nelson Chaudon et l&rsquo;ancien maire Julien Sanchez ?","protected":false},"author":1,"featured_media":36068,"comment_status":"open","ping_status":"open","sticky":false,"template":"","format":"standard","meta":{"footnotes":""},"categories":[3926,3925,4383,330,20],"tags":[1234,10,750,513,622,1276,343,654,200,2946,2315,1186,6078,439,260,593,1743],"news-destination":[3944],"news-source":[475],"is_homepage":[],"ta_other":[],"class_list":["post-36186","post","type-post","status-publish","format-standard","has-post-thumbnail","hentry","category-accueil-merge","category-accueil-third","category-justice","category-politique","category-societe","tag-arles","tag-bouches-du-rhone","tag-commerce","tag-communes","tag-democratie","tag-enquete","tag-entretien","tag-julien-sanchez","tag-justice","tag-pluralisme","tag-pluralite-de-la-presse","tag-presse","tag-redaction","tag-rn","tag-solidarite","tag-transparence","tag-tribunal-judiciaire","news-destination-homepage","news-source-website"],"_links":{"self":[{"href":"https:\/\/euapp01.newsmemory.com\/lamarseillaise\/news\/wp-json\/wp\/v2\/posts\/36186","targetHints":{"allow":["GET"]}}],"collection":[{"href":"https:\/\/euapp01.newsmemory.com\/lamarseillaise\/news\/wp-json\/wp\/v2\/posts"}],"about":[{"href":"https:\/\/euapp01.newsmemory.com\/lamarseillaise\/news\/wp-json\/wp\/v2\/types\/post"}],"author":[{"embeddable":true,"href":"https:\/\/euapp01.newsmemory.com\/lamarseillaise\/news\/wp-json\/wp\/v2\/users\/1"}],"replies":[{"embeddable":true,"href":"https:\/\/euapp01.newsmemory.com\/lamarseillaise\/news\/wp-json\/wp\/v2\/comments?post=36186"}],"version-history":[{"count":1,"href":"https:\/\/euapp01.newsmemory.com\/lamarseillaise\/news\/wp-json\/wp\/v2\/posts\/36186\/revisions"}],"predecessor-version":[{"id":36187,"href":"https:\/\/euapp01.newsmemory.com\/lamarseillaise\/news\/wp-json\/wp\/v2\/posts\/36186\/revisions\/36187"}],"wp:featuredmedia":[{"embeddable":true,"href":"https:\/\/euapp01.newsmemory.com\/lamarseillaise\/news\/wp-json\/wp\/v2\/media\/36068"}],"wp:attachment":[{"href":"https:\/\/euapp01.newsmemory.com\/lamarseillaise\/news\/wp-json\/wp\/v2\/media?parent=36186"}],"wp:term":[{"taxonomy":"category","embeddable":true,"href":"https:\/\/euapp01.newsmemory.com\/lamarseillaise\/news\/wp-json\/wp\/v2\/categories?post=36186"},{"taxonomy":"post_tag","embeddable":true,"href":"https:\/\/euapp01.newsmemory.com\/lamarseillaise\/news\/wp-json\/wp\/v2\/tags?post=36186"},{"taxonomy":"news-destination","embeddable":true,"href":"https:\/\/euapp01.newsmemory.com\/lamarseillaise\/news\/wp-json\/wp\/v2\/news-destination?post=36186"},{"taxonomy":"news-source","embeddable":true,"href":"https:\/\/euapp01.newsmemory.com\/lamarseillaise\/news\/wp-json\/wp\/v2\/news-source?post=36186"},{"taxonomy":"is_homepage","embeddable":true,"href":"https:\/\/euapp01.newsmemory.com\/lamarseillaise\/news\/wp-json\/wp\/v2\/is_homepage?post=36186"},{"taxonomy":"ta_other","embeddable":true,"href":"https:\/\/euapp01.newsmemory.com\/lamarseillaise\/news\/wp-json\/wp\/v2\/ta_other?post=36186"}],"curies":[{"name":"wp","href":"https:\/\/api.w.org\/{rel}","templated":true}]}}