{"id":36183,"date":"2026-07-13T07:39:00","date_gmt":"2026-07-13T05:39:00","guid":{"rendered":"https:\/\/euapp01.newsmemory.com\/lamarseillaise\/news\/?p=36183"},"modified":"2026-07-13T10:11:40","modified_gmt":"2026-07-13T08:11:40","slug":"donner-une-seconde-vie-aux-objets-a-aubagne","status":"publish","type":"post","link":"https:\/\/euapp01.newsmemory.com\/lamarseillaise\/news\/2026\/07\/13\/donner-une-seconde-vie-aux-objets-a-aubagne\/","title":{"rendered":"Donner une seconde vie aux objets \u00e0 Aubagne"},"content":{"rendered":"<div class=\"paragraph\">\n<p>Install\u00e9e dans ses nouveaux locaux de l\u2019\u00celot d\u2019Aubagne, lieu de vie mixant tertiaire, restauration, activit\u00e9s \u00e0 vocation sociale et espaces naturels au 1100 chemin de l\u2019Avelan\u00e8de, la ressourcerie le Dirigeable ouvre cet \u00e9t\u00e9 ses portes et propose six cr\u00e9neaux d\u2019upcycling entre le 21\u00a0juillet et le 27\u00a0ao\u00fbt. Au programme : r\u00e9paration et customisation de v\u00eatements, cr\u00e9ation d\u2019un oiseau suspendu en bois, d\u00e9couverte de la couture ou transformation de vaisselle en objet de d\u00e9coration&#8230;<\/p>\n<p>\u00ab\u00a0<i>C\u2019est l\u2019occasion pour les habitants du territoire de d\u00e9couvrir l\u2019espace cr\u00e9ation et de repartir avec un objet fabriqu\u00e9 de leurs propres mains<\/i><i>\u00a0<\/i>\u00bb, soulignent les organisateurs. Toujours planifi\u00e9es l\u2019apr\u00e8s-midi, les s\u00e9ances durent entre 1h30 et 3h, co\u00fbtent entre 12 et 25\u00a0euros et sont \u00e0 destination de petits et grands.<\/p>\n<\/p><\/div>\n<div class=\"intext\"> Espace de progression sociale\n              <\/div>\n<div class=\"paragraph\">\n<p>Fond\u00e9 en 2016 au sein de l\u2019association Evolio, le Dirigeable est, au-del\u00e0 d\u2019un lieu de collecte et de revente d\u2019objets de seconde main, un espace de progression sociale. Tout en s\u2019inscrivant dans une d\u00e9marche d\u2019\u00e9conomie circulaire en encourageant les pratiques de r\u00e9emploi, de r\u00e9paration et de recyclage, la ressourcerie travaille \u00e0 l\u2019insertion des personnes pr\u00e9caires et \u00e9loign\u00e9es de l\u2019emploi en faisant de leur passage dans la structure un tremplin vers un projet professionnel durable. Les salari\u00e9s en insertion, qui b\u00e9n\u00e9ficient d\u2019un accompagnement social personnalis\u00e9, ont pour r\u00f4le de \u00ab\u00a0trier, r\u00e9parer, restaurer, cr\u00e9er de nouvelles pi\u00e8ces \u00e0 la vente\u00a0\u00bb et de \u00ab\u00a0reconditionner des v\u00e9los et des appareils \u00e9lectroniques\u00a0\u00bb.<\/p>\n<p>L\u2019occasion de \u00ab\u00a0remettre un pied dans le monde du travail\u00a0\u00bb mais aussi de \u00ab\u00a0retrouver confiance en eux en acqu\u00e9rant de nouvelles comp\u00e9tences\u00a0\u00bb, pr\u00e9cise le site web de l\u2019association. En 2025, 81 personnes en insertion ont \u00e9t\u00e9 accompagn\u00e9es par la ressourcerie.<\/p>\n<\/p><\/div>\n<div class=\"paragraph\">\n<p><i>Inscription sur le site <a rel=\"nofollow noopener noreferrer\" href=\"https:\/\/www.ressourcerie-ledirigeable.fr\/\" target=\"_blank\">www.ressourcerie-ledirigeable.fr<\/a><\/i><\/p>\n<\/p><\/div>\n","protected":false},"excerpt":{"rendered":"Install&eacute;e dans ses nouveaux locaux de l&rsquo;&Icirc;lot d&rsquo;Aubagne, lieu de vie mixant tertiaire, restauration, activit&eacute;s &agrave; vocation sociale et espaces naturels au 1100 chemin de l&rsquo;Avelan&egrave;de, la ressourcerie &#8230;","protected":false},"author":1,"featured_media":36184,"comment_status":"open","ping_status":"open","sticky":false,"template":"","format":"standard","meta":{"footnotes":""},"categories":[20],"tags":[130,493,10,4289,25,106,1120,4453,3141,2239,2784,2566],"news-destination":[],"news-source":[475],"is_homepage":[],"ta_other":[],"class_list":["post-36183","post","type-post","status-publish","format-standard","has-post-thumbnail","hentry","category-societe","tag-ateliers","tag-aubagne","tag-bouches-du-rhone","tag-decoration","tag-durable","tag-habitants","tag-insertion","tag-monde-du-travail","tag-objet","tag-recyclage","tag-reemploi","tag-ressourcerie","news-source-website"],"_links":{"self":[{"href":"https:\/\/euapp01.newsmemory.com\/lamarseillaise\/news\/wp-json\/wp\/v2\/posts\/36183","targetHints":{"allow":["GET"]}}],"collection":[{"href":"https:\/\/euapp01.newsmemory.com\/lamarseillaise\/news\/wp-json\/wp\/v2\/posts"}],"about":[{"href":"https:\/\/euapp01.newsmemory.com\/lamarseillaise\/news\/wp-json\/wp\/v2\/types\/post"}],"author":[{"embeddable":true,"href":"https:\/\/euapp01.newsmemory.com\/lamarseillaise\/news\/wp-json\/wp\/v2\/users\/1"}],"replies":[{"embeddable":true,"href":"https:\/\/euapp01.newsmemory.com\/lamarseillaise\/news\/wp-json\/wp\/v2\/comments?post=36183"}],"version-history":[{"count":1,"href":"https:\/\/euapp01.newsmemory.com\/lamarseillaise\/news\/wp-json\/wp\/v2\/posts\/36183\/revisions"}],"predecessor-version":[{"id":36185,"href":"https:\/\/euapp01.newsmemory.com\/lamarseillaise\/news\/wp-json\/wp\/v2\/posts\/36183\/revisions\/36185"}],"wp:featuredmedia":[{"embeddable":true,"href":"https:\/\/euapp01.newsmemory.com\/lamarseillaise\/news\/wp-json\/wp\/v2\/media\/36184"}],"wp:attachment":[{"href":"https:\/\/euapp01.newsmemory.com\/lamarseillaise\/news\/wp-json\/wp\/v2\/media?parent=36183"}],"wp:term":[{"taxonomy":"category","embeddable":true,"href":"https:\/\/euapp01.newsmemory.com\/lamarseillaise\/news\/wp-json\/wp\/v2\/categories?post=36183"},{"taxonomy":"post_tag","embeddable":true,"href":"https:\/\/euapp01.newsmemory.com\/lamarseillaise\/news\/wp-json\/wp\/v2\/tags?post=36183"},{"taxonomy":"news-destination","embeddable":true,"href":"https:\/\/euapp01.newsmemory.com\/lamarseillaise\/news\/wp-json\/wp\/v2\/news-destination?post=36183"},{"taxonomy":"news-source","embeddable":true,"href":"https:\/\/euapp01.newsmemory.com\/lamarseillaise\/news\/wp-json\/wp\/v2\/news-source?post=36183"},{"taxonomy":"is_homepage","embeddable":true,"href":"https:\/\/euapp01.newsmemory.com\/lamarseillaise\/news\/wp-json\/wp\/v2\/is_homepage?post=36183"},{"taxonomy":"ta_other","embeddable":true,"href":"https:\/\/euapp01.newsmemory.com\/lamarseillaise\/news\/wp-json\/wp\/v2\/ta_other?post=36183"}],"curies":[{"name":"wp","href":"https:\/\/api.w.org\/{rel}","templated":true}]}}